{"id":21187,"date":"2022-08-13T09:31:37","date_gmt":"2022-08-13T07:31:37","guid":{"rendered":"http:\/\/www.franciszek-walcz.pl\/?p=21187"},"modified":"2022-08-13T09:33:25","modified_gmt":"2022-08-13T07:33:25","slug":"za-boga-i-ojczyzne","status":"publish","type":"post","link":"http:\/\/www.franciszek-walcz.pl\/?p=21187","title":{"rendered":"Za Boga i Ojczyzn\u0119"},"content":{"rendered":"<p>Wraz z ca\u0142ym Ko\u015bcio\u0142em prze\u017cywamy najwi\u0119ksze \u015bwi\u0119to Maryi.\u00a0<em>Niepokalana Matka Boga, Maryja zawsze Dziewica, po zako\u0144czeniu ziemskiego \u017cycia z dusz\u0105 i cia\u0142em zosta\u0142a wzi\u0119ta do chwa\u0142y niebieskiej<\/em>\u00a0(Pius XII). \u015awi\u0119to Wniebowzi\u0119cia jest tak\u017ce najstarszym \u015bwi\u0119tem maryjnym, bo si\u0119ga V wieku. W tradycji polskiej, w j\u0119zyku naszych Ojc\u00f3w, jest to \u015awi\u0119to Matki Boskiej Zielnej.<\/p>\n<p>Na dzisiejsze \u015bwi\u0119to Matki Boga wierz\u0105cy chrze\u015bcijanie przynosz\u0105 bukiety kwiat\u00f3w, wie\u0144ce ze zbo\u017ca, owoce swojej pracy. W tych wie\u0144cach, w tych zielonych bukietach zamkni\u0119te s\u0105 serca mi\u0142uj\u0105ce ziemi\u0119, zbo\u017ce i przyrod\u0119. Przynoszone s\u0105 do \u015bwi\u0105ty\u0144, aby wyrazi\u0107 Bogu dzi\u0119kczynienie za chleb dla cz\u0142owieka i za pokarm dla zwierz\u0105t. Przynoszony bukiet oznacza dojrza\u0142o\u015b\u0107, pe\u0142ni\u0119 tego, co cz\u0142owiek potrafi dokona\u0107 w harmonii z przyrod\u0105. Przynoszone s\u0105 przed tron Boga, aby je pob\u0142ogos\u0142awi\u0142. Przynoszone s\u0105, aby wyrazi\u0107 dzi\u0119kczynienie za chleb, kt\u00f3ry codziennie spo\u017cywamy. Tego chleba nie ma na miejscach powodzi, na miejscach kl\u0119sk \u017cywio\u0142owych, w rejonach konflikt\u00f3w zbrojnych. I dlatego jeste\u015bmy szczeg\u00f3lnie solidarni ze wszystkimi lud\u017ami teren\u00f3w, kt\u00f3rych one dotkn\u0119\u0142y.<\/p>\n<p>Kwiaty upi\u0119kszaj\u0105 ten \u015bwiat, nasze domy, nasze o\u0142tarze. Ziarna s\u0142u\u017c\u0105 za po\u017cywienie ptakom, zwierz\u0119tom i cz\u0142owiekowi. Chleb s\u0142u\u017cy ka\u017cdemu, a gdy po\u0142o\u017cony jest na o\u0142tarzu, w r\u0119ku kap\u0142ana staje si\u0119 Cia\u0142em Chrystusa. Przynosz\u0105c dzi\u015b dary ziemi prosimy tak\u017ce, by\u015bmy stali si\u0119 jak kwiaty szczerzy i pi\u0119kni i dobrzy jak chleb.<\/p>\n<p>Od pierwszych chwil zapisanych w Pi\u015bmie \u015awi\u0119tym Maryja jest Kr\u00f3low\u0105 s\u0142u\u017cby:\u00a0<em>Oto ja s\u0142u\u017cebnica Pa\u0144ska, niech mi si\u0119 stanie wed\u0142ug s\u0142owa twego<\/em>\u00a0(\u0141k 1,38). P\u00f3jdzie wkr\u00f3tce do swej krewnej El\u017cbiety, aby s\u0142u\u017cy\u0107 jej w trudnym czasie oczekiwania na \u015bwi\u0119tego Jana Chrzciciela. S\u0142u\u017cy w Egipcie, s\u0142u\u017cy w Nazarecie, s\u0142u\u017cy go\u015bciom w Kanie Galilejskiej i prosi Syna o cud. Sw\u0105 s\u0142u\u017cb\u0119 Maryja przeci\u0105ga a\u017c do krzy\u017ca i stoi, aby otrzyma\u0107 pos\u0142annictwo s\u0142u\u017cby wobec nowych dzieci. Po zmartwychwstaniu pozostaje w Wieczerniku i s\u0142u\u017cy m\u0142odemu Ko\u015bcio\u0142owi swoj\u0105 obecno\u015bci\u0105, modlitw\u0105. Dla Niej \u017cycie i kr\u00f3lowanie jest s\u0142u\u017cb\u0105.<\/p>\n<p>A jak jest w naszym codziennym \u017cyciu?<\/p>\n<p>\u2013 Czy dzie\u0144 powszedni cz\u0142owieka nie sprowadza si\u0119 do s\u0142u\u017cby drugiemu?<\/p>\n<p>\u2013 Czy ojciec i matka nie s\u0142u\u017c\u0105 swoim dzieciom?<\/p>\n<p>\u2013 Czy m\u0105\u017c nie s\u0142u\u017cy \u017conie, a \u017cona m\u0119\u017cowi?<\/p>\n<p>\u2013 Czy politycy nie s\u0142u\u017c\u0105 obywatelom?<\/p>\n<p>\u2013 Czy cz\u0142onkowie narodu, a zw\u0142aszcza \u017co\u0142nierze, nie s\u0142u\u017c\u0105 Ojczy\u017anie?<\/p>\n<p>\u2013 Czy kap\u0142an nie s\u0142u\u017cy ludziom wierz\u0105cym, czy nie s\u0142u\u017cy Ko\u015bcio\u0142owi?<\/p>\n<p>\u017bycie cz\u0142owieka jest s\u0142u\u017ceniem, jest s\u0142u\u017cb\u0105 drugiemu, jest s\u0142u\u017cb\u0105 dobru wsp\u00f3lnemu. Kiedy rodzice przestaj\u0105 s\u0142u\u017cy\u0107 dzieciom, w\u00f3wczas rodz\u0105 si\u0119 samotnicy i sieroty. Kiedy ma\u0142\u017conkowie przestaj\u0105 sobie s\u0142u\u017cy\u0107, w\u00f3wczas umiera mi\u0142o\u015b\u0107 i rozpadaj\u0105 si\u0119 domy. Kiedy politycy przestaj\u0105 s\u0142u\u017cy\u0107 obywatelom, w\u00f3wczas zaczyna si\u0119 bieganina za w\u0142adz\u0105, pieni\u0105dzem, wtedy rodzi si\u0119 niesprawiedliwo\u015b\u0107, krzywda, nier\u00f3wno\u015b\u0107, wtedy jawi\u0105 si\u0119 ludzie o totalitarnych zap\u0119dach. Kiedy obywatele nie s\u0142u\u017c\u0105 Ojczy\u017anie, w\u00f3wczas j\u0105 zdradzaj\u0105. Kiedy cz\u0142owiek nie s\u0142u\u017cy Bogu i Ko\u015bcio\u0142owi, w\u00f3wczas staje si\u0119 niewolnikiem samego siebie lub innych spraw. Kiedy kap\u0142an czy biskup nie s\u0142u\u017cy wierz\u0105cym, w\u00f3wczas staje si\u0119 wilkiem w owczarni, w\u00f3wczas zanika wsp\u00f3lnota wiary (bp K. Ryczan).<\/p>\n<p>Dla nas Polak\u00f3w miesi\u0105c sierpie\u0144 jest przypomnieniem wielu wydarze\u0144. W tragicznym roku 1920 te\u017c zbo\u017ce podobnie jak dzisiaj w snopach jeszcze by\u0142o na polu. W\u015br\u00f3d snop\u00f3w le\u017ca\u0142o pod Radzyminem cia\u0142o ks. Ignacego Skorupki. By\u0142 w kom\u017cy, z krzy\u017cem w r\u0119ku i z niedoko\u0144czonym wo\u0142aniem:\u00a0<em>Za Boga i Ojczyzn\u0119!<\/em><\/p>\n<p>Znaczenie historyczne Bitwy warszawskiej jest wci\u0105\u017c niedoceniane zar\u00f3wno w Polsce jak r\u00f3wnie\u017c na zachodzie Europy. Ambasador brytyjski w przedwojennej Polsce \u2013 lord Edgar d\u201dAbernon nazwa\u0142 j\u0105\u00a0<em>\u201eOsiemnast\u0105 decyduj\u0105c\u0105 bitw\u0105 w dziejach \u015bwiata\u201d<\/em>. W jednym z artyku\u0142\u00f3w opublikowanych w sierpniu 1930 roku pisa\u0142:\u00a0<em>\u201eWsp\u00f3\u0142czesna historia cywilizacji zna ma\u0142o wydarze\u0144 posiadaj\u0105cych znaczenie wi\u0119ksze od bitwy pod Warszaw\u0105 w roku 1920. Nie zna za\u015b ani jednego, kt\u00f3re by by\u0142o mniej docenione\u2026 Gdyby bitwa pod Warszaw\u0105 zako\u0144czy\u0142a si\u0119 zwyci\u0119stwem bolszewik\u00f3w, nast\u0105pi\u0142by punkt zwrotny w dziejach Europy, nie ulega bowiem w\u0105tpliwo\u015bci, i\u017c upadkiem Warszawy \u015arodkowa Europa stan\u0119\u0142aby otworem dla propagandy komunistycznej i dla sowieckiej inwazji (\u2026). Zadaniem pisarzy politycznych\u2026 jest wyt\u0142umaczenie europejskiej opinii publicznej, \u017ce w roku 1920 Europ\u0119 zbawi\u0142a Polska\u201d<\/em>.<\/p>\n<p>Francuski genera\u0142 Louis A. Faury w jednym z artyku\u0142\u00f3w (1928 r.) por\u00f3wna\u0142 Bitw\u0119 warszawsk\u0105 do Bitwy pod Wiedniem:\u00a0<em>\u201ePrzed dwustu laty Polska pod murami Wiednia uratowa\u0142a \u015bwiat chrze\u015bcija\u0144ski od niebezpiecze\u0144stwa tureckiego; nad Wis\u0142\u0105 i nad Niemnem szlachetny ten nar\u00f3d odda\u0142 ponownie \u015bwiatu cywilizowanemu us\u0142ug\u0119, kt\u00f3r\u0105 nie do\u015b\u0107 oceniono\u201d<\/em>.<\/p>\n<p>Z kolei brytyjski historyk J.F.C. Fuller napisa\u0142 w ksi\u0105\u017cce \u201eBitwa pod Warszaw\u0105 1920\u201d nast\u0119puj\u0105ce s\u0142owa:\u00a0<em>\u201eOs\u0142aniaj\u0105c centraln\u0105 Europ\u0119 od zarazy marksistowskiej, Bitwa Warszawska cofn\u0119\u0142a wskaz\u00f3wki bolszewickiego zegara (\u2026), zatamowa\u0142a potencjalny wybuch niezadowolenia spo\u0142ecznego na Zachodzie, niwecz\u0105c prawie eksperyment bolszewik\u00f3w\u201d<\/em>.<\/p>\n<p>O wielkim \u201eCudzie nad Wis\u0142\u0105\u201d przez ca\u0142e lata trwa\u0142a zmowa milczenia. Dlatego Opatrzno\u015b\u0107 Bo\u017ca niejako nak\u0142ada dzisiaj obowi\u0105zek podtrzymywania pami\u0119ci tego wielkiego wydarzenia w dziejach naszego narodu i ca\u0142ej Europy, jakie mia\u0142o miejsce po wschodniej stronie Warszawy. Nasz wielki rodak \u2013 Ojciec \u015awi\u0119ty Jan Pawe\u0142 II \u2013 w ksi\u0105\u017cce \u201ePami\u0119\u0107 i to\u017csamo\u015b\u0107\u201d tak wyznaje:\u00a0<em>\u201eWiecie, \u017ce urodzi\u0142em si\u0119 w roku 1920, w maju, w tym czasie, kiedy bolszewicy szli na Warszaw\u0119. I dlatego nosz\u0119 w sobie od urodzenia wielki d\u0142ug w stosunku do tych, kt\u00f3rzy w\u00f3wczas podj\u0119li walk\u0119 z naje\u017ad\u017ac\u0105 i zwyci\u0119\u017cyli, p\u0142ac\u0105c za to swoim \u017cyciem. Wtedy w 1920 roku komunizm jawi\u0142 si\u0119 jako bardzo mocny i gro\u017any. Ju\u017c wtedy w 1920 roku zdawa\u0142o si\u0119, \u017ce komuni\u015bci podbij\u0105 Polsk\u0119 i p\u00f3jd\u0105 dalej do Europy Zachodniej, \u017ce zwojuj\u0105 \u015bwiat. W rzeczywisto\u015bci w\u00f3wczas do tego nie dosz\u0142o. , zwyci\u0119stwo marsza\u0142ka Pi\u0142sudskiego w bitwie z Armi\u0105 Czerwon\u0105, zatrzyma\u0142o te sowieckie zakusy\u201d<\/em>.<\/p>\n<p>15 sierpnia to dzie\u0144 chwa\u0142y polskiego or\u0119\u017ca. Dzie\u0144 w kt\u00f3rym odczuwamy dum\u0119, ale jednocze\u015bnie u\u015bwiadamiamy sobie ze szczeg\u00f3ln\u0105 moc\u0105, \u017ce zawdzi\u0119czaj\u0105c Ojczy\u017anie w\u0142asne \u017cycie i szcz\u0119\u015bcie, musimy by\u0107 gotowi stan\u0105\u0107 w jej obronie.<\/p>\n<p>Dzisiejsze \u015awi\u0119to, po up\u0142ywie 88 lat od Bitwy Warszawskiej, jest tak\u017ce jasnym g\u0142osem wzywaj\u0105cym wsp\u00f3\u0142czesnych architekt\u00f3w \u017cycia spo\u0142ecznego w naszej Ojczy\u017anie i w Europie do nie izolowania cz\u0142owieka od Boga, spraw ludzkich od spraw Bo\u017cych. Europa nie mo\u017ce si\u0119 wstydzi\u0107 swych chrze\u015bcija\u0144skich korzeni i swojej chrze\u015bcija\u0144skiej przesz\u0142o\u015bci.<\/p>\n<p>Nasza sytuacja geopolityczna, wojna w Gruzji \u2013 rejonie istotnym dla Polski nie tylko z powod\u00f3w dyplomatycznych, musi sk\u0142oni\u0107 do g\u0142\u0119bokiej refleksji nad naszym bezpiecze\u0144stwem. Czy nasz kraj jest gotowy na ewentualny atak? Co nam tak naprawd\u0119 daj\u0105 zawarte sojusze? Jak wygl\u0105da gotowo\u015b\u0107 bojowa naszej armii? Czy nasi politycy potrafi\u0105 m\u00f3wi\u0107 jednym wsp\u00f3lnym g\u0142osem w sprawach istotnych dla Polski? Czy s\u0105 zdolni do zaniechania k\u0142\u00f3tni i spor\u00f3w oraz podania sobie d\u0142oni i s\u0142u\u017cenia Narodowi, Ojczy\u017anie i Europie z mi\u0142o\u015bci\u0105?<\/p>\n<p><em>Dla Ciebie Polsko i dla Twej chwa\u0142y<\/em>\u00a0kumoterstwo, niefrasobliwo\u015b\u0107, brak profesjonalizmu, \u015bciemnianie, brak decyzyjno\u015bci, patrzenie na sonda\u017ce, decyzje podejmowane pod publiczk\u0119 \u2013 nie mog\u0105 mie\u0107 miejsca.<\/p>\n<p><em>Dla Ciebie Polsko i dla Twej chwa\u0142y<\/em>\u00a0prawdziwy Polak musi podejmowa\u0107 cz\u0119sto niepopularne decyzje. Ka\u017cdemu Polakowi musi chodzi\u0107 o dobro Polski.<\/p>\n<p>Nasza Ojczyzna ci\u0105gle potrzebuje mi\u0142o\u015bci. Potrzebuje pomocy. Potrzebuje jedno\u015bci i zgody. Polska potrzebuje po\u015bwi\u0119cenia w budowaniu dobra wsp\u00f3lnego. Musimy wszyscy zgodnie jak nawo\u0142ywa\u0142 Ojciec \u015awi\u0119ty Jan Pawe\u0142 II, urzeczywistnia\u0107 cywilizacj\u0119 mi\u0142o\u015bci. Musimy wciela\u0107 w \u017cycie prymat\u00a0<em>\u201eby\u0107\u201d<\/em>\u00a0nad\u00a0<em>\u201emie\u0107\u201d<\/em>\u00a0\u2013 warto\u015bci cz\u0142owieka nad rzecz\u0105, etyki nad technik\u0105 i pierwsze\u0144stwa mi\u0142osierdzia nad sprawiedliwo\u015bci\u0105. Tylko taka postawa mo\u017ce sprawi\u0107, \u017ce przysz\u0142o\u015b\u0107 naszej Ojczyzny i naszego narodu nie b\u0119dzie zagro\u017cona.<\/p>\n<p>Pami\u0119tajmy, \u017ce sprawa Polski nie ko\u0144czy si\u0119 na zdobyciu wolno\u015bci. Powinni\u015bmy my\u015ble\u0107 o wychowaniu m\u0142odego pokolenia i o tym jaka b\u0119dzie Polska i jakich syn\u00f3w i c\u00f3rki wychowaj\u0105 nasze rodziny. Miejmy odwag\u0119 powiedzie\u0107, \u017ce nie wszyscy, kt\u00f3rzy Polsk\u0119 maj\u0105 na ustach, dobrze jej s\u0142u\u017c\u0105. Wolno\u015b\u0107 nie polega na wt\u00f3rowaniu bezmy\u015blnej cz\u0119sto wi\u0119kszo\u015bci, natomiast wymaga, gdy zajdzie potrzeba, tak\u017ce sprzeciwu, dania \u015bwiadectwa, bez wzgl\u0119du na cen\u0119. O takich bohaterach pisa\u0142 Juliusz S\u0142owacki, podkre\u015blaj\u0105c, \u017ce:\u00a0<em>\u201eZiarnem Polski by\u0107 jeden prosty cz\u0142owiek mo\u017ce, \/ Jak w ziarnku \u017cycia \u2013 \u017cyje ca\u0142e przysz\u0142e zbo\u017ce\u201d<\/em>.<\/p>\n<p>Kiedy\u015b Marsza\u0142ek Pi\u0142sudski powiedzia\u0142:\u00a0<em>\u201eCho\u0107 nieraz m\u00f3wi\u0119 o , wymy\u015blam na Polsk\u0119 i Polak\u00f3w, to przecie\u017c tylko Polsce s\u0142u\u017c\u0119\u201d<\/em>.<\/p>\n<p>W Instytucie J\u00f3zefa Pi\u0142sudskiego w Londynie w Aktach Adiutantury Generalnej 1918-1920 znajdujemy nast\u0119puj\u0105cy \u201eAkt oddania Polski Sercu Naj\u015bwi\u0119tszej Panny Maryi\u201d:<\/p>\n<p><em>Jako Naczelnik Rzeczypospolitej Polskiej, Najwy\u017cszy W\u00f3dz Wojska Polskiego, imieniem w\u0142asnym i ca\u0142ego Narodu, sk\u0142adam Tobie, Naj\u015bwi\u0119tsza Panno Maryjo, a przez Ciebie Bogu w Tr\u00f3jcy \u015awi\u0119tej Jedynemu najgor\u0119tsze dzi\u0119ki za wszystkie \u0142aski wy\u015bwiadczone Narodowi Polskiemu w ci\u0105gu dziewi\u0119ciu wiek\u00f3w, za wyd\u017awigni\u0119cie go z ci\u0119\u017ckiej niewoli i za zwyci\u0119stwo or\u0119\u017ca polskiego w ostatnich walkach.<\/em><\/p>\n<p>Wdzi\u0119czni za Twoj\u0105 opiek\u0119, b\u0142agamy Ci\u0119 o ni\u0105 nadal, my, dzieci Twoje i poddani Twoi, b\u0105d\u017a\u017ce nam jak dot\u0105d dobr\u0105 Matk\u0105 i \u0142askaw\u0105 Kr\u00f3low\u0105, oddal od nas grzechy i kl\u0119ski, a przywr\u00f3\u0107 nam po\u017c\u0105dany pok\u00f3j.<\/p>\n<p>My wzajem przyrzekamy, \u017ce wed\u0142ug si\u0142 naszych stara\u0107 si\u0119 b\u0119dziemy, by Nar\u00f3d nasz i Tw\u00f3j spe\u0142ni\u0142 sumiennie pos\u0142annictwo dane mu od Boga \u2013 by te\u017c za Jego przyczyn\u0105 kwit\u0142y dobre obyczaje, ofiarna mi\u0142o\u015b\u0107 Ojczyzny, prawdziwa o\u015bwiata i wolno\u015b\u0107 poszanowania prawa i w\u0142adzy, sprawiedliwo\u015b\u0107 dla wszystkich, troskliwo\u015b\u0107 o popraw\u0119 doli Narodu. Do tego niech nam dopomo\u017ce B\u00f3g, Ty za\u015b Naj\u015bwi\u0119tsza Kr\u00f3lowo, wstaw si\u0119 za nami i wypro\u015b nam b\u0142ogos\u0142awie\u0144stwo Niebios.<\/p>\n<p>Amen.<\/p>\n<p>+ Tadeusz P\u0142oski<\/p>\n<p>Biskup Polowy Wojska Polskiego<\/p>\n","protected":false},"excerpt":{"rendered":"<p>Wraz z ca\u0142ym Ko\u015bcio\u0142em prze\u017cywamy najwi\u0119ksze \u015bwi\u0119to Maryi.\u00a0Niepokalana Matka Boga, Maryja zawsze Dziewica, po zako\u0144czeniu ziemskiego \u017cycia z dusz\u0105 i cia\u0142em zosta\u0142a wzi\u0119ta do chwa\u0142y niebieskiej\u00a0(Pius XII). \u015awi\u0119to Wniebowzi\u0119cia jest tak\u017ce najstarszym \u015bwi\u0119tem maryjnym, bo si\u0119ga V wieku. W tradycji polskiej, w j\u0119zyku naszych Ojc\u00f3w, jest to \u015awi\u0119to Matki Boskiej Zielnej. Na dzisiejsze \u015bwi\u0119to Matki Boga wierz\u0105cy chrze\u015bcijanie przynosz\u0105 bukiety kwiat\u00f3w, wie\u0144ce ze zbo\u017ca, owoce swojej pracy. W tych wie\u0144cach, w tych zielonych bukietach zamkni\u0119te s\u0105 serca mi\u0142uj\u0105ce ziemi\u0119, zbo\u017ce i przyrod\u0119. Przynoszone s\u0105 do \u015bwi\u0105ty\u0144, aby wyrazi\u0107 Bogu dzi\u0119kczynienie za chleb dla cz\u0142owieka i za pokarm dla zwierz\u0105t. Przynoszony bukiet oznacza dojrza\u0142o\u015b\u0107, pe\u0142ni\u0119 tego, co cz\u0142owiek potrafi dokona\u0107 w harmonii z przyrod\u0105. Przynoszone s\u0105 przed tron Boga, aby je pob\u0142ogos\u0142awi\u0142. Przynoszone s\u0105, aby wyrazi\u0107 dzi\u0119kczynienie za chleb, kt\u00f3ry codziennie spo\u017cywamy. Tego chleba nie ma na miejscach powodzi, na miejscach kl\u0119sk \u017cywio\u0142owych, w rejonach konflikt\u00f3w zbrojnych. I dlatego jeste\u015bmy szczeg\u00f3lnie&hellip;<\/p>\n<p> <a class=\"more-link\" href=\"http:\/\/www.franciszek-walcz.pl\/?p=21187\">Czytaj dalej<\/a><\/p>\n","protected":false},"author":1,"featured_media":0,"comment_status":"closed","ping_status":"closed","sticky":false,"template":"","format":"standard","meta":{"footnotes":""},"categories":[5],"tags":[],"class_list":{"0":"post-21187","1":"post","2":"type-post","3":"status-publish","4":"format-standard","6":"category-artykuly"},"brizy_media":[],"_links":{"self":[{"href":"http:\/\/www.franciszek-walcz.pl\/index.php?rest_route=\/wp\/v2\/posts\/21187","targetHints":{"allow":["GET"]}}],"collection":[{"href":"http:\/\/www.franciszek-walcz.pl\/index.php?rest_route=\/wp\/v2\/posts"}],"about":[{"href":"http:\/\/www.franciszek-walcz.pl\/index.php?rest_route=\/wp\/v2\/types\/post"}],"author":[{"embeddable":true,"href":"http:\/\/www.franciszek-walcz.pl\/index.php?rest_route=\/wp\/v2\/users\/1"}],"replies":[{"embeddable":true,"href":"http:\/\/www.franciszek-walcz.pl\/index.php?rest_route=%2Fwp%2Fv2%2Fcomments&post=21187"}],"version-history":[{"count":2,"href":"http:\/\/www.franciszek-walcz.pl\/index.php?rest_route=\/wp\/v2\/posts\/21187\/revisions"}],"predecessor-version":[{"id":21189,"href":"http:\/\/www.franciszek-walcz.pl\/index.php?rest_route=\/wp\/v2\/posts\/21187\/revisions\/21189"}],"wp:attachment":[{"href":"http:\/\/www.franciszek-walcz.pl\/index.php?rest_route=%2Fwp%2Fv2%2Fmedia&parent=21187"}],"wp:term":[{"taxonomy":"category","embeddable":true,"href":"http:\/\/www.franciszek-walcz.pl\/index.php?rest_route=%2Fwp%2Fv2%2Fcategories&post=21187"},{"taxonomy":"post_tag","embeddable":true,"href":"http:\/\/www.franciszek-walcz.pl\/index.php?rest_route=%2Fwp%2Fv2%2Ftags&post=21187"}],"curies":[{"name":"wp","href":"https:\/\/api.w.org\/{rel}","templated":true}]}}