{"id":21213,"date":"2022-08-13T09:46:50","date_gmt":"2022-08-13T07:46:50","guid":{"rendered":"http:\/\/www.franciszek-walcz.pl\/?p=21213"},"modified":"2022-08-13T09:47:58","modified_gmt":"2022-08-13T07:47:58","slug":"poswiecenie-kwiatow-ziol-i-owocow-na-matke-boza-zielna-15-sierpnia","status":"publish","type":"post","link":"http:\/\/www.franciszek-walcz.pl\/?p=21213","title":{"rendered":"Po\u015bwi\u0119cenie kwiat\u00f3w, zi\u00f3\u0142 i owoc\u00f3w na Matk\u0119 Bo\u017c\u0105 Zieln\u0105 \u2013 15 sierpnia"},"content":{"rendered":"<p><strong>Sk\u0105d zwyczaj po\u015bwi\u0119cenia kwiatowych i zielnych bukiet\u00f3w w\u00a0\u015bwi\u0119to Wniebowzi\u0119cia?<\/strong><\/p>\n<p>Jak wierzymy, Matka Bo\u017ca nie umar\u0142a, lecz zasn\u0119\u0142a g\u0142\u0119bokim snem, a\u00a0anio\u0142owie zanie\u015bli Jej dusz\u0119 wraz z\u00a0cia\u0142em do\u00a0nieba, gdzie ja\u015bnieje jako Kr\u00f3lowa zasiadaj\u0105c\u00a0po prawicy Jezusa Chrystusa. Wed\u0142ug jednej z\u00a0zachowanych w\u00a0przekazach ustnych opowie\u015bci, w\u00a0dniu za\u015bni\u0119cia zjechali si\u0119 z\u00a0r\u00f3\u017cnych stron \u015bwiata aposto\u0142owie, by\u00a0u\u00a0podn\u00f3\u017ca G\u00f3ry Oliwnej pochowa\u0107 cia\u0142o Matki Bo\u017cej. Nie by\u0142o jednak w\u015br\u00f3d nich Tomasza, kt\u00f3rego omin\u0119\u0142o ju\u017c wcze\u015bniej pierwsze spotkanie z\u00a0Jezusem Zmartwychwsta\u0142ym w\u00a0Wieczerniku. Gdy\u00a0wreszcie przyby\u0142, poprosi\u0142 o\u00a0otwarcie grobu. Gdy\u00a0wszed\u0142 do\u00a0wewn\u0105trz nie znalaz\u0142 tam cia\u0142a Maryi. Na\u00a0miejscu gdzie zosta\u0142o z\u0142o\u017cone, le\u017ca\u0142y tylko wianki i\u00a0pachn\u0105ce lilie. St\u0105d zwyczaj \u015bwi\u0119cenia w\u00a0tym dniu pachn\u0105cych kwiat\u00f3w i\u00a0zi\u00f3\u0142.<\/p>\n<p>Po\u015bwi\u0119cenie bukiet\u00f3w zielnych przypada w czasie p\u00f3\u017anego lata, gdy ko\u0144cz\u0105 si\u0119 \u017cniwa i w sadach dojrzewaj\u0105 owoce. Po\u015bwi\u0119cone kwiaty, zio\u0142a i owoce maj\u0105 zapewni\u0107 dostatek na przysz\u0142y rok. Dlatego po\u015bwi\u0119cone p\u0142ody rolne dawano do zjedzenia zwierz\u0119tom aby dobrze si\u0119 chowa\u0142y. Ziele zapewnia dobrobyt nie tylko w gospodarstwie, ale te\u017c chroni przed gradobiciem, powodzi\u0105 i szkodnikami. W tradycji ludowej po\u015bwi\u0119cone wianki stawia si\u0119 przy oknach i gromnicach, wierz\u0105c, \u017ce w ten spos\u00f3b Maryja Panna uchroni dom od gradu i piorun\u00f3w w czasie burzy. Przy chorobach w\u0142a\u015bnie z po\u015bwi\u0119conych 15 sierpnia zi\u00f3\u0142 przygotowywano dawniej leki (napary, a sproszkowane podawano do posi\u0142k\u00f3w).<\/p>\n<p><strong><br \/>\nOBRZ\u0118D B\u0141OGOS\u0141AWIE\u0143STWA ZI\u00d3\u0141 I KWIAT\u00d3W W UROCZYSTO\u015a\u0106 WNIEBOWZI\u0118CIA NAJ\u015aWI\u0118TSZEJ MARYI PANNY 15 SIERPNIA<\/strong><\/p>\n<p><strong>B\u0142ogos\u0142awie\u0144stwo zi\u00f3\u0142 i kwiat\u00f3w odbywa si\u0119 po modlitwie po Komunii \u015bwi\u0119tej.<br \/>\n<\/strong>W Niepokalanej i Wniebowzi\u0119tej Matce naszego Pana, Jezusa Chrystusa, Ko\u015bci\u00f3\u0142 podziwia i wys\u0142awia wspania\u0142y owoc Odkupienia i jakby w przeczystym obrazie z rado\u015bci\u0105 ogl\u0105da to, czym ca\u0142y pragnie i spodziewa si\u0119 by\u0107.<br \/>\nBukiety kwiat\u00f3w, ro\u015blin zielonych i zi\u00f3\u0142 leczniczych, kt\u00f3re przynosimy dzisiaj do ko\u015bcio\u0142a, oznaczaj\u0105 duchow\u0105 dojrza\u0142o\u015b\u0107 Maryi i bogactwo \u0142ask, jakimi B\u00f3g od wiek\u00f3w obdarzy\u0142 Matk\u0119 swojego Syna i nasz\u0105. Za przyczyn\u0105 Kr\u00f3lowej nieba i ziemi pro\u015bmy Boga, aby te zio\u0142a, kwiaty i owoce, przez Niego b\u0142ogos\u0142awione, s\u0142u\u017cy\u0142y dobru ludzi i zwierz\u0105t.<\/p>\n<p><strong>MODLITWA B\u0141OGOS\u0141AWIE\u0143STWA<\/strong><strong><br \/>\nPanie, nasz Bo\u017ce, Ty sprawiasz, \u017ce na ziemi rosn\u0105 trawy, zio\u0142a i zbo\u017ca na po\u017cywienie i lekarstwo dla ludzi i zwierz\u0105t. Od Ciebie pochodzi obfito\u015b\u0107 wody i promieni s\u0142o\u0144ca, aby wszystko, co si\u0119 zieleni i rozkwita, owocowa\u0142o, gdy nadejdzie czas zbior\u00f3w.<\/strong><br \/>\n<strong>Prosimy Ci\u0119, pob\u0142ogos\u0142aw \u2020 przyniesione do Ciebie pierwociny zieleni tego roku, m\u0142ode p\u0119dy zb\u00f3\u017c, trawy, zio\u0142a i kwiaty. Zachowaj je od suszy, gradu, powodzi i wszelkiej szkody, aby wzrasta\u0142y, radowa\u0142y oczy, przynosi\u0142y jak najobfitszy plon i mog\u0142y s\u0142u\u017cy\u0107 zdrowiu ludzi i zwierz\u0105t.<\/strong><br \/>\n<strong>A gdy b\u0119dziemy schodzi\u0107 z tego \u015bwiata, niech nas, nios\u0105cych pe\u0142ne nar\u0119cza dobrych czyn\u00f3w, przedstawi Tobie Naj\u015bwi\u0119tsza Dziewica Wniebowzi\u0119ta, najdoskonalszy owoc tej ziemi, aby\u015bmy zas\u0142u\u017cyli na przyj\u0119cie do Twojego domu. Przez Chrystusa, Pana naszego.<\/strong>\u00a0<strong>Amen.<\/strong><\/p>\n","protected":false},"excerpt":{"rendered":"<p>Sk\u0105d zwyczaj po\u015bwi\u0119cenia kwiatowych i zielnych bukiet\u00f3w w\u00a0\u015bwi\u0119to Wniebowzi\u0119cia? Jak wierzymy, Matka Bo\u017ca nie umar\u0142a, lecz zasn\u0119\u0142a g\u0142\u0119bokim snem, a\u00a0anio\u0142owie zanie\u015bli Jej dusz\u0119 wraz z\u00a0cia\u0142em do\u00a0nieba, gdzie ja\u015bnieje jako Kr\u00f3lowa zasiadaj\u0105c\u00a0po prawicy Jezusa Chrystusa. Wed\u0142ug jednej z\u00a0zachowanych w\u00a0przekazach ustnych opowie\u015bci, w\u00a0dniu za\u015bni\u0119cia zjechali si\u0119 z\u00a0r\u00f3\u017cnych stron \u015bwiata aposto\u0142owie, by\u00a0u\u00a0podn\u00f3\u017ca G\u00f3ry Oliwnej pochowa\u0107 cia\u0142o Matki Bo\u017cej. Nie by\u0142o jednak w\u015br\u00f3d nich Tomasza, kt\u00f3rego omin\u0119\u0142o ju\u017c wcze\u015bniej pierwsze spotkanie z\u00a0Jezusem Zmartwychwsta\u0142ym w\u00a0Wieczerniku. Gdy\u00a0wreszcie przyby\u0142, poprosi\u0142 o\u00a0otwarcie grobu. Gdy\u00a0wszed\u0142 do\u00a0wewn\u0105trz nie znalaz\u0142 tam cia\u0142a Maryi. Na\u00a0miejscu gdzie zosta\u0142o z\u0142o\u017cone, le\u017ca\u0142y tylko wianki i\u00a0pachn\u0105ce lilie. St\u0105d zwyczaj \u015bwi\u0119cenia w\u00a0tym dniu pachn\u0105cych kwiat\u00f3w i\u00a0zi\u00f3\u0142. Po\u015bwi\u0119cenie bukiet\u00f3w zielnych przypada w czasie p\u00f3\u017anego lata, gdy ko\u0144cz\u0105 si\u0119 \u017cniwa i w sadach dojrzewaj\u0105 owoce. Po\u015bwi\u0119cone kwiaty, zio\u0142a i owoce maj\u0105 zapewni\u0107 dostatek na przysz\u0142y rok. Dlatego po\u015bwi\u0119cone p\u0142ody rolne dawano do zjedzenia zwierz\u0119tom aby dobrze si\u0119 chowa\u0142y. Ziele zapewnia dobrobyt nie tylko w gospodarstwie, ale te\u017c chroni przed&hellip;<\/p>\n<p> <a class=\"more-link\" href=\"http:\/\/www.franciszek-walcz.pl\/?p=21213\">Czytaj dalej<\/a><\/p>\n","protected":false},"author":1,"featured_media":0,"comment_status":"closed","ping_status":"closed","sticky":false,"template":"","format":"standard","meta":{"footnotes":""},"categories":[5],"tags":[],"class_list":{"0":"post-21213","1":"post","2":"type-post","3":"status-publish","4":"format-standard","6":"category-artykuly"},"brizy_media":[],"_links":{"self":[{"href":"http:\/\/www.franciszek-walcz.pl\/index.php?rest_route=\/wp\/v2\/posts\/21213","targetHints":{"allow":["GET"]}}],"collection":[{"href":"http:\/\/www.franciszek-walcz.pl\/index.php?rest_route=\/wp\/v2\/posts"}],"about":[{"href":"http:\/\/www.franciszek-walcz.pl\/index.php?rest_route=\/wp\/v2\/types\/post"}],"author":[{"embeddable":true,"href":"http:\/\/www.franciszek-walcz.pl\/index.php?rest_route=\/wp\/v2\/users\/1"}],"replies":[{"embeddable":true,"href":"http:\/\/www.franciszek-walcz.pl\/index.php?rest_route=%2Fwp%2Fv2%2Fcomments&post=21213"}],"version-history":[{"count":1,"href":"http:\/\/www.franciszek-walcz.pl\/index.php?rest_route=\/wp\/v2\/posts\/21213\/revisions"}],"predecessor-version":[{"id":21214,"href":"http:\/\/www.franciszek-walcz.pl\/index.php?rest_route=\/wp\/v2\/posts\/21213\/revisions\/21214"}],"wp:attachment":[{"href":"http:\/\/www.franciszek-walcz.pl\/index.php?rest_route=%2Fwp%2Fv2%2Fmedia&parent=21213"}],"wp:term":[{"taxonomy":"category","embeddable":true,"href":"http:\/\/www.franciszek-walcz.pl\/index.php?rest_route=%2Fwp%2Fv2%2Fcategories&post=21213"},{"taxonomy":"post_tag","embeddable":true,"href":"http:\/\/www.franciszek-walcz.pl\/index.php?rest_route=%2Fwp%2Fv2%2Ftags&post=21213"}],"curies":[{"name":"wp","href":"https:\/\/api.w.org\/{rel}","templated":true}]}}