{"id":21362,"date":"2022-09-03T16:49:36","date_gmt":"2022-09-03T14:49:36","guid":{"rendered":"http:\/\/www.franciszek-walcz.pl\/?p=21362"},"modified":"2022-09-03T16:50:56","modified_gmt":"2022-09-03T14:50:56","slug":"przez-cierpienie-ku-madrosci","status":"publish","type":"post","link":"http:\/\/www.franciszek-walcz.pl\/?p=21362","title":{"rendered":"PRZEZ CIERPIENIE KU M\u0104DRO\u015aCI"},"content":{"rendered":"<p><em>Kt\u00f3\u017c z ludzi rozezna zamys\u0142 Bo\u017cy albo kt\u00f3\u017c pojmie wol\u0119 Pana? Nie\u015bmia\u0142e s\u0105 my\u015bli \u015bmiertelnik\u00f3w i przewidywania nasze zawodne, bo \u015bmiertelne cia\u0142o przygniata dusz\u0119 i ziemski przybytek obci\u0105\u017ca lotny umys\u0142. Mozolnie odkrywamy rzeczy tej ziemi, z trudem znajdujemy, co mamy pod r\u0119k\u0105, a kt\u00f3\u017c wy\u015bledzi to, co jest na niebie? Kt\u00f3\u017c pozna\u0142 Tw\u00f3j zamys\u0142, gdyby\u015b nie da\u0142 M\u0105dro\u015bci, nie zes\u0142a\u0142 z wysoka \u015awi\u0119tego Ducha swego? I tak \u015bcie\u017cki mieszka\u0144c\u00f3w ziemi sta\u0142y si\u0119 proste, a ludzie poznali, co Tobie przyjemne, a wybawi\u0142a ich M\u0105dro\u015b\u0107 (Mdr 9,13-18b).<\/em><\/p>\n<p><strong>Stawiamy sobie w \u017cyciu r\u00f3\u017cne cele. Realizacja ich daje poczucie spe\u0142nienia i rado\u015bci. Albert Einstein powiedzia\u0142: \u201eKto chce znale\u017a\u0107 w \u017cyciu szcz\u0119\u015bcie, powinien zwi\u0105za\u0107 si\u0119 z jakim\u015b celem, a nie z lud\u017ami czy rzeczami\u201d. Ludzie w naszym \u017cyciu s\u0105 wa\u017cni, ale mog\u0105 zawie\u015b\u0107 i wtedy stajemy na rozdro\u017cu bez celu, z pustk\u0105 w sercu. Rzeczy te\u017c s\u0105 wa\u017cne, ale nie s\u0105 w stanie spe\u0142ni\u0107 naszych ostatecznych oczekiwa\u0144. Tomasz Merton pisze, \u017ce rzeczy materialne mog\u0105 cz\u0142owieka zmyli\u0107, oszuka\u0107 w odnajdywaniu najwa\u017cniejszego celu \u017cycia: \u201eKiedy dusza popada w n\u0119dz\u0119, cz\u0142owiek wewn\u0119trznie pusty zaczyna rekompensowa\u0107 sobie barykadowaniem si\u0119 w stosach materialnych wytwor\u00f3w. Pozbawiwszy dusz\u0119 roli busoli, zdezorientowany zajmuje si\u0119 bezkierunkowym zbieractwem. Idzie bezmy\u015blnie za duchem \u015bwiata\u201d. Nie pomijaj\u0105c ludzi i rzeczy, ostateczny cel odnajdujemy poza nimi. Tu warto pos\u0142ucha\u0107 poety Leopolda Staffa: \u201eCelem \u017cycia cz\u0142owieka jest w\u0119dr\u00f3wka do Boga\u201d.<\/strong><\/p>\n<p>M\u0119drzec biblijny, zacytowany na wst\u0119pie m\u00f3wi o trudno\u015bci odnajdywania celu \u017cycia. Nieraz trudno jest odnale\u017a\u0107 zamys\u0142 bo\u017cy w tym skomplikowanym, zap\u0119dzonym \u015bwiecie. Trudno odnale\u017a\u0107 sens zdarze\u0144, szczeg\u00f3lnie tych, kt\u00f3re bole\u015bnie nas dotykaj\u0105. Nasze przewidywania, jak m\u00f3wi m\u0119drzec s\u0105 zawodne. Wy\u015bpiewujemy to w jednej z pie\u015bni: \u201eNasze plany i nadzieje co\u015b niweczy raz po raz. Tylko Bo\u017ce mi\u0142osierdzie nie zawodzi nigdy nas\u201d.<\/p>\n<p>Ile\u017c to razy \u017c\u0105dze naszego cia\u0142a za\u015blepiaj\u0105 nasz umys\u0142 i wybieramy dora\u017ane przyjemno\u015bci i korzy\u015bci. \u201eZiemski przybytek obci\u0105\u017ca lotny umys\u0142\u201d \u2013 pisze m\u0119drzec. Odnosi si\u0119 to nie tylko do naszego cia\u0142a, ale wszystkiego, co w \u017cyciu zach\u0142annie gromadzimy. Ta zach\u0142anno\u015b\u0107 przyt\u0142umi\u0107 nie tylko lotno\u015b\u0107 naszego umys\u0142u, ale i dusz\u0119 st\u0142amsi\u0107.<\/p>\n<p>Biblijny m\u0119drzec poucza nas, \u017ce w tym szukaniu nie jeste\u015bmy zdani tylko na samych siebie. B\u00f3g zsy\u0142a M\u0105dro\u015b\u0107 i udziela \u015awi\u0119tego Ducha. Nar\u00f3d wybrany bardzo ceni\u0142 sobie Bo\u017c\u0105 M\u0105dro\u015b\u0107. \u015awiadcz\u0105 o tym biblijne ksi\u0119gi m\u0105dro\u015bciowe.<\/p>\n<p>\u017bydowski filozof Filon nazwa\u0142 m\u0105dro\u015b\u0107 \u201cc\u00f3rk\u0105 Boga\u201d. Izraelita uczy\u0142 si\u0119 od dziecka, \u017ce m\u0105dro\u015b\u0107 to skarb, kt\u00f3ry trzeba przedk\u0142ada\u0107 nad wszystkie inne dobra tego \u015bwiata. Prawdziwa m\u0105dro\u015b\u0107 pochodzi przecie\u017c od Boga. M\u0105dro\u015b\u0107 Bo\u017ca zaprasza cz\u0142owieka do siebie, szukaj\u0105cemu daje si\u0119 pozna\u0107 i wskazuje kierunek, chce w cz\u0142owieku zamieszka\u0107 i obdarza\u0107 go wielkimi dobrami. Ta m\u0105dro\u015b\u0107 w Chrystusie przybra\u0142a konkretny kszta\u0142t.<\/p>\n<p>A zatem, spotkanie i przyj\u0119cie Chrystusa jest odnalezieniem najg\u0142\u0119bszego celu swego \u017cycia. A cz\u0119sto jest to zwi\u0105zane z ca\u0142kowit\u0105 zmian\u0105 \u017cycia, jak to by\u0142o w przypadku Tomasza Budzy\u0144skiego, wokalisty ego, malarza i poety. Na \u0142amach magazynu \u201eMi\u0142ujcie si\u0119\u201d m\u00f3wi o swoim odnalezieniu Chrystusa, kt\u00f3ry sta\u0142 si\u0119 dla niego m\u0105dro\u015bci\u0105 i rado\u015bci\u0105 \u017cycia. Oto kr\u00f3tkie fragmenty tego \u015bwiadectwa: \u201eMoi rodzice ochrzcili mnie i zaprowadzili do pierwszej Komunii \u015bw., p\u00f3\u017aniej do bierzmowania. Kiedy by\u0142em nastolatkiem, przyszed\u0142 taki moment, \u017ce zbuntowa\u0142em si\u0119 i wszystko to odrzuci\u0142em. W szkole \u015bredniej przesta\u0142em chodzi\u0107 do ko\u015bcio\u0142a i na religi\u0119. Wydawa\u0142o mi si\u0119, \u017ce jest to mi niepotrzebne, bo w \u017cyciu sam sobie poradz\u0119. Najwa\u017cniejsza by\u0142a dla mnie sztuka i muzyka. Pan B\u00f3g m\u00f3g\u0142 by\u0107 najwy\u017cej tematem obraz\u00f3w, piosenek czy wierszy, ale nie by\u0142 to Kto\u015b, kto jest w moim \u017cyciu najwa\u017cniejszy\u201d. Punktem zwrotnym by\u0142 zaw\u00f3d mi\u0142osny: \u201ePrze\u017cy\u0142em taki zaw\u00f3d mi\u0142osny, \u017ce prawie zwariowa\u0142em z rozpaczy. Zachorowa\u0142em na ci\u0119\u017ck\u0105 nerwic\u0119. Prze\u017cywa\u0142em takie chwile, jakby si\u0119 zawali\u0142 ca\u0142y \u015bwiat. Teraz wiem, \u017ce B\u00f3g w \u017cyciu cz\u0142owieka powinien by\u0107 na pierwszym miejscu, powinien by\u0107 podstaw\u0105 \u017cycia, a wi\u0119c tym, od kt\u00f3rego wszystko zale\u017cy. A ja po\u0142o\u017cy\u0142em moj\u0105 mi\u0142o\u015b\u0107 i nadziej\u0119 w m\u0142odej dziewczynie i wydawa\u0142o mi si\u0119, \u017ce to od niej zale\u017cy ca\u0142e moje \u017cycie. Kto\u015b inny m\u00f3g\u0142by powiedzie\u0107, \u017ce wszystkie swoje nadzieje po\u0142o\u017cy\u0142 w koncie bankowym, w swoim m\u0119\u017cu, w swojej partii politycznej, albo w Ojczy\u017anie, ale nie w Panu Bogu\u201d.<\/p>\n<p>\u201eJe\u015bli kto przychodzi do Mnie, a nie ma w nienawi\u015bci swego ojca i matki, \u017cony i dzieci, braci i si\u00f3str, nadto i siebie samego, nie mo\u017ce by\u0107 moim uczniem\u201d.\u00a0 Nie chodzi tu o nienawi\u015b\u0107, kt\u00f3ra jest przeciwie\u0144stwem mi\u0142o\u015bci. To jest semicki spos\u00f3b wyra\u017cania pewnych tre\u015bci. Gdy na przyk\u0142ad Pismo \u015bwi\u0119te m\u00f3wi, \u017ce Pan B\u00f3g kocha\u0142 Jakuba, a Ezawa \u201emia\u0142 w nienawi\u015bci\u201d, to stwierdza, \u017ce jednego ukocha\u0142 bardziej ni\u017c drugiego, bo z nim wi\u0105za\u0142 swoje konkretne plany. A zatem, gdy Chrystusa postawimy na pierwszym miejscu, wtedy wszystko m\u0105drze pouk\u0142adamy w naszym \u017cyciu, kt\u00f3re si\u0119ga wieczno\u015bci.<\/p>\n","protected":false},"excerpt":{"rendered":"<p>Kt\u00f3\u017c z ludzi rozezna zamys\u0142 Bo\u017cy albo kt\u00f3\u017c pojmie wol\u0119 Pana? Nie\u015bmia\u0142e s\u0105 my\u015bli \u015bmiertelnik\u00f3w i przewidywania nasze zawodne, bo \u015bmiertelne cia\u0142o przygniata dusz\u0119 i ziemski przybytek obci\u0105\u017ca lotny umys\u0142. Mozolnie odkrywamy rzeczy tej ziemi, z trudem znajdujemy, co mamy pod r\u0119k\u0105, a kt\u00f3\u017c wy\u015bledzi to, co jest na niebie? Kt\u00f3\u017c pozna\u0142 Tw\u00f3j zamys\u0142, gdyby\u015b nie da\u0142 M\u0105dro\u015bci, nie zes\u0142a\u0142 z wysoka \u015awi\u0119tego Ducha swego? I tak \u015bcie\u017cki mieszka\u0144c\u00f3w ziemi sta\u0142y si\u0119 proste, a ludzie poznali, co Tobie przyjemne, a wybawi\u0142a ich M\u0105dro\u015b\u0107 (Mdr 9,13-18b). Stawiamy sobie w \u017cyciu r\u00f3\u017cne cele. Realizacja ich daje poczucie spe\u0142nienia i rado\u015bci. Albert Einstein powiedzia\u0142: \u201eKto chce znale\u017a\u0107 w \u017cyciu szcz\u0119\u015bcie, powinien zwi\u0105za\u0107 si\u0119 z jakim\u015b celem, a nie z lud\u017ami czy rzeczami\u201d. Ludzie w naszym \u017cyciu s\u0105 wa\u017cni, ale mog\u0105 zawie\u015b\u0107 i wtedy stajemy na rozdro\u017cu bez celu, z pustk\u0105 w sercu. Rzeczy te\u017c s\u0105 wa\u017cne, ale nie s\u0105 w stanie spe\u0142ni\u0107 naszych&hellip;<\/p>\n<p> <a class=\"more-link\" href=\"http:\/\/www.franciszek-walcz.pl\/?p=21362\">Czytaj dalej<\/a><\/p>\n","protected":false},"author":1,"featured_media":0,"comment_status":"closed","ping_status":"closed","sticky":false,"template":"","format":"standard","meta":{"footnotes":""},"categories":[5],"tags":[],"class_list":{"0":"post-21362","1":"post","2":"type-post","3":"status-publish","4":"format-standard","6":"category-artykuly"},"brizy_media":[],"_links":{"self":[{"href":"http:\/\/www.franciszek-walcz.pl\/index.php?rest_route=\/wp\/v2\/posts\/21362","targetHints":{"allow":["GET"]}}],"collection":[{"href":"http:\/\/www.franciszek-walcz.pl\/index.php?rest_route=\/wp\/v2\/posts"}],"about":[{"href":"http:\/\/www.franciszek-walcz.pl\/index.php?rest_route=\/wp\/v2\/types\/post"}],"author":[{"embeddable":true,"href":"http:\/\/www.franciszek-walcz.pl\/index.php?rest_route=\/wp\/v2\/users\/1"}],"replies":[{"embeddable":true,"href":"http:\/\/www.franciszek-walcz.pl\/index.php?rest_route=%2Fwp%2Fv2%2Fcomments&post=21362"}],"version-history":[{"count":1,"href":"http:\/\/www.franciszek-walcz.pl\/index.php?rest_route=\/wp\/v2\/posts\/21362\/revisions"}],"predecessor-version":[{"id":21363,"href":"http:\/\/www.franciszek-walcz.pl\/index.php?rest_route=\/wp\/v2\/posts\/21362\/revisions\/21363"}],"wp:attachment":[{"href":"http:\/\/www.franciszek-walcz.pl\/index.php?rest_route=%2Fwp%2Fv2%2Fmedia&parent=21362"}],"wp:term":[{"taxonomy":"category","embeddable":true,"href":"http:\/\/www.franciszek-walcz.pl\/index.php?rest_route=%2Fwp%2Fv2%2Fcategories&post=21362"},{"taxonomy":"post_tag","embeddable":true,"href":"http:\/\/www.franciszek-walcz.pl\/index.php?rest_route=%2Fwp%2Fv2%2Ftags&post=21362"}],"curies":[{"name":"wp","href":"https:\/\/api.w.org\/{rel}","templated":true}]}}