{"id":21707,"date":"2022-10-01T11:46:16","date_gmt":"2022-10-01T09:46:16","guid":{"rendered":"http:\/\/www.franciszek-walcz.pl\/?p=21707"},"modified":"2022-10-01T11:51:31","modified_gmt":"2022-10-01T09:51:31","slug":"sluzba-lustrem-wiary","status":"publish","type":"post","link":"http:\/\/www.franciszek-walcz.pl\/?p=21707","title":{"rendered":"S\u0141U\u017bBA LUSTREM WIARY"},"content":{"rendered":"<p><strong><em>Aposto\u0142owie prosili Pana: \u00abDodaj nam wiary\u00bb. Pan rzek\u0142: \u00abGdyby\u015bcie mieli wiar\u0119 jak ziarnko gorczycy, powiedzieliby\u015bcie tej morwie:<\/em><\/strong><\/p>\n<p><strong><em> \u201eWyrwij si\u0119 z korzeniem i przesad\u017a si\u0119 w morze\u201d, a by\u0142aby wam pos\u0142uszna.<\/em><\/strong><\/p>\n<p><strong><em>Kto z was, maj\u0105c s\u0142ug\u0119, kt\u00f3ry orze lub pasie, powie mu, gdy on wr\u00f3ci z pola:<\/em><\/strong><\/p>\n<p><strong><em>\u201eP\u00f3jd\u017a zaraz i si\u0105d\u017a do sto\u0142u\u201d? Czy nie powie mu raczej: \u201ePrzygotuj mi wieczerz\u0119,<\/em><\/strong><\/p>\n<p><strong><em> przepasz si\u0119 i us\u0142uguj mi, a\u017c zjem i napij\u0119 si\u0119, a potem ty b\u0119dziesz jad\u0142 i pi\u0142\u201d? <\/em><\/strong><\/p>\n<p><strong><em>Czy okazuje wdzi\u0119czno\u015b\u0107 s\u0142udze za to, \u017ce wykona\u0142 to, co mu polecono?<\/em><\/strong><\/p>\n<p><strong><em>Tak i wy, gdy uczynicie wszystko, co wam polecono, m\u00f3wcie: <\/em><\/strong><\/p>\n<p><strong><em>\u201eS\u0142udzy nieu\u017cyteczni jeste\u015bmy; wykonali\u015bmy to, co powinni\u015bmy wykona\u0107\u201d\u00bb.\u00a0\u0141k 17, 5-10<\/em><\/strong><\/p>\n<pre>\r\n\r\n<\/pre>\n<p>Pewna stara bajka opowiada o kr\u00f3lu, kt\u00f3ry jako zap\u0142at\u0119\u00a0za sw\u00f3j dobry uczynek za\u017cyczy\u0142\u00a0sobie bez namys\u0142u, aby bogowie sprawili,\u00a0\u017ceby wszystko, czego si\u0119\u00a0dotknie, sta\u0142o si\u0119\u00a0z\u0142otem. Pocz\u0105tkowa rado\u015b\u0107\u00a0z szybko rosn\u0105cych g\u00f3r szlachetnego kruszcu przemieni\u0142a si\u0119\u00a0niebawem w ogromny strach\u00a0i cierpienie.<\/p>\n<p>Zapytamy, czy z obawy przed z\u0142odziejem? Nie. Wcale nie. Okaza\u0142o si\u0119,\u00a0\u017ce r\u00f3wnie\u017c\u00a0nawet najmniejszy k\u0119s, jaki kr\u00f3l chcia\u0142\u00a0w\u0142o\u017cy\u0107\u00a0do ust, przemienia\u0142\u00a0si\u0119\u00a0w b\u0142yszcz\u0105c\u0105\u00a0bry\u0142\u0119\u00a0z\u0142ota. Tak to zaspokojony g\u0142\u00f3d bogactwa sprowadzi\u0142\u00a0na kr\u00f3la okrutn\u0105\u00a0\u015bmier\u0107\u00a0g\u0142odow\u0105.<\/p>\n<p>Jest w ludzkim sercu pragnienie posiadania bogactwa. Jest to marzenie o byciu bogatym. Wydaje si\u0119\u00a0bowiem,\u00a0\u017ce wtedy cz\u0142owiek b\u0119dzie panem samego siebie, b\u0119dzie wolny. Gdzie\u015b\u00a0tam\u00a0w naszym my\u015bleniu jest ukryta z\u0142udna prawda, jakoby cz\u0142owiekiem wolnym m\u00f3g\u0142\u00a0by\u0107\u00a0tylko ten, kto ma du\u017co. Bo biedak zawsze b\u0119dzie niewolnikiem bogatego &#8211; co\u015b\u00a0tak jakby nam dopowiada\u0142o.<\/p>\n<p>Jezus zna ludzkie serce i wie,\u00a0\u017ce takie pragnienie mo\u017ce si\u0119\u00a0w nim rodzi\u0107. Zach\u0119ca, aby stara\u0107\u00a0si\u0119\u00a0kierowa\u0107\u00a0je ku warto\u015bciom niewidzialnym. Taki kierunek uchroni serce przed zej\u015bciem na b\u0142\u0119dn\u0105\u00a0drog\u0119, albo te\u017c\u00a0u\u0142atwi nabycie umiej\u0119tno\u015bci dzielenia si\u0119\u00a0z innymi tym, co mam.<\/p>\n<p>W\u0142a\u015bnie przez ostatnie dwie niedziele chcia\u0142\u00a0nas do tego jako\u015b\u00a0mocniej przekona\u0107. Najpierw przypomina\u0142,\u00a0\u017ce nie mo\u017cemy s\u0142u\u017cy\u0107\u00a0Bogu i mamonie a tydzie\u0144\u00a0temu zach\u0119ca\u0142\u00a0nas &#8211; poprzez przypowie\u015b\u0107\u00a0o bogaczu i\u00a0\u0141azarzu,\u00a0\u017ceby\u015bmy postarali si\u0119\u00a0uwa\u017cniej czyta\u0107\u00a0Moj\u017cesza i Prorok\u00f3w, a wi\u0119c czytali Bo\u017ce s\u0142owo. To czytanie i rozwa\u017canie prowadzi do nawr\u00f3cenia &#8211; czyli do zwr\u00f3cenia swego sercu ku Bogu, ku warto\u015bciom niewidzialnym, duchowym.<\/p>\n<p>I dzisiaj Jezus ponownie kieruje nasz\u0105\u00a0uwag\u0119\u00a0ku temu, co niewidzialne, w stron\u0119\u00a0wiary. Ewangelista\u00a0\u0141ukasz zapisa\u0142,\u00a0\u017ce Aposto\u0142owie prosili Pana: \u201ePrzymn\u00f3\u017c\u00a0nam wiary\u201d.<\/p>\n<p>Na kartach Pisma \u015bw., zw\u0142aszcza w Ewangeliach, mamy sporo ludzkich pr\u00f3\u015bb zanoszonych do Boga. Jest pro\u015bba o uzdrowienie, wyrzucenie z\u0142ego ducha, o chleb, o wod\u0119.<\/p>\n<p>W dzisiejszej Ewangelii, ale i nawet w ca\u0142ej dzisiejszej liturgii s\u0142owa, przebija si\u0119 pro\u015bba o g\u0142\u0119bsz\u0105 wiar\u0119. Pro\u015bba o wzrost wiary.<\/p>\n<p>Pewnie w swoim \u017cyciu niejednokrotnie do\u015bwiadczyli\u015bmy s\u0142abo\u015bci swojej wiary. Zreszt\u0105 przy wielu okazjach Jezus nazwa Aposto\u0142\u00f3w lud\u017ami ma\u0142ej wiary. Na przyk\u0142ad wtedy, gdy pomimo, \u017ce Mesjasz by\u0142 tu\u017c obok, l\u0119kali si\u0119 burzy na morzu .Czujemy si\u0119, w swoich sytuacjach, podobni do tych Aposto\u0142\u00f3w. Jednak Ewangelia dzisiejsza ukazuje nam Aposto\u0142\u00f3w, kt\u00f3rzy s\u0105 \u015bwiadomi swojej s\u0142abej wiary i dlatego prosz\u0105 Jezusa o wzmocnienie w nich tej cnoty. Oni wiedz\u0105, \u017ce tylko Jezus mo\u017ce zaradzi\u0107 tej s\u0142abo\u015bci. On wys\u0142uchuje ich pro\u015bby. Prawie wszyscy Aposto\u0142owie oddali \u017cycie, by za\u015bwiadczy\u0107 o Chrystusie, by broni\u0107 i przekazywa\u0107 Jego nauk\u0119, a to bez wzmocnionej wiary by si\u0119 nie uda\u0142o.<\/p>\n<p>Mo\u017ce zdarzy\u0107 si\u0119, \u017ce pomimo stara\u0144 o dobry rozw\u00f3j w wierze, o coraz lepsze poznanie Jezusa, nasza wiara stanie si\u0119 chwiejna i b\u0119dziemy si\u0119 obawiali jej ukazywa\u0107, kieruj\u0105c si\u0119 wzgl\u0119dami ludzkimi. Wiara jest darem Boga, kt\u00f3rej w swej ma\u0142o\u015bci, s\u0142abo\u015bci i grzeszno\u015bci cz\u0119sto nie potrafimy zachowa\u0107. St\u0105d nie dziwmy si\u0119, \u017ce jest ona s\u0142absza ni\u017c ziarnko gorczycy.<\/p>\n<p>Mo\u017cna by\u0107 znawc\u0105 religii chrze\u015bcija\u0144skiej, a by\u0107 cz\u0142owiekiem ma\u0142ej wiary, a czasem nawet niewierz\u0105cym. Ilu\u017c to tzw. \u201eludzi Ko\u015bcio\u0142a\u201d nie chodzi do Komunii \u015bw., boi si\u0119 sakrament\u00f3w \u015bwi\u0119tych jak diabe\u0142 \u015bwi\u0119conej wody. M\u00f3wimy wtedy: \u201eStracili wiar\u0119. Odeszli od Ko\u015bcio\u0142a. Wierz\u0105 po swojemu.\u201d<\/p>\n<p>Boimy si\u0119 cz\u0119sto przyzna\u0107 do swojej wiary, bo tak jest najwygodniej. Wolimy wtopi\u0107 si\u0119 w t\u0142um, by nie by\u0107 pokazywanym palcami jako\u00a0ci inni.<\/p>\n<p>Dzisiejszy cz\u0142owiek, nie chce nale\u017ce\u0107 do mniejszo\u015bci, a takimi staj\u0105 si\u0119 powoli katolicy w wielu \u015brodowiskach na ca\u0142ym \u015bwiecie. Trudno czasem jest przyj\u015b\u0107 do pracy i powiedzie\u0107 nie b\u0119d\u0119 je\u015b\u0107 w\u0119dliny w pi\u0105tek, bo taka jest moja wiara. O wiele \u0142atwiej jest powiedzie\u0107:\u00a0Jestem na wega\u0144skiej diecie\u00a0albo:\u00a0Chc\u0119 zrzuci\u0107 troch\u0119 z wagi i dlatego nie jem mi\u0119sa w pi\u0105tek. Gdy przechodzi obok mnie ksi\u0105dz id\u0105cy do chorego z Komuni\u0105 \u015bwi\u0119t\u0105, \u0142atwiej jest udawa\u0107, \u017ce go nie widzimy, ni\u017c powiedzie\u0107:\u00a0Niech b\u0119dzie pochwalony Jezus Chrystus!.<\/p>\n<p>Cz\u0142owiek ma\u0142ej wiary cz\u0119sto za\u0142amuje si\u0119 pod wp\u0142ywem nawet najmniejszego trudnego do\u015bwiadczenia, nie m\u00f3wi\u0105c ju\u017c o du\u017cym krzy\u017cu cierpienia czy \u015bmierci kogo\u015b bliskiego. Dlatego\u00a0wiara to nie jest tylko przyj\u0119cie nauki o Chrystusie, ale zaprzyja\u017anienie si\u0119 z Nim.\u00a0B\u00f3g da\u0142 nam dar wiary za darmo.\u00a0Lubimy gratisy w sklepach i r\u00f3\u017cne bonusy. Wiara to niejako bonus, kt\u00f3ry wymaga niejako aktywacji naszego serca i umys\u0142u.<\/p>\n","protected":false},"excerpt":{"rendered":"<p>Aposto\u0142owie prosili Pana: \u00abDodaj nam wiary\u00bb. Pan rzek\u0142: \u00abGdyby\u015bcie mieli wiar\u0119 jak ziarnko gorczycy, powiedzieliby\u015bcie tej morwie: \u201eWyrwij si\u0119 z korzeniem i przesad\u017a si\u0119 w morze\u201d, a by\u0142aby wam pos\u0142uszna. Kto z was, maj\u0105c s\u0142ug\u0119, kt\u00f3ry orze lub pasie, powie mu, gdy on wr\u00f3ci z pola: \u201eP\u00f3jd\u017a zaraz i si\u0105d\u017a do sto\u0142u\u201d? Czy nie powie mu raczej: \u201ePrzygotuj mi wieczerz\u0119, przepasz si\u0119 i us\u0142uguj mi, a\u017c zjem i napij\u0119 si\u0119, a potem ty b\u0119dziesz jad\u0142 i pi\u0142\u201d? Czy okazuje wdzi\u0119czno\u015b\u0107 s\u0142udze za to, \u017ce wykona\u0142 to, co mu polecono? Tak i wy, gdy uczynicie wszystko, co wam polecono, m\u00f3wcie: \u201eS\u0142udzy nieu\u017cyteczni jeste\u015bmy; wykonali\u015bmy to, co powinni\u015bmy wykona\u0107\u201d\u00bb.\u00a0\u0141k 17, 5-10 Pewna stara bajka opowiada o kr\u00f3lu, kt\u00f3ry jako zap\u0142at\u0119\u00a0za sw\u00f3j dobry uczynek za\u017cyczy\u0142\u00a0sobie bez namys\u0142u, aby bogowie sprawili,\u00a0\u017ceby wszystko, czego si\u0119\u00a0dotknie, sta\u0142o si\u0119\u00a0z\u0142otem. Pocz\u0105tkowa rado\u015b\u0107\u00a0z szybko rosn\u0105cych g\u00f3r szlachetnego kruszcu przemieni\u0142a si\u0119\u00a0niebawem w ogromny strach\u00a0i cierpienie. Zapytamy, czy z obawy przed&hellip;<\/p>\n<p> <a class=\"more-link\" href=\"http:\/\/www.franciszek-walcz.pl\/?p=21707\">Czytaj dalej<\/a><\/p>\n","protected":false},"author":1,"featured_media":0,"comment_status":"closed","ping_status":"closed","sticky":false,"template":"","format":"standard","meta":{"footnotes":""},"categories":[5],"tags":[],"class_list":{"0":"post-21707","1":"post","2":"type-post","3":"status-publish","4":"format-standard","6":"category-artykuly"},"brizy_media":[],"_links":{"self":[{"href":"http:\/\/www.franciszek-walcz.pl\/index.php?rest_route=\/wp\/v2\/posts\/21707","targetHints":{"allow":["GET"]}}],"collection":[{"href":"http:\/\/www.franciszek-walcz.pl\/index.php?rest_route=\/wp\/v2\/posts"}],"about":[{"href":"http:\/\/www.franciszek-walcz.pl\/index.php?rest_route=\/wp\/v2\/types\/post"}],"author":[{"embeddable":true,"href":"http:\/\/www.franciszek-walcz.pl\/index.php?rest_route=\/wp\/v2\/users\/1"}],"replies":[{"embeddable":true,"href":"http:\/\/www.franciszek-walcz.pl\/index.php?rest_route=%2Fwp%2Fv2%2Fcomments&post=21707"}],"version-history":[{"count":7,"href":"http:\/\/www.franciszek-walcz.pl\/index.php?rest_route=\/wp\/v2\/posts\/21707\/revisions"}],"predecessor-version":[{"id":21714,"href":"http:\/\/www.franciszek-walcz.pl\/index.php?rest_route=\/wp\/v2\/posts\/21707\/revisions\/21714"}],"wp:attachment":[{"href":"http:\/\/www.franciszek-walcz.pl\/index.php?rest_route=%2Fwp%2Fv2%2Fmedia&parent=21707"}],"wp:term":[{"taxonomy":"category","embeddable":true,"href":"http:\/\/www.franciszek-walcz.pl\/index.php?rest_route=%2Fwp%2Fv2%2Fcategories&post=21707"},{"taxonomy":"post_tag","embeddable":true,"href":"http:\/\/www.franciszek-walcz.pl\/index.php?rest_route=%2Fwp%2Fv2%2Ftags&post=21707"}],"curies":[{"name":"wp","href":"https:\/\/api.w.org\/{rel}","templated":true}]}}