{"id":21773,"date":"2022-10-08T11:58:33","date_gmt":"2022-10-08T09:58:33","guid":{"rendered":"http:\/\/www.franciszek-walcz.pl\/?p=21773"},"modified":"2022-10-08T12:00:14","modified_gmt":"2022-10-08T10:00:14","slug":"blask-prawdy-veritatis-splendor-16-pazdziernika-xxii-dzien-papieski","status":"publish","type":"post","link":"http:\/\/www.franciszek-walcz.pl\/?p=21773","title":{"rendered":"\u201eBlask Prawdy \u2013 Veritatis Splendor\u201d \u2013 16 pa\u017adziernika XXII Dzie\u0144 Papieski"},"content":{"rendered":"<p class=\"western\" align=\"left\"><span style=\"font-family: PTSerif;\"><span style=\"font-size: large;\"><b>Dok\u0142adnie 16 pa\u017adziernika, w dzie\u0144 wyboru kard. Karola Wojty\u0142y na papie\u017ca, obchodzony b\u0119dzie w Polsce i \u015brodowiskach polonijnych na ca\u0142ym \u015bwiecie XXII Dzie\u0144 Papieski. Tegoroczne obchody, tradycyjnie po\u0142\u0105czone z przyznaniem Nagr\u00f3d TOTUS TUUS i zbi\u00f3rk\u0105 na wsparcie zdolnej niezamo\u017cnej m\u0142odzie\u017cy, przebiegn\u0105 pod has\u0142em \u201eBlask Prawdy \u2013 Veritatis Splendor\u201d. Nawi\u0105zuje ono do tytu\u0142u encykliki papie\u017ca Polaka, a g\u0142\u00f3wnym przes\u0142aniem tego dokumentu by\u0142o przypomnienie nauczania moralnego Ko\u015bcio\u0142a w sytuacji kultury relatywizuj\u0105cej warto\u015b\u0107 ludzkiego sumienia. Organizatorem Dnia Papieskiego jest Fundacja \u201eDzie\u0142o Nowego Tysi\u0105clecia\u201d.<\/b><\/span><\/span><\/p>\n<p class=\"western\" align=\"left\"><span style=\"font-family: Open Sans;\"><span style=\"font-size: large;\">Has\u0142o XXII\u00a0Dnia Papieskiego\u00a0to pierwsze s\u0142owa i zarazem tytu\u0142 dziesi\u0105tej encykliki papie\u017ca Jana Paw\u0142a II og\u0142oszonej 6 sierpnia 1993 r. G\u0142\u00f3wnym przes\u0142aniem wspomnianego dokumentu jest przypomnienie nauczania moralnego Ko\u015bcio\u0142a w sytuacji kultury, kt\u00f3ra gubi i relatywizuje warto\u015b\u0107 ludzkiego sumienia, wielkiego daru Boga dla cz\u0142owieka. Oddalaj\u0105c si\u0119 od Boga i poszukuj\u0105c z\u0142udnej wolno\u015bci poza sam\u0105 prawd\u0105, cz\u0142owiek gubi sens i w\u0142a\u015bciw\u0105 perspektyw\u0119 swojego \u017cycia.<\/span><\/span><\/p>\n<p class=\"western\" align=\"left\">\u2013 <span style=\"font-family: Open Sans;\"><span style=\"font-size: large;\">Prze\u017cywaj\u0105c XXII Dzie\u0144 Papieski chcemy wr\u00f3ci\u0107 do or\u0119dzia, kt\u00f3re \u015bw. Jan Pawe\u0142 II zawar\u0142 w \u201eVeritatis splendor\u201d. Celem encykliki jest przypomnienie fundament\u00f3w moralno\u015bci chrze\u015bcija\u0144skiej. Pomimo pr\u00f3b jej zniekszta\u0142cania lub podwa\u017cania, jest ona nadal dobr\u0105 propozycj\u0105, kt\u00f3ra mo\u017ce uczyni\u0107 \u017cycie cz\u0142owieka szcz\u0119\u015bliwym \u2013 napisali polscy biskupi w li\u015bcie na tegoroczny Dzie\u0144 Papieski.<\/span><\/span><\/p>\n<p class=\"western\" align=\"left\"><span style=\"font-family: Open Sans;\"><span style=\"font-size: large;\">Podkre\u015blili, \u017ce w \u015bwiecie, w kt\u00f3rym zanika umiej\u0119tno\u015b\u0107 rozr\u00f3\u017cniania prawdy od k\u0142amstwa, kultura zamyka si\u0119 tak\u017ce na sens oraz warto\u015b\u0107 cz\u0142owiecze\u0144stwa. Wypaczeniu ulegaj\u0105 takie poj\u0119cia jak mi\u0142o\u015b\u0107, wolno\u015b\u0107, wsp\u00f3lnota oraz samo okre\u015blenie osoby ludzkiej i jej praw. Tragicznym potwierdzeniem tego procesu jest aborcja, \u201ekt\u00f3r\u0105 ukazuje si\u0119 jako +prawo wyboru+ ma\u0142\u017conk\u00f3w, a zw\u0142aszcza kobiety. Dzieci traktowane s\u0105 jako przeszkoda w rozwoju rodzic\u00f3w, a rodzina staje si\u0119 instytucj\u0105 ograniczaj\u0105c\u0105 wolno\u015b\u0107 swoich cz\u0142onk\u00f3w. Procesy te uderzaj\u0105 w filary cywilizacji i kwestionuj\u0105 dziedzictwo kultury chrze\u015bcija\u0144skiej\u201d.<\/span><\/span><\/p>\n<p class=\"western\" align=\"left\"><span style=\"font-family: Open Sans;\"><span style=\"font-size: large;\">Biskupi\u00a0zwracaj\u0105 uwag\u0119, \u017ce odnowa \u017cycia moralnego mo\u017ce dokona\u0107 si\u0119 jedynie poprzez ukazanie prawdziwego oblicza wiary chrze\u015bcija\u0144skiej. \u201eDlatego tak wa\u017cna dla Ko\u015bcio\u0142a i \u015bwiata jest Encyklika o +blasku prawdy+ (Veritas splendor). Jedynie blask Prawdy, kt\u00f3r\u0105 jest Jezus, mo\u017ce o\u015bwieci\u0107 umys\u0142 tak, by cz\u0142owiek m\u00f3g\u0142 odkry\u0107 sens swojego \u017cycia i powo\u0142ania oraz odr\u00f3\u017cni\u0107 dobro od z\u0142a\u201d \u2013 czytamy w li\u015bcie.<\/span><\/span><\/p>\n<p class=\"western\" align=\"left\"><span style=\"font-family: Open Sans;\"><span style=\"font-size: large;\">Jednym z g\u0142\u00f3wnych wydarze\u0144 Dnia Papieskiego jest zawsze uroczysta gala przyznania Nagr\u00f3d TOTUS TUUS. Statuetki zaprojektowane przez prof. Wincentego Ku\u0107m\u0119 otrzymuj\u0105 osoby oraz instytucje, kt\u00f3re w swoim \u017cyciu, dzia\u0142alno\u015bci i misji inspiruj\u0105 si\u0119 nauczaniem oraz postaw\u0105 \u015bw. Jana Paw\u0142a II. Przyznawany jest tak\u017ce TOTUS medialny im bp. Jana Chrapka dla dziennikarza lub redakcji i Specjalna Nagroda TOTUS TUUS za promocj\u0119 osoby \u015bw. Jana Paw\u0142a II oraz wiarygodne wcielanie w \u017cycie na arenie mi\u0119dzynarodowej g\u0142oszonych przez niego warto\u015bci.<\/span><\/span><\/p>\n","protected":false},"excerpt":{"rendered":"<p>Dok\u0142adnie 16 pa\u017adziernika, w dzie\u0144 wyboru kard. Karola Wojty\u0142y na papie\u017ca, obchodzony b\u0119dzie w Polsce i \u015brodowiskach polonijnych na ca\u0142ym \u015bwiecie XXII Dzie\u0144 Papieski. Tegoroczne obchody, tradycyjnie po\u0142\u0105czone z przyznaniem Nagr\u00f3d TOTUS TUUS i zbi\u00f3rk\u0105 na wsparcie zdolnej niezamo\u017cnej m\u0142odzie\u017cy, przebiegn\u0105 pod has\u0142em \u201eBlask Prawdy \u2013 Veritatis Splendor\u201d. Nawi\u0105zuje ono do tytu\u0142u encykliki papie\u017ca Polaka, a g\u0142\u00f3wnym przes\u0142aniem tego dokumentu by\u0142o przypomnienie nauczania moralnego Ko\u015bcio\u0142a w sytuacji kultury relatywizuj\u0105cej warto\u015b\u0107 ludzkiego sumienia. Organizatorem Dnia Papieskiego jest Fundacja \u201eDzie\u0142o Nowego Tysi\u0105clecia\u201d. Has\u0142o XXII\u00a0Dnia Papieskiego\u00a0to pierwsze s\u0142owa i zarazem tytu\u0142 dziesi\u0105tej encykliki papie\u017ca Jana Paw\u0142a II og\u0142oszonej 6 sierpnia 1993 r. G\u0142\u00f3wnym przes\u0142aniem wspomnianego dokumentu jest przypomnienie nauczania moralnego Ko\u015bcio\u0142a w sytuacji kultury, kt\u00f3ra gubi i relatywizuje warto\u015b\u0107 ludzkiego sumienia, wielkiego daru Boga dla cz\u0142owieka. Oddalaj\u0105c si\u0119 od Boga i poszukuj\u0105c z\u0142udnej wolno\u015bci poza sam\u0105 prawd\u0105, cz\u0142owiek gubi sens i w\u0142a\u015bciw\u0105 perspektyw\u0119 swojego \u017cycia. \u2013 Prze\u017cywaj\u0105c XXII Dzie\u0144 Papieski chcemy wr\u00f3ci\u0107 do&hellip;<\/p>\n<p> <a class=\"more-link\" href=\"http:\/\/www.franciszek-walcz.pl\/?p=21773\">Czytaj dalej<\/a><\/p>\n","protected":false},"author":1,"featured_media":0,"comment_status":"closed","ping_status":"closed","sticky":false,"template":"","format":"standard","meta":{"footnotes":""},"categories":[1],"tags":[],"class_list":{"0":"post-21773","1":"post","2":"type-post","3":"status-publish","4":"format-standard","6":"category-uncategorized"},"brizy_media":[],"_links":{"self":[{"href":"http:\/\/www.franciszek-walcz.pl\/index.php?rest_route=\/wp\/v2\/posts\/21773","targetHints":{"allow":["GET"]}}],"collection":[{"href":"http:\/\/www.franciszek-walcz.pl\/index.php?rest_route=\/wp\/v2\/posts"}],"about":[{"href":"http:\/\/www.franciszek-walcz.pl\/index.php?rest_route=\/wp\/v2\/types\/post"}],"author":[{"embeddable":true,"href":"http:\/\/www.franciszek-walcz.pl\/index.php?rest_route=\/wp\/v2\/users\/1"}],"replies":[{"embeddable":true,"href":"http:\/\/www.franciszek-walcz.pl\/index.php?rest_route=%2Fwp%2Fv2%2Fcomments&post=21773"}],"version-history":[{"count":1,"href":"http:\/\/www.franciszek-walcz.pl\/index.php?rest_route=\/wp\/v2\/posts\/21773\/revisions"}],"predecessor-version":[{"id":21774,"href":"http:\/\/www.franciszek-walcz.pl\/index.php?rest_route=\/wp\/v2\/posts\/21773\/revisions\/21774"}],"wp:attachment":[{"href":"http:\/\/www.franciszek-walcz.pl\/index.php?rest_route=%2Fwp%2Fv2%2Fmedia&parent=21773"}],"wp:term":[{"taxonomy":"category","embeddable":true,"href":"http:\/\/www.franciszek-walcz.pl\/index.php?rest_route=%2Fwp%2Fv2%2Fcategories&post=21773"},{"taxonomy":"post_tag","embeddable":true,"href":"http:\/\/www.franciszek-walcz.pl\/index.php?rest_route=%2Fwp%2Fv2%2Ftags&post=21773"}],"curies":[{"name":"wp","href":"https:\/\/api.w.org\/{rel}","templated":true}]}}