{"id":21779,"date":"2022-10-08T12:07:42","date_gmt":"2022-10-08T10:07:42","guid":{"rendered":"http:\/\/www.franciszek-walcz.pl\/?p=21779"},"modified":"2022-10-08T12:07:42","modified_gmt":"2022-10-08T10:07:42","slug":"28-niedziela-zwykla","status":"publish","type":"post","link":"http:\/\/www.franciszek-walcz.pl\/?p=21779","title":{"rendered":"28. Niedziela Zwyk\u0142a"},"content":{"rendered":"<p>Zdarzy\u0142o si\u0119, \u017ce Jezus, zmierzaj\u0105c do Jeruzalem, przechodzi\u0142 przez pogranicze Samarii i Galilei. Gdy wchodzili do pewnej wsi, wysz\u0142o naprzeciw Niego dziesi\u0119ciu tr\u0119dowatych. Zatrzymali si\u0119 z daleka i g\u0142o\u015bno zawo\u0142ali: \u00abJezusie, Mistrzu, ulituj si\u0119 nad nami!\u00bb Na ten widok rzek\u0142 do nich: \u00abId\u017acie, poka\u017ccie si\u0119 kap\u0142anom!\u00bb A gdy szli, zostali oczyszczeni. Wtedy jeden z nich, widz\u0105c, \u017ce jest uzdrowiony, wr\u00f3ci\u0142, chwal\u0105c Boga dono\u015bnym g\u0142osem, pad\u0142 na twarz u Jego n\u00f3g i dzi\u0119kowa\u0142 Mu. A by\u0142 to Samarytanin. Jezus za\u015b rzek\u0142: \u00abCzy\u017c nie dziesi\u0119ciu zosta\u0142o oczyszczonych? Gdzie jest dziewi\u0119ciu? Czy si\u0119 nie znalaz\u0142 nikt, kto by wr\u00f3ci\u0142 i odda\u0142 chwa\u0142\u0119 Bogu, tylko ten cudzoziemiec?\u00bb Do niego za\u015b rzek\u0142: \u00abWsta\u0144, id\u017a, twoja wiara ci\u0119 uzdrowi\u0142a\u00bb.<\/p>\n<p>28 czerwca 1988 r. w miejscowo\u015bci Buszkowo (le\u017cy ona ok. 27 km od Bydgoszczy) s\u0142ynny polski piosenkarz Krzysztof Krawczyk mia\u0142 bardzo powa\u017cny wypadek samochodowy. Powa\u017cne obra\u017cenia odni\u00f3s\u0142 tak\u017ce syn piosenkarza . Po latach Krawczyk senior wr\u00f3ci\u0142 my\u015blami do swojego wypadku, pisz\u0105c piosenk\u0119 \u201eAnio\u0142 \u015bpi obok\u201d, w kt\u00f3rej tek\u015bcie padaj\u0105 m.in. takie s\u0142owa: [anio\u0142a] skrzyde\u0142 cie\u0144 koi, co najg\u0142\u0119biej gdzie\u015b boli\u201d, a tak\u017ce wielokrotnie przy r\u00f3\u017cnych okazjach i w wielu udzielonych wywiadach wyznawa\u0142, \u017ce tamtego dnia si\u0119 nawr\u00f3ci\u0142.<\/p>\n<p>Ale w zwi\u0105zku ze wspomnianym wypadkiem Krawczyk udzieli\u0142 te\u017c kt\u00f3rego\u015b razu wywiadu, w kt\u00f3rym pad\u0142y s\u0142owa, mog\u0105ce pos\u0142u\u017cy\u0107 jako impuls do przemy\u015ble\u0144 nad dzisiejsz\u0105 Ewangeli\u0105. Ot\u00f3\u017c, piosenkarz zapytany zosta\u0142 przez dziennikarza, czy po wypadku zmieni\u0142 swoje \u017cycie. I chocia\u017c w swej odpowiedzi m\u00f3wi\u0142 m.in. o nawr\u00f3ceniu, kt\u00f3re si\u0119 w nim tamtego dnia dokona\u0142o, to jednak jeszcze doda\u0142: \u201e Ledwo zagro\u017cenie min\u0119\u0142o, a ju\u017c mi si\u0119 podoba\u0142o, \u017ce jedzenie wje\u017cd\u017ca [wprost] do \u0142\u00f3\u017cka\u201d .<\/p>\n<p>Trzeba przyzna\u0107, \u017ce to nasza typowo ludzka postawa, gdy\u017c zadziwiaj\u0105co szybko przechodzimy do porz\u0105dku dziennego po do\u015bwiadczeniu jakiej\u015b \u0142aski czy otrzymaniu od Boga dobra. Zauwa\u017cmy, \u017ce tak\u0105 w\u0142a\u015bnie postaw\u0119 przyj\u0119li tr\u0119dowaci z dzisiejszego fragmentu Ewangelii. Wyszli najpierw naprzeciw Jezusowi i g\u0142o\u015bno \u017cebrali Go o uzdrowienie. Ale wprost proporcjonalnie do g\u0142o\u015bno\u015bci swojego wcze\u015bniejszego krzyku z pro\u015bb\u0105 o zmi\u0142owanie, z niemal\u017ce r\u00f3wn\u0105 szybko\u015bci\u0105 zapomnieli potem o tym, jak wielkiego dobra od Jezusa do\u015bwiadczyli.<\/p>\n<p>Czemu jednak Pana tak g\u0142\u0119boko dotkn\u0119\u0142a ich niewdzi\u0119czno\u015b\u0107? Tu podpowiedzi udziela Katechizm Ko\u015bcio\u0142a Katolickiego, w kt\u00f3rym czytamy: \u201eNiewdzi\u0119czno\u015b\u0107 pomija lub odrzuca uznanie mi\u0142o\u015bci Bo\u017cej, jak r\u00f3wnie\u017c odwzajemnienie si\u0119 mi\u0142o\u015bci\u0105 na mi\u0142o\u015b\u0107\u201d .<\/p>\n<p>Ponadto, warto jeszcze w tym kontek\u015bcie przywo\u0142a\u0107 nauk\u0119 \u015bw. Ignacego Loyoli: \u201eW\u015br\u00f3d wszelkich i niewyobra\u017calnych niegodziwo\u015bci i grzech\u00f3w niewdzi\u0119czno\u015b\u0107 nale\u017cy do najbardziej obrzydliwych rzeczy.<\/p>\n<p>Jest ona zapomnieniem otrzymanych d\u00f3br, \u0142ask i dar\u00f3w, przyczyn\u0105, pocz\u0105tkiem i \u017ar\u00f3d\u0142em wszelkiego z\u0142a i grzech\u00f3w\u201d. A zatem mo\u017cna powiedzie\u0107, \u017ce Pana w niewdzi\u0119czno\u015bci tr\u0119dowatych zabola\u0142o zar\u00f3wno to, i\u017c nie odwzajemnili Mu okazanej im mi\u0142o\u015bci, jak r\u00f3wnie\u017c, i\u017c nie ukazuj\u0105c Mu wdzi\u0119czno\u015bci, ju\u017c niepostrze\u017cenie dla siebie wkroczyli na \u015bcie\u017cki, kt\u00f3re w przysz\u0142o\u015bci zawiod\u0105 ich do jeszcze wi\u0119kszego z\u0142a i grzech\u00f3w ni\u017c te, kt\u00f3re pope\u0142niali dot\u0105d.<\/p>\n<p>Trzeba nam zatem Bogu nieustannie wyra\u017ca\u0107 wdzi\u0119czno\u015b\u0107 za wszystko, co spotyka nas z Jego r\u0119ki. Trzeba ci\u0105gle pami\u0119ta\u0107, \u017ce wszystko, co posiadamy, On nam da\u0142. I wreszcie trzeba \u017cy\u0107 w duchu my\u015bli s\u0142ugi Bo\u017cego kardyna\u0142a Stefana Wyszy\u0144skiego, kt\u00f3ry wskazuje, \u017ce cz\u0142owiek najskuteczniej Boga prosi w\u00f3wczas, gdy Jemu dzi\u0119kuje!<\/p>\n","protected":false},"excerpt":{"rendered":"<p>Zdarzy\u0142o si\u0119, \u017ce Jezus, zmierzaj\u0105c do Jeruzalem, przechodzi\u0142 przez pogranicze Samarii i Galilei. Gdy wchodzili do pewnej wsi, wysz\u0142o naprzeciw Niego dziesi\u0119ciu tr\u0119dowatych. Zatrzymali si\u0119 z daleka i g\u0142o\u015bno zawo\u0142ali: \u00abJezusie, Mistrzu, ulituj si\u0119 nad nami!\u00bb Na ten widok rzek\u0142 do nich: \u00abId\u017acie, poka\u017ccie si\u0119 kap\u0142anom!\u00bb A gdy szli, zostali oczyszczeni. Wtedy jeden z nich, widz\u0105c, \u017ce jest uzdrowiony, wr\u00f3ci\u0142, chwal\u0105c Boga dono\u015bnym g\u0142osem, pad\u0142 na twarz u Jego n\u00f3g i dzi\u0119kowa\u0142 Mu. A by\u0142 to Samarytanin. Jezus za\u015b rzek\u0142: \u00abCzy\u017c nie dziesi\u0119ciu zosta\u0142o oczyszczonych? Gdzie jest dziewi\u0119ciu? Czy si\u0119 nie znalaz\u0142 nikt, kto by wr\u00f3ci\u0142 i odda\u0142 chwa\u0142\u0119 Bogu, tylko ten cudzoziemiec?\u00bb Do niego za\u015b rzek\u0142: \u00abWsta\u0144, id\u017a, twoja wiara ci\u0119 uzdrowi\u0142a\u00bb. 28 czerwca 1988 r. w miejscowo\u015bci Buszkowo (le\u017cy ona ok. 27 km od Bydgoszczy) s\u0142ynny polski piosenkarz Krzysztof Krawczyk mia\u0142 bardzo powa\u017cny wypadek samochodowy. Powa\u017cne obra\u017cenia odni\u00f3s\u0142 tak\u017ce syn piosenkarza . Po latach Krawczyk senior wr\u00f3ci\u0142 my\u015blami&hellip;<\/p>\n<p> <a class=\"more-link\" href=\"http:\/\/www.franciszek-walcz.pl\/?p=21779\">Czytaj dalej<\/a><\/p>\n","protected":false},"author":1,"featured_media":0,"comment_status":"closed","ping_status":"closed","sticky":false,"template":"","format":"standard","meta":{"footnotes":""},"categories":[5],"tags":[],"class_list":{"0":"post-21779","1":"post","2":"type-post","3":"status-publish","4":"format-standard","6":"category-artykuly"},"brizy_media":[],"_links":{"self":[{"href":"http:\/\/www.franciszek-walcz.pl\/index.php?rest_route=\/wp\/v2\/posts\/21779","targetHints":{"allow":["GET"]}}],"collection":[{"href":"http:\/\/www.franciszek-walcz.pl\/index.php?rest_route=\/wp\/v2\/posts"}],"about":[{"href":"http:\/\/www.franciszek-walcz.pl\/index.php?rest_route=\/wp\/v2\/types\/post"}],"author":[{"embeddable":true,"href":"http:\/\/www.franciszek-walcz.pl\/index.php?rest_route=\/wp\/v2\/users\/1"}],"replies":[{"embeddable":true,"href":"http:\/\/www.franciszek-walcz.pl\/index.php?rest_route=%2Fwp%2Fv2%2Fcomments&post=21779"}],"version-history":[{"count":1,"href":"http:\/\/www.franciszek-walcz.pl\/index.php?rest_route=\/wp\/v2\/posts\/21779\/revisions"}],"predecessor-version":[{"id":21780,"href":"http:\/\/www.franciszek-walcz.pl\/index.php?rest_route=\/wp\/v2\/posts\/21779\/revisions\/21780"}],"wp:attachment":[{"href":"http:\/\/www.franciszek-walcz.pl\/index.php?rest_route=%2Fwp%2Fv2%2Fmedia&parent=21779"}],"wp:term":[{"taxonomy":"category","embeddable":true,"href":"http:\/\/www.franciszek-walcz.pl\/index.php?rest_route=%2Fwp%2Fv2%2Fcategories&post=21779"},{"taxonomy":"post_tag","embeddable":true,"href":"http:\/\/www.franciszek-walcz.pl\/index.php?rest_route=%2Fwp%2Fv2%2Ftags&post=21779"}],"curies":[{"name":"wp","href":"https:\/\/api.w.org\/{rel}","templated":true}]}}