{"id":2199,"date":"2018-09-15T12:02:24","date_gmt":"2018-09-15T10:02:24","guid":{"rendered":"http:\/\/www.franciszek-walcz.pl\/?p=2199"},"modified":"2018-09-15T12:03:48","modified_gmt":"2018-09-15T10:03:48","slug":"17-wrzesnia-rocznica-agresji-sowieckiej-na-polske","status":"publish","type":"post","link":"http:\/\/www.franciszek-walcz.pl\/?p=2199","title":{"rendered":"17 wrze\u015bnia  &#8211; rocznica agresji sowieckiej na Polsk\u0119"},"content":{"rendered":"\n<p>17 wrze\u015bnia\n1939 roku \u00a0odwieczny wr\u00f3g napad\u0142 na\nPolsk\u0119. Wojska ZSRR bez wypowiedzenia wojny dokona\u0142y agresji na terytorium\nRzeczypospolitej Polskiej. Agresja Rosji zwanej w\u00f3wczas Zwi\u0105zkiem Sowieckim\nby\u0142a skoordynowana z agresj\u0105 Niemiec zwanych wtedy III Rzesz\u0105, kt\u00f3re napad\u0142y na\nnas 1 wrze\u015bnia.. W ten spos\u00f3b dokonano IV rozbioru Polski. Rzeczpospolita pad\u0142a\nofiar\u0105 dw\u00f3ch totalitaryzm\u00f3w: nazizmu i komunizmu. Napad rosyjski by\u0142\nzdradziecki, bez wypowiedzenia wojny, by\u0142 dla Polski zab\u00f3jczym ciosem w plecy.\nDlatego jest historycznym fa\u0142szerstwem u\u017cywanie takich eufemizm\u00f3w jak: \u201eArmia\nRadziecka przekroczy\u0142a granic\u0119 polsk\u0105\u201d albo<em> \u201eArmia Radziecka wkroczy\u0142a\u201d<\/em>,\nalbo<em> \u201eArmia Radziecka dokona\u0142a inwazji\u201d.<\/em> Nie m\u00f3wimy przecie\u017c, \u017ce\nWehrmacht wkroczy\u0142 do Polski, tylko \u017ce to Niemcy na Polsk\u0119 napad\u0142y. Tak samo\nnale\u017cy okre\u015bla\u0107 atak z 17 wrze\u015bnia: Rosja napad\u0142a na Polsk\u0119! I nie<em> \u201eradziecka\u201d<\/em>\ntylko <em>\u201esowiecka\u201d<\/em>, bo taka by\u0142a nazwa tego pa\u0144stwa. Dyktator tego\nimperium Stalin planowa\u0142 likwidacj\u0119 pa\u0144stwa polskiego wsp\u00f3lnie z Leninem\njeszcze w listopadzie 1918 roku! Brutalna inwazja na Polsk\u0119 by\u0142a aktem\nprymitywnej zemsty Zwi\u0105zku Sowieckiego za polskie zwyci\u0119stwo w wojnie\npolsko-bolszewickiej 1920 roku. \n\nW zdobytych polskich miastach, m.in. w Bia\u0142ymstoku,\nBrze\u015bciu, Przemy\u015blu, oddzia\u0142y Armii Czerwonej i Wehrmachtu odbywa\u0142y wsp\u00f3lne\ndefilady. W Krakowie tu\u017c obok siedziby gubernatora Hansa Franka utworzony\nzosta\u0142 konsulat generalny Zwi\u0105zku Sowieckiego. To w\u0142a\u015bnie tutaj NKWD i gestapo\nwsp\u00f3lnie ustala\u0142y szczeg\u00f3\u0142y ludob\u00f3jstwa niemieckiego i sowieckiego, w tym\neksterminacj\u0119 elit polskiej inteligencji. Do niewoli sowieckiej dosta\u0142o si\u0119\noko\u0142o \u0107wier\u0107 miliona podoficer\u00f3w, oficer\u00f3w i genera\u0142\u00f3w Wojska Polskiego. Opr\u00f3cz\nnich Rosjanie zagarn\u0119li ponad 120 tysi\u0119cy funkcjonariuszy KOP, policji, stra\u017cy\nwi\u0119ziennej, stra\u017cy le\u015bnej, a tak\u017ce urz\u0119dnik\u00f3w pa\u0144stwowych, bankowych oraz\nksi\u0119\u017cy. Spo\u015br\u00f3d nich nad do\u0142ami \u015bmierci w Katyniu NKWD zamordowa\u0142o \u201etylko\u201d 4600\nbezbronnych je\u0144c\u00f3w \u2013 oficer\u00f3w Wojska Polskiego. Zbrodni katy\u0144skiej nie wolno\nnam postrzega\u0107 tylko w kontek\u015bcie z\u0142a, kt\u00f3re niesie wojna. To by\u0142o ludob\u00f3jstwo\npope\u0142nione na elitach polskiego spo\u0142ecze\u0144stwa.<br\/><em>Prawdziw\u0105 liczb\u0119 ofiar zbrodni sowieckiego ludob\u00f3jstwa po 17 wrze\u015bnia 1939\nroku kryj\u0105 moskiewskie archiwa<\/em> (J. Szaniawski). II wojna \u015bwiatowa by\u0142a\nprze\u0142omem dla ca\u0142ej \u00f3wczesnej cywilizacji. Zgin\u0119\u0142o w niej pi\u0119\u0107dziesi\u0105t sze\u015b\u0107\nmilion\u00f3w ludzi, w tym ponad sze\u015b\u0107 milion\u00f3w Polak\u00f3w. Wojna przyzwyczai\u0142a ludzi\ndo nieznanej wcze\u015bniej pogardy dla cz\u0142owieka i gwa\u0142cenia jego praw. By\u0142a\nmobilizacj\u0105 nienawi\u015bci depcz\u0105c\u0105 cz\u0142owieka i wszystko to, co ludzkie w imi\u0119\nzab\u00f3jczej nienawi\u015bci i ideologii. Sta\u0142o si\u0119 tak dlatego, poniewa\u017c ludzie zbuntowali\nsi\u0119 przeciwko prawdziwemu chrze\u015bcija\u0144stwu. Stworzyli now\u0105 religi\u0119 bez duszy\nalbo te\u017c dusz\u0119 bez religii.\n\n\n\n<\/p>\n","protected":false},"excerpt":{"rendered":"<p>17 wrze\u015bnia 1939 roku \u00a0odwieczny wr\u00f3g napad\u0142 na Polsk\u0119. Wojska ZSRR bez wypowiedzenia wojny dokona\u0142y agresji na terytorium Rzeczypospolitej Polskiej. Agresja Rosji zwanej w\u00f3wczas Zwi\u0105zkiem Sowieckim by\u0142a skoordynowana z agresj\u0105 Niemiec zwanych wtedy III Rzesz\u0105, kt\u00f3re napad\u0142y na nas 1 wrze\u015bnia.. W ten spos\u00f3b dokonano IV rozbioru Polski. Rzeczpospolita pad\u0142a ofiar\u0105 dw\u00f3ch totalitaryzm\u00f3w: nazizmu i komunizmu. Napad rosyjski by\u0142 zdradziecki, bez wypowiedzenia wojny, by\u0142 dla Polski zab\u00f3jczym ciosem w plecy. Dlatego jest historycznym fa\u0142szerstwem u\u017cywanie takich eufemizm\u00f3w jak: \u201eArmia Radziecka przekroczy\u0142a granic\u0119 polsk\u0105\u201d albo \u201eArmia Radziecka wkroczy\u0142a\u201d, albo \u201eArmia Radziecka dokona\u0142a inwazji\u201d. Nie m\u00f3wimy przecie\u017c, \u017ce Wehrmacht wkroczy\u0142 do Polski, tylko \u017ce to Niemcy na Polsk\u0119 napad\u0142y. Tak samo nale\u017cy okre\u015bla\u0107 atak z 17 wrze\u015bnia: Rosja napad\u0142a na Polsk\u0119! I nie \u201eradziecka\u201d tylko \u201esowiecka\u201d, bo taka by\u0142a nazwa tego pa\u0144stwa. Dyktator tego imperium Stalin planowa\u0142 likwidacj\u0119 pa\u0144stwa polskiego wsp\u00f3lnie z Leninem jeszcze w listopadzie 1918 roku! Brutalna inwazja na Polsk\u0119&hellip;<\/p>\n<p> <a class=\"more-link\" href=\"http:\/\/www.franciszek-walcz.pl\/?p=2199\">Czytaj dalej<\/a><\/p>\n","protected":false},"author":1,"featured_media":0,"comment_status":"open","ping_status":"open","sticky":false,"template":"","format":"standard","meta":{"footnotes":""},"categories":[5],"tags":[],"class_list":{"0":"post-2199","1":"post","2":"type-post","3":"status-publish","4":"format-standard","6":"category-artykuly"},"brizy_media":[],"_links":{"self":[{"href":"http:\/\/www.franciszek-walcz.pl\/index.php?rest_route=\/wp\/v2\/posts\/2199","targetHints":{"allow":["GET"]}}],"collection":[{"href":"http:\/\/www.franciszek-walcz.pl\/index.php?rest_route=\/wp\/v2\/posts"}],"about":[{"href":"http:\/\/www.franciszek-walcz.pl\/index.php?rest_route=\/wp\/v2\/types\/post"}],"author":[{"embeddable":true,"href":"http:\/\/www.franciszek-walcz.pl\/index.php?rest_route=\/wp\/v2\/users\/1"}],"replies":[{"embeddable":true,"href":"http:\/\/www.franciszek-walcz.pl\/index.php?rest_route=%2Fwp%2Fv2%2Fcomments&post=2199"}],"version-history":[{"count":2,"href":"http:\/\/www.franciszek-walcz.pl\/index.php?rest_route=\/wp\/v2\/posts\/2199\/revisions"}],"predecessor-version":[{"id":2201,"href":"http:\/\/www.franciszek-walcz.pl\/index.php?rest_route=\/wp\/v2\/posts\/2199\/revisions\/2201"}],"wp:attachment":[{"href":"http:\/\/www.franciszek-walcz.pl\/index.php?rest_route=%2Fwp%2Fv2%2Fmedia&parent=2199"}],"wp:term":[{"taxonomy":"category","embeddable":true,"href":"http:\/\/www.franciszek-walcz.pl\/index.php?rest_route=%2Fwp%2Fv2%2Fcategories&post=2199"},{"taxonomy":"post_tag","embeddable":true,"href":"http:\/\/www.franciszek-walcz.pl\/index.php?rest_route=%2Fwp%2Fv2%2Ftags&post=2199"}],"curies":[{"name":"wp","href":"https:\/\/api.w.org\/{rel}","templated":true}]}}