{"id":21990,"date":"2022-10-15T09:42:43","date_gmt":"2022-10-15T07:42:43","guid":{"rendered":"http:\/\/www.franciszek-walcz.pl\/?p=21990"},"modified":"2022-10-15T09:42:43","modified_gmt":"2022-10-15T07:42:43","slug":"wypominki-modlitwa-kosciola-za-zmarlych","status":"publish","type":"post","link":"http:\/\/www.franciszek-walcz.pl\/?p=21990","title":{"rendered":"Wypominki &#8211; modlitwa ko\u015bcio\u0142a za zmar\u0142ych"},"content":{"rendered":"<p>\u201e<strong>\u015awi\u0119ta i zbawienna jest my\u015bl modli\u0107 si\u0119 za zmar\u0142ych, aby byli od grzechu uwolnieni\u201d\u00a0(2 Mach 12,46)<\/strong><\/p>\n<p><strong>Z Dzienniczka \u015bw. S. Faustyny Kowalskiej- 518-519<br \/>\n<\/strong><em>Kiedy przed Dniem Zadusznym posz\u0142am na cmentarz o szarej godzinie, cmentarz by\u0142 zamkni\u0119ty, jednak uchyli\u0142am troch\u0119 drzwi i powiedzia\u0142am, \u017ce je\u017celi czego \u017c\u0105dacie, duszyczki, ch\u0119tnie wam zado\u015b\u0107uczyni\u0119, o ile mi na to regu\u0142a pozwoli. Wtem us\u0142ysza\u0142am te s\u0142owa: Spe\u0142nij wol\u0119 Bo\u017c\u0105 \u2014 my o tyle jeste\u015bmy szcz\u0119\u015bliwe, o ile spe\u0142ni\u0142y\u015bmy wol\u0119 Bo\u017c\u0105. Wieczorem przysz\u0142y te dusze i prosi\u0142y mnie o modlitw\u0119, modli\u0142am si\u0119 wiele za nie. Wieczorem, kiedy procesja wraca\u0142a z cmentarza, ujrza\u0142am ca\u0142e mn\u00f3stwo dusz, kt\u00f3re razem sz\u0142y z nami do kaplicy, by\u0142y modl\u0105ce si\u0119 razem z nami. Modli\u0142am si\u0119 wiele, bo mia\u0142am na to pozwolenie prze\u0142o\u017conych.<\/em><\/p>\n<p>Ko\u015bci\u00f3\u0142 od zarania swych dziej\u00f3w szczeg\u00f3ln\u0105 trosk\u0105 modlitewn\u0105 otacza zmar\u0142ych. Podczas ka\u017cdej Mszy \u015bw. modli si\u0119 za wszystkich, kt\u00f3rzy odeszli do wieczno\u015bci\u2026 \u015awi\u0119ty Jan Pawe\u0142 II m\u00f3wi\u0142: \u201eModlitwa za zmar\u0142ych jest wa\u017cn\u0105 powinno\u015bci\u0105, bowiem nawet je\u015bli odeszli w \u0142asce i w przyja\u017ani z Bogiem, by\u0107 mo\u017ce potrzebuj\u0105 jeszcze ostatniego oczyszczenia, by dost\u0105pi\u0107 rado\u015bci nieba\u201d. Ko\u015bci\u00f3\u0142 nieustannie powierza w modlitwie b\u0142agalnej zmar\u0142ych.<\/p>\n<p>Pami\u0119tajmy o naszych zmar\u0142ych i polecajmy ich mi\u0142osierdziu Bo\u017cemu w modlitwie wypominkowej. Pisz\u0105c imiona zmar\u0142ych na kartkach wypominkowych, a nast\u0119pnie je odczytuj\u0105c wyra\u017camy wiar\u0119, \u017ce ich imiona s\u0105 zapisane w Bo\u017cej Ksi\u0119dze \u017bycia.<\/p>\n","protected":false},"excerpt":{"rendered":"<p>\u201e\u015awi\u0119ta i zbawienna jest my\u015bl modli\u0107 si\u0119 za zmar\u0142ych, aby byli od grzechu uwolnieni\u201d\u00a0(2 Mach 12,46) Z Dzienniczka \u015bw. S. Faustyny Kowalskiej- 518-519 Kiedy przed Dniem Zadusznym posz\u0142am na cmentarz o szarej godzinie, cmentarz by\u0142 zamkni\u0119ty, jednak uchyli\u0142am troch\u0119 drzwi i powiedzia\u0142am, \u017ce je\u017celi czego \u017c\u0105dacie, duszyczki, ch\u0119tnie wam zado\u015b\u0107uczyni\u0119, o ile mi na to regu\u0142a pozwoli. Wtem us\u0142ysza\u0142am te s\u0142owa: Spe\u0142nij wol\u0119 Bo\u017c\u0105 \u2014 my o tyle jeste\u015bmy szcz\u0119\u015bliwe, o ile spe\u0142ni\u0142y\u015bmy wol\u0119 Bo\u017c\u0105. Wieczorem przysz\u0142y te dusze i prosi\u0142y mnie o modlitw\u0119, modli\u0142am si\u0119 wiele za nie. Wieczorem, kiedy procesja wraca\u0142a z cmentarza, ujrza\u0142am ca\u0142e mn\u00f3stwo dusz, kt\u00f3re razem sz\u0142y z nami do kaplicy, by\u0142y modl\u0105ce si\u0119 razem z nami. Modli\u0142am si\u0119 wiele, bo mia\u0142am na to pozwolenie prze\u0142o\u017conych. Ko\u015bci\u00f3\u0142 od zarania swych dziej\u00f3w szczeg\u00f3ln\u0105 trosk\u0105 modlitewn\u0105 otacza zmar\u0142ych. Podczas ka\u017cdej Mszy \u015bw. modli si\u0119 za wszystkich, kt\u00f3rzy odeszli do wieczno\u015bci\u2026 \u015awi\u0119ty Jan Pawe\u0142 II m\u00f3wi\u0142: \u201eModlitwa za&hellip;<\/p>\n<p> <a class=\"more-link\" href=\"http:\/\/www.franciszek-walcz.pl\/?p=21990\">Czytaj dalej<\/a><\/p>\n","protected":false},"author":1,"featured_media":0,"comment_status":"closed","ping_status":"closed","sticky":false,"template":"","format":"standard","meta":{"footnotes":""},"categories":[1],"tags":[],"class_list":{"0":"post-21990","1":"post","2":"type-post","3":"status-publish","4":"format-standard","6":"category-uncategorized"},"brizy_media":[],"_links":{"self":[{"href":"http:\/\/www.franciszek-walcz.pl\/index.php?rest_route=\/wp\/v2\/posts\/21990","targetHints":{"allow":["GET"]}}],"collection":[{"href":"http:\/\/www.franciszek-walcz.pl\/index.php?rest_route=\/wp\/v2\/posts"}],"about":[{"href":"http:\/\/www.franciszek-walcz.pl\/index.php?rest_route=\/wp\/v2\/types\/post"}],"author":[{"embeddable":true,"href":"http:\/\/www.franciszek-walcz.pl\/index.php?rest_route=\/wp\/v2\/users\/1"}],"replies":[{"embeddable":true,"href":"http:\/\/www.franciszek-walcz.pl\/index.php?rest_route=%2Fwp%2Fv2%2Fcomments&post=21990"}],"version-history":[{"count":1,"href":"http:\/\/www.franciszek-walcz.pl\/index.php?rest_route=\/wp\/v2\/posts\/21990\/revisions"}],"predecessor-version":[{"id":21991,"href":"http:\/\/www.franciszek-walcz.pl\/index.php?rest_route=\/wp\/v2\/posts\/21990\/revisions\/21991"}],"wp:attachment":[{"href":"http:\/\/www.franciszek-walcz.pl\/index.php?rest_route=%2Fwp%2Fv2%2Fmedia&parent=21990"}],"wp:term":[{"taxonomy":"category","embeddable":true,"href":"http:\/\/www.franciszek-walcz.pl\/index.php?rest_route=%2Fwp%2Fv2%2Fcategories&post=21990"},{"taxonomy":"post_tag","embeddable":true,"href":"http:\/\/www.franciszek-walcz.pl\/index.php?rest_route=%2Fwp%2Fv2%2Ftags&post=21990"}],"curies":[{"name":"wp","href":"https:\/\/api.w.org\/{rel}","templated":true}]}}