{"id":21994,"date":"2022-10-15T09:48:17","date_gmt":"2022-10-15T07:48:17","guid":{"rendered":"http:\/\/www.franciszek-walcz.pl\/?p=21994"},"modified":"2022-10-15T09:51:22","modified_gmt":"2022-10-15T07:51:22","slug":"29-niedziela-zwykla-rok-c","status":"publish","type":"post","link":"http:\/\/www.franciszek-walcz.pl\/?p=21994","title":{"rendered":"29 niedziela zwyk\u0142a Rok C"},"content":{"rendered":"<p><strong>MODLITWA<\/strong><\/p>\n<p><em>Jezus opowiedzia\u0142 swoim uczniom przypowie\u015b\u0107 o tym, \u017ce zawsze powinni si\u0119 modli\u0107 i nie ustawa\u0107: \u201eW pewnym mie\u015bcie \u017cy\u0142 s\u0119dzia, kt\u00f3ry Boga si\u0119 nie ba\u0142 i nie liczy\u0142 si\u0119 z lud\u017ami. W tym samym mie\u015bcie \u017cy\u0142a wdowa, kt\u00f3ra przychodzi\u0142a do niego z pro\u015bb\u0105:\u00bb Obro\u0144 mnie przed moim przeciwnikiem \u00ab. Przez pewien czas nie chcia\u0142; lecz potem rzek\u0142 do siebie:\u00bb Chocia\u017c Boga si\u0119 nie boj\u0119 ani si\u0119 z lud\u017ami nie licz\u0119, to jednak, poniewa\u017c naprzykrza mi si\u0119 ta wdowa, wezm\u0119 j\u0105 w obron\u0119, \u017ceby nie przychodzi\u0142a bez ko\u0144ca i nie zadr\u0119cza\u0142a mnie \u00ab\u201d. I Pan doda\u0142: \u201eS\u0142uchajcie, co ten niesprawiedliwy s\u0119dzia m\u00f3wi. A B\u00f3g, czy\u017c nie we\u017amie w obron\u0119 swoich wybranych, kt\u00f3rzy dniem i noc\u0105 wo\u0142aj\u0105 do Niego, i czy b\u0119dzie zwleka\u0142 w ich sprawie?\u00a0 Powiadam wam, \u017ce pr\u0119dko we\u017amie ich w obron\u0119. Czy jednak Syn Cz\u0142owieczy znajdzie wiar\u0119 na ziemi, gdy przyjdzie?\u201d (\u0141k 18,1-8)<\/em>.<\/p>\n<p>S\u0142ynny staro\u017cytny chi\u0144ski filozof Konfucjusz (551-479 przed Chr.), gdy kto\u015b przychodzi\u0142 do niego po rad\u0119 jak rozwi\u0105za\u0107 okre\u015blony \u017cyciowy problem, cz\u0119sto mawia\u0142 pono\u0107, \u017ce ludzkie \u017cycie jest naprawd\u0119 proste, a to my sobie sami je tylko komplikujemy, po czym udziela\u0142 np. takich porad: \u201eCie\u015bla, kt\u00f3ry chce dobrze robot\u0119 wykona\u0107, musi wpierw naostrzy\u0107 swe narz\u0119dzia\u201d, \u201eCz\u0142owiek potyka si\u0119 a o kretowiska, nie o g\u00f3ry\u201d lub \u201eKto nie potrafi spogl\u0105da\u0107 daleko, ten ma k\u0142opoty blisko\u201d.<\/p>\n<p>I trzeba przyzna\u0107, \u017ce wdro\u017cenie w \u017cycie porad c Konfucjusza faktycznie mog\u0142oby si\u0119 zar\u00f3wno przyczyni\u0107 do jego uproszczenia, jak i pom\u00f3c nam lepiej \u017cy\u0107.<\/p>\n<p>A jaki \u201epomys\u0142\u201d na poprawienie jako\u015bci \u017cycia proponuje nam dzisiaj Jezus?<\/p>\n<p>Ws\u0142uchuj\u0105c si\u0119 w dzisiejszy fragment Ewangelii, zauwa\u017camy, \u017ce Jezusowa porada jest w odr\u00f3\u017cnieniu od przywo\u0142anych Konfucjusza bez por\u00f3wnania skromniejsza. Pan m\u00f3wi tylko o jednym: Cz\u0142owiek zawsze powinien si\u0119 modli\u0107 i nigdy w modlitwie nie ustawa\u0107.<\/p>\n<p>W 1937 roku, Antonio Tamburro, mieszkaniec Neapolu we W\u0142oszech w czasie wypadku kolejowego straci\u0142 kompletnie wzrok. Specjali\u015bci orzekli, \u017ce medycyna w tym wypadku jest bezradna. Pi\u0119\u0107dziesi\u0119cioletni Antonio, ojciec o\u015bmiorga dzieci z wielk\u0105 determinacj\u0105 b\u0142aga\u0142 Boga o zdrowie. Ka\u017cdego dnia przez trzy lata uczestniczy\u0142 we Mszy \u015bw. i przyjmowa\u0142 Komuni\u0119 \u015bw. w tej intencji. Pewnego dnia, po przyj\u0119ciu Komunii \u015bw. poczu\u0142 ogromn\u0105 rado\u015b\u0107. Gdy wsta\u0142, aby wr\u00f3ci\u0107 na swoje miejsce odzyska\u0142 wzrok.<\/p>\n<p>Taki scenariusz skutecznej modlitwy bardzo cz\u0119sto funkcjonuje w \u015bwiadomo\u015bci wiernych; konkretne zam\u00f3wienie plus intensywna modlitwa i skutek jest pewny. Tak mo\u017ce by\u0107, powy\u017csze, autentyczne zdarzenie jest potwierdzeniem tego, ale to nie wyczerpuje w pe\u0142ni relacji cz\u0142owieka do Boga, jaka zawiera si\u0119 w modlitwie.<\/p>\n<p>Dwudziestoletnia Adela Gadomska zosta\u0142a skazana przez hitlerowc\u00f3w na kar\u0119 \u015bmierci przez \u015bci\u0119cie na gilotynie. Ca\u0142\u0105 \u017carliwo\u015bci\u0105 b\u0142aga\u0142a Boga o ocalenie \u017cycia. Na kilka dni przed egzekucj\u0105 pisze list do matki: \u201eKochana Mamo! Pisz\u0119 do ciebie ostatni list. Kiedy ty go czytasz- ja ju\u017c nie \u017cyj\u0119. Ja odchodz\u0119 z tego \u015bwiata nie smutna. Jestem tylko smutna, \u017ce Ciebie musz\u0119 zostawi\u0107 na tym \u015bwiecie sam\u0105. Nie p\u0142acz po mnie. Tak\u017ce i Ty wkr\u00f3tce p\u00f3jdziesz za mn\u0105. Ja jestem spokojna nie smuc\u0119 si\u0119. M\u00f3dl si\u0119 za mnie, wi\u0119cej nic ju\u017c mi nie brakuje. Ja b\u0119d\u0119 tak\u017ce modli\u0107 si\u0119 u Boga za Ciebie. Pozdr\u00f3w wszystkie kole\u017canki i koleg\u00f3w oraz wszystkich znajomych. Wybacz wszystko, je\u017celi w mojej g\u0142upiej m\u0142odo\u015bci uczyni\u0142am Ci przykro\u015b\u0107. Za par\u0119 godzin b\u0119d\u0119 u Boga. Twoja- na zawsze Ciebie kochaj\u0105ca c\u00f3rka.\u201d<\/p>\n<p>Przez modlitw\u0119 do\u015bwiadczy\u0142a obecno\u015bci Boga, kt\u00f3ry jest Panem \u017cycia i \u015bmierci. B\u00f3g sta\u0142 si\u0119 dla niej niezawodnym oparciem. W Jego r\u0119kach czu\u0142a si\u0119 bezpieczna, spokojnie przesz\u0142a przez \u201eciemn\u0105 dolin\u0119\u201d. Mo\u017cna powiedzie\u0107, \u017ce modlitwa jest podr\u00f3\u017c\u0105 do Boga. Kto dociera do Boga zyskuje wszystko. I ma si\u0142\u0119 do spokojnego przej\u015bcia przez r\u00f3\u017cnego rodzaju udr\u0119ki \u017cyciowe, \u0142\u0105cznie ze \u015bmierci\u0105.<\/p>\n<p>Przypowie\u015b\u0107 o niesprawiedliwym s\u0119dzim i ubogiej wdowie wzywa nas do wytrwa\u0142ej modlitwy. Chrystus nas zapewnia, \u017ce przez wytrwa\u0142\u0105 modlitw\u0119 b\u0119dziemy wys\u0142uchani.<\/p>\n<p>Wzorem modlitwy jest Maryja. W Kanie Galilejskiej swoj\u0105 pro\u015bb\u0105 by\u0142a w stanie przy\u015bpieszy\u0107 godzin\u0119 Jezusa i czas Jego cud\u00f3w. Uczyni\u0142a to pe\u0142na mi\u0142o\u015bci do nowo\u017ce\u0144c\u00f3w i ufno\u015bci w swojego Syna.<\/p>\n<p>Wzorem modlitwy jest Jan Pawe\u0142 II. Modlitwa by\u0142a dla niego \u015brodkiem prowadz\u0105cym do zjednoczenia z\u00a0Chrystusem. Wielokrotnie by\u0142o nam dane widzie\u0107 Papie\u017ca zatopionego w\u00a0modlitwie wobec niezmierzonych t\u0142um\u00f3w, niejednokrotnie g\u0142\u00f3w pa\u0144stw, a\u00a0przede wszystkim w\u015bcibskich obiektyw\u00f3w kamer.<\/p>\n<p>\u015arodowiskiem, w kt\u00f3rym wzrasta si\u0119 w \u017cyciu modlitwy jest rodzina.\u00a0Modlitwa rodzinna\u00a0stanowi fundament, decyduj\u0105cy o tym, \u017ce rodzina jest chrze\u015bcija\u0144ska. Jan Pawe\u0142 II zosta\u0142 wprowadzony w \u017cycie modlitwy przez matk\u0119, a po jej wczesnej \u015bmierci, modli\u0142 si\u0119 z ojcem.<\/p>\n<p>Dla Jana Paw\u0142a II ulubion\u0105 modlitw\u0105 by\u0142\u00a0r\u00f3\u017caniec.\u00a0R\u00f3\u017caniec bowiem, cho\u0107 ma charakter maryjny, jest modlitw\u0105 skoncentrowan\u0105 na Chrystusie. Papie\u017c codziennie znajdowa\u0142 czas na r\u00f3\u017ca\u0144cowe medytacje. Maryi \u2013 Matce Ko\u015bcio\u0142a powierza\u0142 swoje \u017cycie, pos\u0142ug\u0119 Ko\u015bcio\u0142owi, podr\u00f3\u017ce apostolskie, czy te\u017c rozwi\u0105zywanie trudnych spraw. Ca\u0142e \u017cycie przepoi\u0142 modlitw\u0105 do Boga Tr\u00f3jjedynego. Wszystko pozostawi\u0142 wstawiennictwu Maryi do Boga. Da\u0142 temu wyraz w swoim zawo\u0142aniu:\u00a0TOTUS TUUS\u00a0\u2013 Ca\u0142y Tw\u00f3j. Tym s\u0142owom by\u0142 wierny ca\u0142e \u017cycie.<\/p>\n","protected":false},"excerpt":{"rendered":"<p>MODLITWA Jezus opowiedzia\u0142 swoim uczniom przypowie\u015b\u0107 o tym, \u017ce zawsze powinni si\u0119 modli\u0107 i nie ustawa\u0107: \u201eW pewnym mie\u015bcie \u017cy\u0142 s\u0119dzia, kt\u00f3ry Boga si\u0119 nie ba\u0142 i nie liczy\u0142 si\u0119 z lud\u017ami. W tym samym mie\u015bcie \u017cy\u0142a wdowa, kt\u00f3ra przychodzi\u0142a do niego z pro\u015bb\u0105:\u00bb Obro\u0144 mnie przed moim przeciwnikiem \u00ab. Przez pewien czas nie chcia\u0142; lecz potem rzek\u0142 do siebie:\u00bb Chocia\u017c Boga si\u0119 nie boj\u0119 ani si\u0119 z lud\u017ami nie licz\u0119, to jednak, poniewa\u017c naprzykrza mi si\u0119 ta wdowa, wezm\u0119 j\u0105 w obron\u0119, \u017ceby nie przychodzi\u0142a bez ko\u0144ca i nie zadr\u0119cza\u0142a mnie \u00ab\u201d. I Pan doda\u0142: \u201eS\u0142uchajcie, co ten niesprawiedliwy s\u0119dzia m\u00f3wi. A B\u00f3g, czy\u017c nie we\u017amie w obron\u0119 swoich wybranych, kt\u00f3rzy dniem i noc\u0105 wo\u0142aj\u0105 do Niego, i czy b\u0119dzie zwleka\u0142 w ich sprawie?\u00a0 Powiadam wam, \u017ce pr\u0119dko we\u017amie ich w obron\u0119. Czy jednak Syn Cz\u0142owieczy znajdzie wiar\u0119 na ziemi, gdy przyjdzie?\u201d (\u0141k 18,1-8). S\u0142ynny staro\u017cytny chi\u0144ski filozof Konfucjusz&hellip;<\/p>\n<p> <a class=\"more-link\" href=\"http:\/\/www.franciszek-walcz.pl\/?p=21994\">Czytaj dalej<\/a><\/p>\n","protected":false},"author":1,"featured_media":0,"comment_status":"closed","ping_status":"closed","sticky":false,"template":"","format":"standard","meta":{"footnotes":""},"categories":[5],"tags":[],"class_list":{"0":"post-21994","1":"post","2":"type-post","3":"status-publish","4":"format-standard","6":"category-artykuly"},"brizy_media":[],"_links":{"self":[{"href":"http:\/\/www.franciszek-walcz.pl\/index.php?rest_route=\/wp\/v2\/posts\/21994","targetHints":{"allow":["GET"]}}],"collection":[{"href":"http:\/\/www.franciszek-walcz.pl\/index.php?rest_route=\/wp\/v2\/posts"}],"about":[{"href":"http:\/\/www.franciszek-walcz.pl\/index.php?rest_route=\/wp\/v2\/types\/post"}],"author":[{"embeddable":true,"href":"http:\/\/www.franciszek-walcz.pl\/index.php?rest_route=\/wp\/v2\/users\/1"}],"replies":[{"embeddable":true,"href":"http:\/\/www.franciszek-walcz.pl\/index.php?rest_route=%2Fwp%2Fv2%2Fcomments&post=21994"}],"version-history":[{"count":1,"href":"http:\/\/www.franciszek-walcz.pl\/index.php?rest_route=\/wp\/v2\/posts\/21994\/revisions"}],"predecessor-version":[{"id":21995,"href":"http:\/\/www.franciszek-walcz.pl\/index.php?rest_route=\/wp\/v2\/posts\/21994\/revisions\/21995"}],"wp:attachment":[{"href":"http:\/\/www.franciszek-walcz.pl\/index.php?rest_route=%2Fwp%2Fv2%2Fmedia&parent=21994"}],"wp:term":[{"taxonomy":"category","embeddable":true,"href":"http:\/\/www.franciszek-walcz.pl\/index.php?rest_route=%2Fwp%2Fv2%2Fcategories&post=21994"},{"taxonomy":"post_tag","embeddable":true,"href":"http:\/\/www.franciszek-walcz.pl\/index.php?rest_route=%2Fwp%2Fv2%2Ftags&post=21994"}],"curies":[{"name":"wp","href":"https:\/\/api.w.org\/{rel}","templated":true}]}}