{"id":22008,"date":"2022-10-15T10:11:34","date_gmt":"2022-10-15T08:11:34","guid":{"rendered":"http:\/\/www.franciszek-walcz.pl\/?p=22008"},"modified":"2022-10-15T10:13:28","modified_gmt":"2022-10-15T08:13:28","slug":"sw-jan-pawel-ii-czlowiek-modlitwy-czyli-modlitwa-w-zyciu-jana-pawla-ii","status":"publish","type":"post","link":"http:\/\/www.franciszek-walcz.pl\/?p=22008","title":{"rendered":"\u015aw. Jan Pawe\u0142 II \u2013 cz\u0142owiek modlitwy, czyli modlitwa w \u017cyciu Jana Paw\u0142a II"},"content":{"rendered":"<p class=\"western\" align=\"left\">\u201e<span style=\"font-family: Open Sans;\"><span style=\"font-size: large;\">O Maryjo, Matko Mi\u0142osierdzia, czuwaj nad wszystkim, aby nie by\u0142 daremny Krzy\u017c Chrystusa, aby cz\u0142owiek nie zagubi\u0142 drogi dobra, nie utraci\u0142 \u015bwiadomo\u015bci grzechu i umia\u0142 coraz g\u0142\u0119biej ufa\u0107 Bogu\u00a0<\/span><\/span><span style=\"font-family: Open Sans;\"><span style=\"font-size: large;\"><i>bogatemu w mi\u0142osierdzie<\/i><\/span><\/span><span style=\"font-family: Open Sans;\"><span style=\"font-size: large;\">, by z w\u0142asnej woli spe\u0142nia\u0142 dobre czyny, kt\u00f3re B\u00f3g z g\u00f3ry przygotowa\u0142 i w ten spos\u00f3b \u017cy\u0142\u00a0<\/span><\/span><span style=\"font-family: Open Sans;\"><span style=\"font-size: large;\"><i>ku chwale Jego majestatu<\/i><\/span><\/span><span style=\"font-family: Open Sans;\"><span style=\"font-size: large;\">\u201e.<\/span><\/span><\/p>\n<p class=\"western\" align=\"left\"><span style=\"font-family: Open Sans;\"><span style=\"font-size: large;\">Tak modli\u0142 si\u0119\u00a0<\/span><\/span><span style=\"font-family: Open Sans;\"><span style=\"font-size: large;\"><b>Jan Pawe\u0142 II, cz\u0142owiek g\u0142\u0119bokiej modlitwy<\/b><\/span><\/span><span style=\"font-family: Open Sans;\"><span style=\"font-size: large;\">, kt\u00f3ry na rozmowie z Bogiem prze\u017cywa\u0142 ka\u017cdy dzie\u0144, ka\u017cde wydarzenie, ka\u017cde wyzwanie, przed jakim stawia\u0142o go \u017cycie. Pami\u0119tamy Ojca \u015awi\u0119tego jako cz\u0142owieka b\u0119d\u0105cego w nieustannym kontakcie z Bogiem. Ludzie, kt\u00f3rzy nigdy nie si\u0119gn\u0105 do bogatego nauczania Ojca \u015awi\u0119tego b\u0119d\u0105 jednak na d\u0142ugo mieli jego obraz w pami\u0119ci: to, co robi\u0142, jaki by\u0142, jak si\u0119 modli\u0142 i jak cierpia\u0142. Pami\u0119ta\u0107 go takim, to jakby czyta\u0107 fragmenty jego encyklik. Papie\u017c tak wiele nas nauczy\u0142 nawet, gdy ju\u017c nie m\u00f3g\u0142 m\u00f3wi\u0107. On modli\u0142 si\u0119 \u017cyciem i \u017cy\u0142 modlitw\u0105. Co m\u00f3wi\u0142 o modlitwie?<\/span><\/span><\/p>\n<p class=\"western\" align=\"left\"><span style=\"font-family: Open Sans;\"><span style=\"font-size: large;\">Jan Pawe\u0142 II zdefiniowa\u0142\u00a0<\/span><\/span><span style=\"font-family: Open Sans;\"><span style=\"font-size: large;\"><b>modlitw\u0119 jako Bo\u017c\u0105 inicjatyw\u0119 w nas<\/b><\/span><\/span><span style=\"font-family: Open Sans;\"><span style=\"font-size: large;\">, cho\u0107 modlitw\u0119 zaczyna si\u0119 z my\u015bl\u0105, \u017ce to jest inicjatywa cz\u0142owieka. Pe\u0142ni\u0119 modlitwy osi\u0105ga cz\u0142owiek nie wtedy, kiedy najbardziej wyra\u017ca siebie, ale wtedy, gdy w niej najpe\u0142niej staje si\u0119 obecny sam B\u00f3g. Jan Pawe\u0142 II zwraca\u0142 cz\u0119sto uwag\u0119 na modlitw\u0119, uwa\u017caj\u0105c j\u0105 za najwa\u017cniejsze wezwanie dla chrze\u015bcijanina, jako podstawowe prawo i zarazem powinno\u015b\u0107 Ko\u015bcio\u0142a w Jezusie Chrystusie \u2013 wobec Boga, a zarazem w stosunku do ludzi.<\/span><\/span><\/p>\n<p class=\"western\" align=\"left\"><span style=\"font-family: Open Sans;\"><span style=\"font-size: large;\">Papie\u017c rozumia\u0142 \u015bwiat, w kt\u00f3rym \u017cy\u0142, dostrzega\u0142 jego tendencje, czy te\u017c pragnienia. Widzia\u0142, \u017ce\u00a0<\/span><\/span><span style=\"font-family: Open Sans;\"><span style=\"font-size: large;\"><b>\u015bwiat wsp\u00f3\u0142czesny potrzebuje modlitwy<\/b><\/span><\/span><span style=\"font-family: Open Sans;\"><span style=\"font-size: large;\">. D\u0105\u017cenia i potrzeby religijne nie mog\u0105 ca\u0142kowicie wygasn\u0105\u0107, dlatego dostrzega\u0142 coraz szersz\u0105 i \u017cywsz\u0105 otwarto\u015b\u0107 na duchow\u0105 i transcendentn\u0105 wizj\u0119 \u017cycia. Widzia\u0142, i\u017c wielu ludzi nie rezygnuje z poszukiwa\u0144 religijnych i odkrywa warto\u015b\u0107 modlitwy. Zauwa\u017ca\u0142, i\u017c gdziekolwiek kto\u015b modli si\u0119 na \u015bwiecie, tam jest\u00a0<\/span><\/span><span style=\"font-family: Open Sans;\"><span style=\"font-size: large;\"><b>Duch \u015awi\u0119ty, o\u017cywcze tchnienie modlitw<\/b><\/span><\/span><span style=\"font-family: Open Sans;\"><span style=\"font-size: large;\">y. On \u201etchnie\u201d modlitw\u0119 w serce cz\u0142owieka w ca\u0142ej niezmierzonej gamie r\u00f3\u017cnych sytuacji i warunk\u00f3w. Wiele razy pod dzia\u0142aniem Ducha \u015awi\u0119tego modlitwa p\u0142ynie z serca cz\u0142owieka pomimo zakaz\u00f3w i prze\u015bladowa\u0144, a nawet wbrew oficjalnym o\u015bwiadczeniom o areligijnym czy wr\u0119cz ateistycznym charakterze \u017cycia publicznego.<\/span><\/span><\/p>\n<p class=\"western\" align=\"left\"><span style=\"font-family: Open Sans;\"><span style=\"font-size: large;\">W adhortacji\u00a0<\/span><\/span><span style=\"font-family: Open Sans;\"><span style=\"font-size: large;\"><i>RedemptorisMissio<\/i><\/span><\/span><span style=\"font-family: Open Sans;\"><span style=\"font-size: large;\">, Jan Pawe\u0142 II m\u00f3wi o tym, \u017ce<\/span><\/span><span style=\"font-family: Open Sans;\"><span style=\"font-size: large;\"><b>\u00a0przedmiotem modlitwy chrze\u015bcija\u0144skiej jest Kr\u00f3lestwo Bo\u017ce<\/b><\/span><\/span><span style=\"font-family: Open Sans;\"><span style=\"font-size: large;\">. W Biblii jest ono dostrzegane w znakach, takich jak cuda (por. Mt 11, 4-5), egzorcyzmy (por. Mt 12, 25-28), wyb\u00f3r Dwunastu przez Jezusa (por. Mk 3, 13-19), g\u0142oszenie Dobrej Nowiny ubogim (por. \u0141k 4, 18). W spotkaniach Jezusa z poganami wyra\u017anie wida\u0107, \u017ce dost\u0119p do Kr\u00f3lestwa otrzymuje si\u0119 za po\u015brednictwem wiary i nawr\u00f3cenia (por. Mk 1, 15), a nie przez sam\u0105 przynale\u017cno\u015b\u0107 etniczn\u0105. Kr\u00f3lestwo Bo\u017ce jest bliskie (por. Mk 1, 15), dlatego m\u00f3dlmy si\u0119 o jego przyj\u015bcie, o to by by\u0142o dostrzegalne ju\u017c na tej ziemi. Modlimy si\u0119 o to ilekro\u0107 wo\u0142amy: \u201eOjcze nasz\u201d (<\/span><\/span><span style=\"font-family: Open Sans;\"><span style=\"font-size: large;\"><i>RMis 13<\/i><\/span><\/span><span style=\"font-family: Open Sans;\"><span style=\"font-size: large;\">). Dla chrze\u015bcijanina pragn\u0105cego budowa\u0107 Kr\u00f3lestwo Bo\u017ce, niezb\u0119dne jest \u0142\u0105czenie pracy z modlitw\u0105, b\u0119d\u0105c\u0105 ws\u0142uchiwaniem si\u0119 w s\u0142owo Boga \u017bywego (<\/span><\/span><span style=\"font-family: Open Sans;\"><span style=\"font-size: large;\"><i>LaboremExercens 27<\/i><\/span><\/span><span style=\"font-family: Open Sans;\"><span style=\"font-size: large;\">).<\/span><\/span><\/p>\n<p class=\"western\" align=\"left\"><span style=\"font-family: Open Sans;\"><span style=\"font-size: large;\">Pami\u0119tamy Papie\u017ca zanosz\u0105cego modlitwy przeb\u0142agania Boga za grzechy pope\u0142nione przez dzieci Ko\u015bcio\u0142a, prosz\u0105cego o wybaczenie tych, kt\u00f3rzy zostali skrzywdzeni. \u015awiat obieg\u0142y zdj\u0119cia Jana Paw\u0142a II wybaczaj\u0105cego swemu zamachowcy, Ali Agcy. To przebaczenie dokona\u0142o si\u0119 natychmiast, w sercu, przed Bogiem. W\u0142a\u015bnie na drodze modlitwy dokonuje si\u0119 wsp\u00f3\u0142praca z Chrystusem nad dzie\u0142em jednania \u015bwiata z Bogiem.\u00a0<\/span><\/span><span style=\"font-family: Open Sans;\"><span style=\"font-size: large;\"><i>Pos\u0142annictwo jednania\u00a0<\/i><\/span><\/span><span style=\"font-family: Open Sans;\"><span style=\"font-size: large;\">jest w\u0142a\u015bciwe ca\u0142emu Ko\u015bcio\u0142owi, zar\u00f3wno \u201eKo\u015bcio\u0142owi niebieskiemu, ziemskiemu jak i Ko\u015bcio\u0142owi w oczyszczeniu\u201d (<\/span><\/span><span style=\"font-family: Open Sans;\"><span style=\"font-size: large;\"><i>Reconciliatio et Paenitentia 12<\/i><\/span><\/span><span style=\"font-family: Open Sans;\"><span style=\"font-size: large;\">). Ko\u015bci\u00f3\u0142 dokonuje dzie\u0142a pojednania ofiarowuj\u0105c cz\u0142owiekowi do tego \u015brodki. S\u0105 to wierne i pe\u0142ne mi\u0142o\u015bci s\u0142uchanie S\u0142owa Bo\u017cego, modlitwa osobista i wsp\u00f3lnotowa, a nade wszystko Sakramenty, prawdziwe znaki i narz\u0119dzia pojednania (<\/span><\/span><span style=\"font-family: Open Sans;\"><span style=\"font-size: large;\"><i>ReP 8<\/i><\/span><\/span><span style=\"font-family: Open Sans;\"><span style=\"font-size: large;\">).<\/span><\/span><\/p>\n<p class=\"western\" align=\"left\"><span style=\"font-family: Open Sans;\"><span style=\"font-size: large;\">Najcz\u0119\u015bciej pami\u0119tamy Papie\u017ca modl\u0105cego si\u0119 podczas sprawowania liturgii wraz ze wsp\u00f3lnot\u0105 Ko\u015bcio\u0142a. M\u00f3wi\u0105c o modlitwie liturgicznej, Jan Pawe\u0142 II wzywa, aby w niej by\u0142a realizowana potrzeba \u201echrze\u015bcija\u0144stwa wyr\u00f3\u017cniaj\u0105cego si\u0119 przede wszystkim sztuk\u0105 modlitwy\u201d. Wsp\u00f3lnota chrze\u015bcija\u0144ska powinna rozwija\u0107 swoje \u017cycie modlitewne nie tylko poprzez liturgi\u0119, ale tak\u017ce poprzez nabo\u017ce\u0144stwa chrze\u015bcija\u0144skiego ludu, pod warunkiem, \u017ce b\u0119d\u0105 one zgodne ze \u015bwi\u0119t\u0105 liturgi\u0105, z niej niejako wyp\u0142ywaj\u0105ce i do niej prowadz\u0105ce (<\/span><\/span><span style=\"font-family: Open Sans;\"><span style=\"font-size: large;\"><i>List apostolski Ojca \u015awi\u0119tego Jana Paw\u0142a II z okazji 40. rocznicy og\u0142oszenia Konstytucji o liturgii \u015bwi\u0119tej SacrosanctumConcilium,<\/i><\/span><\/span><span style=\"font-family: Open Sans;\"><span style=\"font-size: large;\">\u00a0<\/span><\/span><span style=\"font-family: Open Sans;\"><span style=\"font-size: large;\"><i>NMI 10<\/i><\/span><\/span><span style=\"font-family: Open Sans;\"><span style=\"font-size: large;\">).<\/span><\/span><\/p>\n<p class=\"western\" align=\"left\"><span style=\"font-family: Open Sans;\"><span style=\"font-size: large;\">\u015arodowiskiem, w kt\u00f3rym wzrasta si\u0119 w \u017cyciu modlitwy jest rodzina.\u00a0<\/span><\/span><span style=\"font-family: Open Sans;\"><span style=\"font-size: large;\"><b>Modlitwa rodzinna<\/b><\/span><\/span><span style=\"font-family: Open Sans;\"><span style=\"font-size: large;\">\u00a0stanowi fundament, decyduj\u0105cy o tym, \u017ce rodzina jest chrze\u015bcija\u0144ska. Jan Pawe\u0142 II zosta\u0142 wprowadzony w \u017cycie modlitwy przez matk\u0119, a po jej wczesnej \u015bmierci, modli\u0142 si\u0119 z ojcem. Maj\u0105c takie do\u015bwiadczenie, poucza\u0142 ma\u0142\u017conk\u00f3w i chrze\u015bcija\u0144skie rodziny o ewangelizacyjnym znaczeniu wsp\u00f3lnej modlitwy. Wzywa\u0142, aby by\u0142a to modlitwa rodziny, za rodziny i z rodzinami. Rodzina winna by\u0107 \u015bwi\u0105tyni\u0105 \u2013 domem modlitwy: modlitwy prostej, serdecznej, przepojonej codziennym trudem. Takiej, \u201ekt\u00f3ra staje si\u0119 \u017cyciem, aby ca\u0142e \u017cycie sta\u0142o si\u0119 modlitw\u0105\u201d (<\/span><\/span><span style=\"font-family: Open Sans;\"><span style=\"font-size: large;\"><i>Misja chrze\u015bcija\u0144skiej rodziny, Watykan, 6 lutego 1994, \u201eL\u2019Osservatore Romano\u201d, wyd. polskie 4(1994), s. 38<\/i><\/span><\/span><span style=\"font-family: Open Sans;\"><span style=\"font-size: large;\">).<\/span><\/span><\/p>\n<p class=\"western\" align=\"left\"><span style=\"font-family: Open Sans;\"><span style=\"font-size: large;\">Modlitwa jest konieczna w \u017cyciu ka\u017cdego chrze\u015bcijanina, ale modlitwa rodzinna ma szczeg\u00f3lny charakter. Jest to modlitwa wsp\u00f3lna, wi\u0119c nale\u017cy j\u0105 dostosowa\u0107 do potrzeb ka\u017cdej rodziny. Pobudza ona uczucie czci dla Pana Boga i wzajemnego szacunku dla siebie. Nadaje te\u017c wszelkim rado\u015bciom i smutkom, wszystkim zdarzeniom i okoliczno\u015bciom perspektyw\u0119 Bo\u017cego mi\u0142osierdzia i Jego opatrzno\u015bci. \u201eTylko modl\u0105c si\u0119 wsp\u00f3lnie z dzie\u0107mi, wype\u0142niaj\u0105c swoje kr\u00f3lewskie kap\u0142a\u0144stwo, ojciec i matka zst\u0119puj\u0105 w g\u0142\u0105b serc dzieci, pozostawiaj\u0105c \u015blady, kt\u00f3rych nie zdo\u0142aj\u0105 zatrze\u0107 p\u00f3\u017aniejsze wydarzenia \u017cyciowe\u201d (<\/span><\/span><span style=\"font-family: Open Sans;\"><span style=\"font-size: large;\"><i>FC 60<\/i><\/span><\/span><span style=\"font-family: Open Sans;\"><span style=\"font-size: large;\">).<\/span><\/span><\/p>\n<p class=\"western\" align=\"left\"><span style=\"font-family: Open Sans;\"><span style=\"font-size: large;\"><b>W jaki spos\u00f3b si\u0119 modli\u0107?\u00a0<\/b><\/span><\/span><span style=\"font-family: Open Sans;\"><span style=\"font-size: large;\">Papie\u017c radzi: co tydzie\u0144 po\u015bwi\u0119ci\u0107 przynajmniej p\u00f3\u0142 godziny na adoracj\u0119 Naj\u015bwi\u0119tszego Sakramentu (w przypadku choroby lub trudno\u015bci adorowa\u0107 krzy\u017c Chrystusa); co miesi\u0105c podj\u0105\u0107 refleksj\u0119 nad darem modlitwy przez osobist\u0105 lektur\u0119 lub udzia\u0142 w spotkaniu formacyjnym, co roku prze\u017cywa\u0107 rekolekcje pog\u0142\u0119biaj\u0105ce \u017cycie modlitewne, na przyk\u0142ad rekolekcje parafialne lub nowenn\u0119 do Mi\u0142osierdzia Bo\u017cego.<\/span><\/span><\/p>\n<p class=\"western\" align=\"left\"><span style=\"font-family: Open Sans;\"><span style=\"font-size: large;\">Dla Jana Paw\u0142a II ulubion\u0105 modlitw\u0105 by\u0142\u00a0<\/span><\/span><span style=\"font-family: Open Sans;\"><span style=\"font-size: large;\"><b>r\u00f3\u017caniec.<\/b><\/span><\/span><span style=\"font-family: Open Sans;\"><span style=\"font-size: large;\">\u00a0R\u00f3\u017caniec bowiem, cho\u0107 ma charakter maryjny, jest modlitw\u0105 skoncentrowan\u0105 na Chrystusie. W pow\u015bci\u0105gliwo\u015bci swych element\u00f3w skupia w sobie g\u0142\u0119bi\u0119 ca\u0142ego przes\u0142ania ewangelicznego. Przez r\u00f3\u017caniec lud chrze\u015bcija\u0144ski niejako wst\u0119puje do szko\u0142y Maryi, daj\u0105c si\u0119 wprowadzi\u0107 w kontemplacj\u0119 pi\u0119kna oblicza Chrystusa i w do\u015bwiadczanie g\u0142\u0119bi Jego mi\u0142o\u015bci (<\/span><\/span><span style=\"font-family: Open Sans;\"><span style=\"font-size: large;\"><i>List Apostolski Rosarium VirginisMariae 1<\/i><\/span><\/span><span style=\"font-family: Open Sans;\"><span style=\"font-size: large;\">). Papie\u017c codziennie znajdowa\u0142 czas na r\u00f3\u017ca\u0144cowe medytacje. Maryi \u2013 Matce Ko\u015bcio\u0142a powierza\u0142 swoje \u017cycie, pos\u0142ug\u0119 Ko\u015bcio\u0142owi, podr\u00f3\u017ce apostolskie, czy te\u017c rozwi\u0105zywanie trudnych spraw. Ca\u0142e \u017cycie przepoi\u0142 modlitw\u0105 do Boga Tr\u00f3jjedynego. Wszystko pozostawi\u0142 wstawiennictwu Maryi do Boga. Da\u0142 temu wyraz w swoim zawo\u0142aniu:\u00a0<\/span><\/span><span style=\"font-family: Open Sans;\"><span style=\"font-size: large;\"><b>TOTUS TUUS\u00a0<\/b><\/span><\/span><span style=\"font-family: Open Sans;\"><span style=\"font-size: large;\">\u2013 Ca\u0142y Tw\u00f3j. Tym s\u0142owom by\u0142 wierny ca\u0142e \u017cycie.<\/span><\/span><\/p>\n<p align=\"left\"><span style=\"color: #ffffff;\"><span style=\"font-family: Helvetica Neue;\"><span style=\"font-family: Open Sans;\"><span style=\"font-size: large;\">s. Kinga Walkowiak<\/span><\/span><\/span><\/span><\/p>\n","protected":false},"excerpt":{"rendered":"<p>\u201eO Maryjo, Matko Mi\u0142osierdzia, czuwaj nad wszystkim, aby nie by\u0142 daremny Krzy\u017c Chrystusa, aby cz\u0142owiek nie zagubi\u0142 drogi dobra, nie utraci\u0142 \u015bwiadomo\u015bci grzechu i umia\u0142 coraz g\u0142\u0119biej ufa\u0107 Bogu\u00a0bogatemu w mi\u0142osierdzie, by z w\u0142asnej woli spe\u0142nia\u0142 dobre czyny, kt\u00f3re B\u00f3g z g\u00f3ry przygotowa\u0142 i w ten spos\u00f3b \u017cy\u0142\u00a0ku chwale Jego majestatu\u201e. Tak modli\u0142 si\u0119\u00a0Jan Pawe\u0142 II, cz\u0142owiek g\u0142\u0119bokiej modlitwy, kt\u00f3ry na rozmowie z Bogiem prze\u017cywa\u0142 ka\u017cdy dzie\u0144, ka\u017cde wydarzenie, ka\u017cde wyzwanie, przed jakim stawia\u0142o go \u017cycie. Pami\u0119tamy Ojca \u015awi\u0119tego jako cz\u0142owieka b\u0119d\u0105cego w nieustannym kontakcie z Bogiem. Ludzie, kt\u00f3rzy nigdy nie si\u0119gn\u0105 do bogatego nauczania Ojca \u015awi\u0119tego b\u0119d\u0105 jednak na d\u0142ugo mieli jego obraz w pami\u0119ci: to, co robi\u0142, jaki by\u0142, jak si\u0119 modli\u0142 i jak cierpia\u0142. Pami\u0119ta\u0107 go takim, to jakby czyta\u0107 fragmenty jego encyklik. Papie\u017c tak wiele nas nauczy\u0142 nawet, gdy ju\u017c nie m\u00f3g\u0142 m\u00f3wi\u0107. On modli\u0142 si\u0119 \u017cyciem i \u017cy\u0142 modlitw\u0105. Co m\u00f3wi\u0142 o modlitwie? Jan Pawe\u0142&hellip;<\/p>\n<p> <a class=\"more-link\" href=\"http:\/\/www.franciszek-walcz.pl\/?p=22008\">Czytaj dalej<\/a><\/p>\n","protected":false},"author":1,"featured_media":0,"comment_status":"closed","ping_status":"closed","sticky":false,"template":"","format":"standard","meta":{"footnotes":""},"categories":[1],"tags":[],"class_list":{"0":"post-22008","1":"post","2":"type-post","3":"status-publish","4":"format-standard","6":"category-uncategorized"},"brizy_media":[],"_links":{"self":[{"href":"http:\/\/www.franciszek-walcz.pl\/index.php?rest_route=\/wp\/v2\/posts\/22008","targetHints":{"allow":["GET"]}}],"collection":[{"href":"http:\/\/www.franciszek-walcz.pl\/index.php?rest_route=\/wp\/v2\/posts"}],"about":[{"href":"http:\/\/www.franciszek-walcz.pl\/index.php?rest_route=\/wp\/v2\/types\/post"}],"author":[{"embeddable":true,"href":"http:\/\/www.franciszek-walcz.pl\/index.php?rest_route=\/wp\/v2\/users\/1"}],"replies":[{"embeddable":true,"href":"http:\/\/www.franciszek-walcz.pl\/index.php?rest_route=%2Fwp%2Fv2%2Fcomments&post=22008"}],"version-history":[{"count":2,"href":"http:\/\/www.franciszek-walcz.pl\/index.php?rest_route=\/wp\/v2\/posts\/22008\/revisions"}],"predecessor-version":[{"id":22010,"href":"http:\/\/www.franciszek-walcz.pl\/index.php?rest_route=\/wp\/v2\/posts\/22008\/revisions\/22010"}],"wp:attachment":[{"href":"http:\/\/www.franciszek-walcz.pl\/index.php?rest_route=%2Fwp%2Fv2%2Fmedia&parent=22008"}],"wp:term":[{"taxonomy":"category","embeddable":true,"href":"http:\/\/www.franciszek-walcz.pl\/index.php?rest_route=%2Fwp%2Fv2%2Fcategories&post=22008"},{"taxonomy":"post_tag","embeddable":true,"href":"http:\/\/www.franciszek-walcz.pl\/index.php?rest_route=%2Fwp%2Fv2%2Ftags&post=22008"}],"curies":[{"name":"wp","href":"https:\/\/api.w.org\/{rel}","templated":true}]}}