{"id":22091,"date":"2022-10-29T17:57:47","date_gmt":"2022-10-29T15:57:47","guid":{"rendered":"http:\/\/www.franciszek-walcz.pl\/?p=22091"},"modified":"2022-10-29T17:57:47","modified_gmt":"2022-10-29T15:57:47","slug":"apel-biskupa-polowego","status":"publish","type":"post","link":"http:\/\/www.franciszek-walcz.pl\/?p=22091","title":{"rendered":"APEL BISKUPA POLOWEGO"},"content":{"rendered":"<p>Warszawa, 28 pa\u017adziernika 2022 roku<\/p>\n<p>L.dz. 1118\/CD\/Bp\/2022<\/p>\n<p style=\"text-align: center;\">APEL BISKUPA POLOWEGO<\/p>\n<p style=\"text-align: center;\">do wiernych o wsparcie finansowe filmu o ks. gen. Stanis\u0142awie Brz\u00f3sce,<\/p>\n<p style=\"text-align: center;\">bohaterze powstania styczniowego<\/p>\n<p>W przysz\u0142ym roku, 2023, przypadnie 160. rocznica wybuchu Powstania Styczniowego, kt\u00f3re w okresie zabor\u00f3w mia\u0142o bardzo du\u017ce znaczenie dla budzenia \u015bwiadomo\u015bci narodowej i \u017cywego patriotyzmu w\u015br\u00f3d Polak\u00f3w. Powstanie zaanga\u017cowa\u0142o w walk\u0119\u0328 o niepodleg\u0142o\u015b\u0107\u0301 Ojczyzny r\u00f3\u017cne warstwy spo\u0142eczne, cho\u0107\u0301 jednocze\u015bnie poch\u0142on\u0119\u0142o najwi\u0119cej ofiar i spowodowa\u0142o najwi\u0119cej cierpie\u0144\u0301. Wielu bohater\u00f3w Powstania Styczniowego wesz\u0142o na trwa\u0142e do panteonu polskiej drogi ku wolno\u015bci. W\u015br\u00f3d nich jest kap\u0142an, ks. Stanis\u0142aw Brz\u00f3ska, kt\u00f3ry dla wolno\u015bci Ojczyzny po\u015bwi\u0119ci\u0142 swoje \u017cycie.<\/p>\n<p>Po przyj\u0119ciu \u015bwi\u0119ce\u0144 jako niespe\u0142na 24-letni kap\u0142an, rozpocz\u0105\u0142 on w 1858 r. prace\u0328 duszpasterska\u0328 w Soko\u0142owie Podlaskim. Ju\u017c przed Powstaniem, a szczeg\u00f3lnie po jego wybuchu, przejawia\u0142 wielka\u0328 trosk\u0119\u0328 o Ko\u015bci\u00f3\u0142 i Polsk\u0119\u0328. Rz\u0105d Narodowy mianowa\u0142 go naczelnym kapelanem wojsk powsta\u0144czych w stopniu genera\u0142a. W lutym 1863 r. bra\u0142 udzia\u0142 w bitwie pod Siemiatyczami, najwi\u0119kszej bitwie powstania. Ks. Brz\u00f3ska przeszed\u0142 d\u0142ugi szlak bojowy, zako\u0144czony aresztowaniem. Za swoja\u0328 dzia\u0142alno\u015b\u0107\u0301 patriotyczna\u0328 zosta\u0142 skazany przez carskie w\u0142adze na \u015bmier\u0107. Wyrok &#8211; na oczach 10-tysie\u0328cznego t\u0142umu \u2013 zosta\u0142 wykonany 23 maja 1865 r. na rynku w Soko\u0142owie Podlaskim. To tragiczne wydarzenie upami\u0119tnia pomnik postawiony 100 lat temu. Istnieje jednak potrzeba tak\u017ce innego upami\u0119tnienia i ukazania historii \u017cycia tego bohaterskiego kap\u0142ana. Od jakiego\u015b czasu realizowany jest o nim film fabularny. Pomys\u0142odawca\u0328 i re\u017cyserem filmu jest Pan Tadeusz Syka, kt\u00f3ry w swoim dorobku ma ju\u017c\u0307 m. in. film \u201eWyszy\u0144ski \u2013 zemsta czy przebaczenie\u201d, opowiadaj\u0105cy o b\u0142. Prymasie Tysi\u0105clecia. Do\u00a0w\u0142\u0105czenia si\u0119\u0328 w tworzenie filmu o ks. Stanis\u0142awie Brz\u00f3sce zosta\u0142 r\u00f3wnie\u017c zaproszony Ordynariat Polowy.<\/p>\n<p>Zwracam si\u0119 z serdecznym apelem do wiernych Ordynariatu Polowego a tak\u017ce do gromadz\u0105cych si\u0119 na liturgii w ko\u015bcio\u0142ach i kaplicach garnizonowych o\u00a0z\u0142o\u017cenie ofiary na tace\u0328 w niedziele\u0328, 6 listopada tego roku. Takie materialne wsparcie filmu, kt\u00f3ry b\u0119dzie mia\u0142 znaczenie edukacyjne okaza\u0142y ju\u017c diecezje, na terenie kt\u00f3rych dzia\u0142a\u0142 ks. Stanis\u0142aw Brz\u00f3ska.<\/p>\n<p>Za poparcie tej szlachetnej inicjatywy wszystkim ofiarodawcom sk\u0142adam serdeczne podzi\u0119kowanie.<\/p>\n<p>bp Wies\u0142aw LECHOWICZ<\/p>\n","protected":false},"excerpt":{"rendered":"<p>Warszawa, 28 pa\u017adziernika 2022 roku L.dz. 1118\/CD\/Bp\/2022 APEL BISKUPA POLOWEGO do wiernych o wsparcie finansowe filmu o ks. gen. Stanis\u0142awie Brz\u00f3sce, bohaterze powstania styczniowego W przysz\u0142ym roku, 2023, przypadnie 160. rocznica wybuchu Powstania Styczniowego, kt\u00f3re w okresie zabor\u00f3w mia\u0142o bardzo du\u017ce znaczenie dla budzenia \u015bwiadomo\u015bci narodowej i \u017cywego patriotyzmu w\u015br\u00f3d Polak\u00f3w. Powstanie zaanga\u017cowa\u0142o w walk\u0119\u0328 o niepodleg\u0142o\u015b\u0107\u0301 Ojczyzny r\u00f3\u017cne warstwy spo\u0142eczne, cho\u0107\u0301 jednocze\u015bnie poch\u0142on\u0119\u0142o najwi\u0119cej ofiar i spowodowa\u0142o najwi\u0119cej cierpie\u0144\u0301. Wielu bohater\u00f3w Powstania Styczniowego wesz\u0142o na trwa\u0142e do panteonu polskiej drogi ku wolno\u015bci. W\u015br\u00f3d nich jest kap\u0142an, ks. Stanis\u0142aw Brz\u00f3ska, kt\u00f3ry dla wolno\u015bci Ojczyzny po\u015bwi\u0119ci\u0142 swoje \u017cycie. Po przyj\u0119ciu \u015bwi\u0119ce\u0144 jako niespe\u0142na 24-letni kap\u0142an, rozpocz\u0105\u0142 on w 1858 r. prace\u0328 duszpasterska\u0328 w Soko\u0142owie Podlaskim. Ju\u017c przed Powstaniem, a szczeg\u00f3lnie po jego wybuchu, przejawia\u0142 wielka\u0328 trosk\u0119\u0328 o Ko\u015bci\u00f3\u0142 i Polsk\u0119\u0328. Rz\u0105d Narodowy mianowa\u0142 go naczelnym kapelanem wojsk powsta\u0144czych w stopniu genera\u0142a. W lutym 1863 r. bra\u0142 udzia\u0142 w bitwie pod Siemiatyczami,&hellip;<\/p>\n<p> <a class=\"more-link\" href=\"http:\/\/www.franciszek-walcz.pl\/?p=22091\">Czytaj dalej<\/a><\/p>\n","protected":false},"author":1,"featured_media":0,"comment_status":"closed","ping_status":"closed","sticky":false,"template":"","format":"standard","meta":{"footnotes":""},"categories":[5],"tags":[],"class_list":{"0":"post-22091","1":"post","2":"type-post","3":"status-publish","4":"format-standard","6":"category-artykuly"},"brizy_media":[],"_links":{"self":[{"href":"http:\/\/www.franciszek-walcz.pl\/index.php?rest_route=\/wp\/v2\/posts\/22091","targetHints":{"allow":["GET"]}}],"collection":[{"href":"http:\/\/www.franciszek-walcz.pl\/index.php?rest_route=\/wp\/v2\/posts"}],"about":[{"href":"http:\/\/www.franciszek-walcz.pl\/index.php?rest_route=\/wp\/v2\/types\/post"}],"author":[{"embeddable":true,"href":"http:\/\/www.franciszek-walcz.pl\/index.php?rest_route=\/wp\/v2\/users\/1"}],"replies":[{"embeddable":true,"href":"http:\/\/www.franciszek-walcz.pl\/index.php?rest_route=%2Fwp%2Fv2%2Fcomments&post=22091"}],"version-history":[{"count":1,"href":"http:\/\/www.franciszek-walcz.pl\/index.php?rest_route=\/wp\/v2\/posts\/22091\/revisions"}],"predecessor-version":[{"id":22092,"href":"http:\/\/www.franciszek-walcz.pl\/index.php?rest_route=\/wp\/v2\/posts\/22091\/revisions\/22092"}],"wp:attachment":[{"href":"http:\/\/www.franciszek-walcz.pl\/index.php?rest_route=%2Fwp%2Fv2%2Fmedia&parent=22091"}],"wp:term":[{"taxonomy":"category","embeddable":true,"href":"http:\/\/www.franciszek-walcz.pl\/index.php?rest_route=%2Fwp%2Fv2%2Fcategories&post=22091"},{"taxonomy":"post_tag","embeddable":true,"href":"http:\/\/www.franciszek-walcz.pl\/index.php?rest_route=%2Fwp%2Fv2%2Ftags&post=22091"}],"curies":[{"name":"wp","href":"https:\/\/api.w.org\/{rel}","templated":true}]}}