{"id":22226,"date":"2022-11-01T10:49:48","date_gmt":"2022-11-01T09:49:48","guid":{"rendered":"http:\/\/www.franciszek-walcz.pl\/?p=22226"},"modified":"2022-11-01T10:49:48","modified_gmt":"2022-11-01T09:49:48","slug":"uroczystosc-wszystkich-swietych-i-wspomnienie-wszystkich-wiernych-zmarlych-tak-zwany-dzien-zaduszny","status":"publish","type":"post","link":"http:\/\/www.franciszek-walcz.pl\/?p=22226","title":{"rendered":"UROCZYSTO\u015a\u0106 WSZYSTKICH \u015aWI\u0118TYCH I WSPOMNIENIE WSZYSTKICH WIERNYCH ZMAR\u0141YCH, TAK ZWANY DZIE\u0143 ZADUSZNY"},"content":{"rendered":"<p><strong>1 listopada<\/strong>\u00a0Ko\u015bci\u00f3\u0142 obchodzi wielk\u0105 i radosn\u0105\u00a0<strong>uroczysto\u015b\u0107 WSZYSTKICH \u015aWI\u0118TYCH<\/strong>, czyli\u00a0<strong>\u015bwi\u0119to przyjaci\u00f3\u0142 Boga<\/strong>. S\u0105 oni i naszymi przyjaci\u00f3\u0142mi i mog\u0105 nam pomaga\u0107. Prosimy ich o wstawiennictwo. \u015awi\u0119ci przypominaj\u0105 nam o celu naszej ziemskiej w\u0119dr\u00f3wki: zaprzyja\u017ani\u0107 si\u0119 z Bogiem i \u017cy\u0107 z Nim w szcz\u0119\u015bciu na zawsze. W raju s\u0105 nie tylko \u015bwi\u0119ci kanonizowani przez Ko\u015bci\u00f3\u0142, ale tak\u017ce wiele nieznanych nam os\u00f3b, kt\u00f3re \u017cy\u0142y po chrze\u015bcija\u0144sku, w ukryciu i milczeniu.<\/p>\n<p>1 i 2 Listopada to dni powi\u0105zane ze sob\u0105, bo pokazuj\u0105, \u017ce\u00a0<strong>jeste\u015bmy jedn\u0105 wielk\u0105 rodzin\u0105 Bo\u017c\u0105<\/strong>. Potrzebujemy siebie. Dla wierz\u0105cego granic\u0105 nie jest \u015bmier\u0107, ale chrzest. Ci, kt\u00f3rzy umarli, \u017cyj\u0105 w Bogu i mog\u0105 wstawia\u0107 si\u0119 za nami, a my mo\u017cemy ucieka\u0107 do ich or\u0119downictwa lub s\u0142a\u0107 duchowe dary na drugi brzeg \u017cycia. I tak dzieje si\u0119 komunia mi\u0119dzy nami, \u017cywotna wie\u017a, kt\u00f3r\u0105 okre\u015bla tajemnica\u00a0<strong>\u015bwi\u0119tych obcowania<\/strong>.<\/p>\n<p><strong>2 listopada\u00a0<\/strong>wspominamy tych, kt\u00f3rzy jeszcze nie s\u0105 \u015bwi\u0119tymi, ale umarli z nadziej\u0105, \u017ce B\u00f3g przebaczy im winy i dopu\u015bci kiedy\u015b do blisko\u015bci z sob\u0105. To jest\u00a0<strong>dzie\u0144 po\u015bwi\u0119cony duszom w czy\u015b\u0107cu t\u0119skni\u0105cym za Bogiem,<\/strong>\u00a0ale nie mog\u0105cym ju\u017c nic uczyni\u0107, by si\u0119 do Niego zbli\u017cy\u0107. My za to mo\u017cemy ofiarowa\u0107 za nich nasze pro\u015bby do Boga, nasze czyste serca i nasz\u0105 wi\u0119\u017a z Chrystusem. Taki jest sens tzw.\u00a0<em>odpust\u00f3w<\/em>\u00a0zupe\u0142nych i cz\u0105stkowych za zmar\u0142ych. Otrzymanie odpustu nie jest odpuszczeniem grzech\u00f3w, bo to dokonuje si\u0119 w sakramencie pokuty i pojednania.\u00a0<em>Odpust jest natomiast darowaniem doczesnej kary za grzechy, czyli usuni\u0119ciem skutk\u00f3w z\u0142a<\/em>\u00a0\u2013 B\u00f3g przez Ko\u015bci\u00f3\u0142 bierze na siebie trud naprawy z\u0142a, kt\u00f3re grzesznik wyrz\u0105dzi\u0142.<\/p>\n<p>Obecnie \u2013 przez ograniczenia zwi\u0105zane z pandemi\u0105 \u2013\u00a0 zosta\u0142 wyd\u0142u\u017cony czas uzyskiwaniu odpustu zupe\u0142nego przez ca\u0142y listopad (w dowolne osiem dni mo\u017cna to uczyni\u0107). Jak mo\u017cemy prosi\u0107 o przebaczenie dla naszych zmar\u0142ych, za ich ma\u0142e i du\u017ce b\u0142\u0119dy pope\u0142niane za \u017cycia na ziemi?<\/p>\n<p>Mo\u017cna zyska\u0107 jeden odpust w ci\u0105gu dnia za jedn\u0105 dusz\u0119 w czy\u015b\u0107cu. Aby to uczyni\u0107 nale\u017cy za ka\u017cdym razem:<\/p>\n<ul>\n<li>By\u0107 w stanie \u0142aski u\u015bwi\u0119caj\u0105cej, czyli mie\u0107 dusz\u0119 woln\u0105 od grzech\u00f3w po uprzedniej spowiedzi, wyrzec si\u0119 przywi\u0105zania do grzech\u00f3w, by\u0107 w dyspozycji szczerego otwarcia si\u0119 na Boga i Jego wol\u0119; jedna spowied\u017a wystarcza do uzyskania wielu odpust\u00f3w;<\/li>\n<li>Uczestniczy\u0107 we Mszy \u015bwi\u0119tej i przyj\u0105\u0107 Chrystusa w\u00a0Komunii \u015bwi\u0119tej \u2013 bo najwi\u0119kszym bogactwem, jakie mamy dla zmar\u0142ych jest Msza \u015bwi\u0119ta.<\/li>\n<li>Gdy kto\u015b nie mo\u017ce wychodzi\u0107 z domu (by nawiedzi\u0107 cmentarz w listopadzie), to powinien odm\u00f3wi\u0107 przed obrazem Pana Jezusa lub Matki Bo\u017cej modlitw\u0119 (np. r\u00f3\u017caniec, koronk\u0119 do Mi\u0142osierdzia Bo\u017cego, brewiarz za zmar\u0142ych), czemu winno towarzyszy\u0107 spe\u0142nienie i ofiarowanie za zmar\u0142ego czynu mi\u0142osierdzia.<\/li>\n<li>Pomodli\u0107 si\u0119 w intencjach wyznaczonych przez Ojca \u015awi\u0119tego na znak jedno\u015bci nie tylko z Chrystusem, ale i\u00a0z\u00a0Jego Ko\u015bcio\u0142em: modlitwa\u00a0<em>Ojcze nasz<\/em>, Wyznanie Wiary (<em>Wierz\u0119 w Boga<\/em>),\u00a0<em>Zdrowa\u015b Maryjo<\/em>\u00a0oraz pomodli\u0107 si\u0119 w intencji zmar\u0142ego.<\/li>\n<\/ul>\n<p><strong>Na grobach<\/strong>\u00a0stawiamy\u00a0<strong>krzy\u017c<\/strong>\u00a0jako wyraz naszej wiary, \u017ce\u00a0<em>Chrystus przez w\u0142asn\u0105 \u015bmier\u0107 zwyci\u0119\u017cy\u0142 \u015bmier\u0107 nasz\u0105<\/em>,\u00a0<em>a przez swoje zmartwychwstanie przywraca nam \u017cycie<\/em>. Zapalamy\u00a0<strong>znicze i lampki<\/strong>\u00a0jako\u00a0<em>symbol naszej modlitwy o dopuszczenie osoby zmar\u0142ej do wiecznej \u015bwiat\u0142o\u015bci.<\/em>\u00a0K\u0142adziemy te\u017c \u015bwie\u017ce\u00a0<strong>kwiaty<\/strong>\u00a0jako\u00a0<em>znak \u0142\u0105cz\u0105cej nas mi\u0142o\u015bci i wdzi\u0119czno\u015bci za dobro,<\/em>\u00a0kt\u00f3re spe\u0142ni\u0142a ona na ziemi. Nawiedzamy cmentarze, bo wierzymy, \u017ce \u017cycie si\u0119 zmienia, ale nie ko\u0144czy i\u00a0wszyscy spotkamy si\u0119 w rado\u015bci i \u015bwiat\u0142o\u015bci bez ko\u0144ca.<\/p>\n<p>\u201ePewnego dnia wszyscy b\u0119dziemy mogli \u017cy\u0107 szcz\u0119\u015bliwi w \u015bwietle Boga pod warunkiem, \u017ce uwierzyli\u015bmy nie tylko s\u0142owami, ale te\u017c czynami\u201d\u00a0<em>Mauro<\/em>\u00a0<em>kard. Piacenza<\/em><\/p>\n","protected":false},"excerpt":{"rendered":"<p>1 listopada\u00a0Ko\u015bci\u00f3\u0142 obchodzi wielk\u0105 i radosn\u0105\u00a0uroczysto\u015b\u0107 WSZYSTKICH \u015aWI\u0118TYCH, czyli\u00a0\u015bwi\u0119to przyjaci\u00f3\u0142 Boga. S\u0105 oni i naszymi przyjaci\u00f3\u0142mi i mog\u0105 nam pomaga\u0107. Prosimy ich o wstawiennictwo. \u015awi\u0119ci przypominaj\u0105 nam o celu naszej ziemskiej w\u0119dr\u00f3wki: zaprzyja\u017ani\u0107 si\u0119 z Bogiem i \u017cy\u0107 z Nim w szcz\u0119\u015bciu na zawsze. W raju s\u0105 nie tylko \u015bwi\u0119ci kanonizowani przez Ko\u015bci\u00f3\u0142, ale tak\u017ce wiele nieznanych nam os\u00f3b, kt\u00f3re \u017cy\u0142y po chrze\u015bcija\u0144sku, w ukryciu i milczeniu. 1 i 2 Listopada to dni powi\u0105zane ze sob\u0105, bo pokazuj\u0105, \u017ce\u00a0jeste\u015bmy jedn\u0105 wielk\u0105 rodzin\u0105 Bo\u017c\u0105. Potrzebujemy siebie. Dla wierz\u0105cego granic\u0105 nie jest \u015bmier\u0107, ale chrzest. Ci, kt\u00f3rzy umarli, \u017cyj\u0105 w Bogu i mog\u0105 wstawia\u0107 si\u0119 za nami, a my mo\u017cemy ucieka\u0107 do ich or\u0119downictwa lub s\u0142a\u0107 duchowe dary na drugi brzeg \u017cycia. I tak dzieje si\u0119 komunia mi\u0119dzy nami, \u017cywotna wie\u017a, kt\u00f3r\u0105 okre\u015bla tajemnica\u00a0\u015bwi\u0119tych obcowania. 2 listopada\u00a0wspominamy tych, kt\u00f3rzy jeszcze nie s\u0105 \u015bwi\u0119tymi, ale umarli z nadziej\u0105, \u017ce B\u00f3g przebaczy im winy&hellip;<\/p>\n<p> <a class=\"more-link\" href=\"http:\/\/www.franciszek-walcz.pl\/?p=22226\">Czytaj dalej<\/a><\/p>\n","protected":false},"author":1,"featured_media":0,"comment_status":"closed","ping_status":"closed","sticky":false,"template":"","format":"standard","meta":{"footnotes":""},"categories":[5],"tags":[],"class_list":{"0":"post-22226","1":"post","2":"type-post","3":"status-publish","4":"format-standard","6":"category-artykuly"},"brizy_media":[],"_links":{"self":[{"href":"http:\/\/www.franciszek-walcz.pl\/index.php?rest_route=\/wp\/v2\/posts\/22226","targetHints":{"allow":["GET"]}}],"collection":[{"href":"http:\/\/www.franciszek-walcz.pl\/index.php?rest_route=\/wp\/v2\/posts"}],"about":[{"href":"http:\/\/www.franciszek-walcz.pl\/index.php?rest_route=\/wp\/v2\/types\/post"}],"author":[{"embeddable":true,"href":"http:\/\/www.franciszek-walcz.pl\/index.php?rest_route=\/wp\/v2\/users\/1"}],"replies":[{"embeddable":true,"href":"http:\/\/www.franciszek-walcz.pl\/index.php?rest_route=%2Fwp%2Fv2%2Fcomments&post=22226"}],"version-history":[{"count":1,"href":"http:\/\/www.franciszek-walcz.pl\/index.php?rest_route=\/wp\/v2\/posts\/22226\/revisions"}],"predecessor-version":[{"id":22227,"href":"http:\/\/www.franciszek-walcz.pl\/index.php?rest_route=\/wp\/v2\/posts\/22226\/revisions\/22227"}],"wp:attachment":[{"href":"http:\/\/www.franciszek-walcz.pl\/index.php?rest_route=%2Fwp%2Fv2%2Fmedia&parent=22226"}],"wp:term":[{"taxonomy":"category","embeddable":true,"href":"http:\/\/www.franciszek-walcz.pl\/index.php?rest_route=%2Fwp%2Fv2%2Fcategories&post=22226"},{"taxonomy":"post_tag","embeddable":true,"href":"http:\/\/www.franciszek-walcz.pl\/index.php?rest_route=%2Fwp%2Fv2%2Ftags&post=22226"}],"curies":[{"name":"wp","href":"https:\/\/api.w.org\/{rel}","templated":true}]}}