{"id":22241,"date":"2022-11-02T16:40:44","date_gmt":"2022-11-02T15:40:44","guid":{"rendered":"http:\/\/www.franciszek-walcz.pl\/?p=22241"},"modified":"2022-11-02T16:46:46","modified_gmt":"2022-11-02T15:46:46","slug":"pamietaj-o-zyciu","status":"publish","type":"post","link":"http:\/\/www.franciszek-walcz.pl\/?p=22241","title":{"rendered":"Pami\u0119taj o \u017cyciu"},"content":{"rendered":"<p>Dobrze, \u017ce mamy dzie\u0144 zaduszny \u2013 wspomnienie wszystkich wiernych zmar\u0142ych. Dobrze, \u017ce modlimy si\u0119 za nich, nie tylko dzisiaj, ale przez ca\u0142y rok. Dobrze, \u017ce pami\u0119tamy.Jednak tak jak pami\u0119tamy o \u015bmierci tak pami\u0119tajmy te\u017c o \u017cyciu. Nawet bardziej. Bo \u015bmier\u0107 to moment, \u017cycie to wieczno\u015b\u0107.<\/p>\n<p>Przypomina nam to dzisiejsza Ewangelia \u2013 zaczyna si\u0119 od \u015bmierci Jezusa, J\u00f3zef z Arymatei zajmuje si\u0119 pogrzebem, ale na ko\u0144cu kobiety przyby\u0142e do grobu s\u0142ysz\u0105: \u201cNie ma Go tutaj; zmartwychwsta\u0142.\u201d<\/p>\n<p>Tak jak \u017cycie Jezusa jest dla nas wzorem tak niech b\u0119dzie wzorem gr\u00f3b Jezusa. To wcale nie jest miejsce wiecznego spoczynku, jak czasami nieopatrznie m\u00f3wimy. Nasz gr\u00f3b to miejsce spoczynku chwilowego.<\/p>\n<p>Chwila d\u0142u\u017csza lub kr\u00f3tsza, ale w por\u00f3wnaniu z wieczno\u015bci\u0105 to tylko chwila. Nasz gr\u00f3b te\u017c kiedy\u015b b\u0119dzie pusty. Dlatego pami\u0119tajmy o \u015bmierci, ale jeszcze bardziej pami\u0119tajmy o \u017cyciu.<\/p>\n<p>Pami\u0119tajmy o \u017cyciu wiecznym \u2013 zbawieniu lub pot\u0119pieniu, ale pami\u0119tajmy tak\u017ce o tym \u017cyciu doczesnym.<\/p>\n<p>Dziwne si\u0119 to mo\u017ce wydawa\u0107, ale obserwuj\u0105c \u015bwiat dochodz\u0119 do wniosku, \u017ce nie potrafimy \u017cy\u0107, \u017ce marnujemy chwile, godziny, dni ca\u0142e, na to, co \u017cyciem prawdziwym nie jest, co jest mia\u0142kie, banalne, tanie, co nie nasyca, co jest podr\u00f3bk\u0105 \u017cycia i szcz\u0119\u015bcia.<\/p>\n<p>Jedno jest \u017cycie tu na ziemi i trwa zbyt kr\u00f3tko, by je marnowa\u0107 na to, co nie jest godne \u017cycia. A co jest godne \u017cycia? B\u00f3g i mi\u0142o\u015b\u0107, co tak naprawd\u0119 jest tym samym, bo \u201cB\u00f3g jest mi\u0142o\u015bci\u0105\u201d .<\/p>\n<p>I nie chodzi mi tu o dewocj\u0119, o tym, by ci\u0105gle ogl\u0105da\u0107 transmisj\u0119 Mszy \u015awi\u0119tych i nie wypuszcza\u0107 r\u00f3\u017ca\u0144ca z\u00a0r\u0119ki.<\/p>\n<p>Chodzi mi o to, by \u017cy\u0107, \u017cy\u0107 w Bogu i z Bogiem. Gdy \u017cyjemy w Bogu i z Bogiem to codzienno\u015b\u0107 staje si\u0119 niezwyk\u0142a a to co proste i zwyczajne staje si\u0119 pi\u0119kne.<\/p>\n<p>Pami\u0119tajmy o \u015bmierci. Jeszcze bardziej pami\u0119tajmy o \u017cyciu.<\/p>\n<p>&nbsp;<\/p>\n","protected":false},"excerpt":{"rendered":"<p>Dobrze, \u017ce mamy dzie\u0144 zaduszny \u2013 wspomnienie wszystkich wiernych zmar\u0142ych. Dobrze, \u017ce modlimy si\u0119 za nich, nie tylko dzisiaj, ale przez ca\u0142y rok. Dobrze, \u017ce pami\u0119tamy.Jednak tak jak pami\u0119tamy o \u015bmierci tak pami\u0119tajmy te\u017c o \u017cyciu. Nawet bardziej. Bo \u015bmier\u0107 to moment, \u017cycie to wieczno\u015b\u0107. Przypomina nam to dzisiejsza Ewangelia \u2013 zaczyna si\u0119 od \u015bmierci Jezusa, J\u00f3zef z Arymatei zajmuje si\u0119 pogrzebem, ale na ko\u0144cu kobiety przyby\u0142e do grobu s\u0142ysz\u0105: \u201cNie ma Go tutaj; zmartwychwsta\u0142.\u201d Tak jak \u017cycie Jezusa jest dla nas wzorem tak niech b\u0119dzie wzorem gr\u00f3b Jezusa. To wcale nie jest miejsce wiecznego spoczynku, jak czasami nieopatrznie m\u00f3wimy. Nasz gr\u00f3b to miejsce spoczynku chwilowego. Chwila d\u0142u\u017csza lub kr\u00f3tsza, ale w por\u00f3wnaniu z wieczno\u015bci\u0105 to tylko chwila. Nasz gr\u00f3b te\u017c kiedy\u015b b\u0119dzie pusty. Dlatego pami\u0119tajmy o \u015bmierci, ale jeszcze bardziej pami\u0119tajmy o \u017cyciu. Pami\u0119tajmy o \u017cyciu wiecznym \u2013 zbawieniu lub pot\u0119pieniu, ale pami\u0119tajmy tak\u017ce o tym \u017cyciu doczesnym. Dziwne&hellip;<\/p>\n<p> <a class=\"more-link\" href=\"http:\/\/www.franciszek-walcz.pl\/?p=22241\">Czytaj dalej<\/a><\/p>\n","protected":false},"author":1,"featured_media":0,"comment_status":"closed","ping_status":"closed","sticky":false,"template":"","format":"standard","meta":{"footnotes":""},"categories":[1],"tags":[],"class_list":{"0":"post-22241","1":"post","2":"type-post","3":"status-publish","4":"format-standard","6":"category-uncategorized"},"brizy_media":[],"_links":{"self":[{"href":"http:\/\/www.franciszek-walcz.pl\/index.php?rest_route=\/wp\/v2\/posts\/22241","targetHints":{"allow":["GET"]}}],"collection":[{"href":"http:\/\/www.franciszek-walcz.pl\/index.php?rest_route=\/wp\/v2\/posts"}],"about":[{"href":"http:\/\/www.franciszek-walcz.pl\/index.php?rest_route=\/wp\/v2\/types\/post"}],"author":[{"embeddable":true,"href":"http:\/\/www.franciszek-walcz.pl\/index.php?rest_route=\/wp\/v2\/users\/1"}],"replies":[{"embeddable":true,"href":"http:\/\/www.franciszek-walcz.pl\/index.php?rest_route=%2Fwp%2Fv2%2Fcomments&post=22241"}],"version-history":[{"count":1,"href":"http:\/\/www.franciszek-walcz.pl\/index.php?rest_route=\/wp\/v2\/posts\/22241\/revisions"}],"predecessor-version":[{"id":22242,"href":"http:\/\/www.franciszek-walcz.pl\/index.php?rest_route=\/wp\/v2\/posts\/22241\/revisions\/22242"}],"wp:attachment":[{"href":"http:\/\/www.franciszek-walcz.pl\/index.php?rest_route=%2Fwp%2Fv2%2Fmedia&parent=22241"}],"wp:term":[{"taxonomy":"category","embeddable":true,"href":"http:\/\/www.franciszek-walcz.pl\/index.php?rest_route=%2Fwp%2Fv2%2Fcategories&post=22241"},{"taxonomy":"post_tag","embeddable":true,"href":"http:\/\/www.franciszek-walcz.pl\/index.php?rest_route=%2Fwp%2Fv2%2Ftags&post=22241"}],"curies":[{"name":"wp","href":"https:\/\/api.w.org\/{rel}","templated":true}]}}