{"id":22319,"date":"2022-11-12T17:43:09","date_gmt":"2022-11-12T16:43:09","guid":{"rendered":"http:\/\/www.franciszek-walcz.pl\/?p=22319"},"modified":"2022-11-12T17:46:42","modified_gmt":"2022-11-12T16:46:42","slug":"bedzie-to-dla-was-sposobnosc-do-skladania-swiadectwa-2","status":"publish","type":"post","link":"http:\/\/www.franciszek-walcz.pl\/?p=22319","title":{"rendered":"B\u0119dzie to dla was sposobno\u015b\u0107 do sk\u0142adania \u015bwiadectwa \u2026"},"content":{"rendered":"<p>Miesi\u0105c listopad na pewno sprzyja pog\u0142\u0119bionej refleksji eschatologicznej, czyli refleksji o rzeczach ostatecznych. Na pocz\u0105tku miesi\u0105ca obchodzimy uroczysto\u015b\u0107 Wszystkich \u015awi\u0119tych, a zaraz po niej, nast\u0119pnego dnia wspominamy wszystkich wiernych zmar\u0142ych. Przez ca\u0142y miesi\u0105c modlimy si\u0119 za zmar\u0142ych, a w Liturgii S\u0142owa tego miesi\u0105ca pojawiaj\u0105 si\u0119 teksty biblijne dotycz\u0105ce tej rzeczywisto\u015bci, czyli ko\u0144ca \u015bwiata, czy to z prorok\u00f3w jak w dzisiejszym pierwszym czytaniu, czy z Apokalipsy \u015bw. Jana, czy te\u017c zapowiedzi samego Chrystusa odnosz\u0105ce si\u0119 do ko\u0144ca czas\u00f3w, do ko\u0144ca \u015bwiata.<\/p>\n<p>Temat ten jest tak\u017ce przedmiotem naszych rozm\u00f3w, czy medialnych news\u00f3w poszukuj\u0105cych sensacji. Od jakiego\u015b czasu domoro\u015bli prorocy zapowiadaj\u0105 np.ostateczny koniec \u015bwiata lub inne sensacje. Rzeczywisto\u015b\u0107 ko\u0144ca czas\u00f3w, s\u0105du ostatecznego, objawienia si\u0119 Antychrysta, niezwyk\u0142ych kataklizm\u00f3w, w kt\u00f3rych Himalaje paruj\u0105 jak szklanka wody w ci\u0105gu sekundy jest tak\u017ce obecna w filmowej produkcji. Filmy takie jak; \u201eArmagedon\u201d, \u201eThe Day After\u201d, \u201eApokalipsa\u201d czy \u201eNiebo si\u0119 zapada\u201d pobijaj\u0105 rekordy ogl\u0105dalno\u015bci i nabijaj\u0105 kas\u0119 tw\u00f3rcom. Na internecie znale\u017a\u0107 mo\u017cna reklamy setek ksi\u0105\u017cek, z kt\u00f3rych mo\u017cesz si\u0119 dowiedzie\u0107 jak prze\u017cy\u0107 koniec \u015bwiata.<\/p>\n<p>Wszystko to jednak obliczone jest na sensacj\u0119 i podniesienie poziomu adrenaliny we krwi, co zreszt\u0105 bardzo lubimy i czego coraz cz\u0119\u015bciej poszukujemy. Z drugiej jednak strony takie sensacyjne i niemal\u017ce bajkowe przedstawienie czas\u00f3w eschatologicznych powoduje, \u017ce jako\u015b si\u0119 do tego przyzwyczajamy, \u017ce nam to oboj\u0119tnieje. Nikt bowiem kto ma chocia\u017cby odrobin\u0119 zdrowego rozs\u0105dku nie b\u0119dzie traktowa\u0142 powa\u017cnie katastroficznej produkcji Hollywoodu. Ogl\u0105damy to z dreszczykiem emocji i podniesienia i kwitujemy stwierdzeniem: \u201eano, \u0142adna bajeczka\u201d. Niestety podobnym stwierdzeniem kwitujemy (czasami nawet pod\u015bwiadomie) S\u0142owo Bo\u017ce m\u00f3wi\u0105ce o ko\u0144cu \u015bwiata. Kto tak na dobr\u0105 spraw\u0119 przej\u0105\u0142 si\u0119 s\u0142owami proroka Malachiasza , kto je w og\u00f3le us\u0142ysza\u0142? \u201eOto nadchodzi dzie\u0144, pal\u0105cy jak piec, a\u00a0wszyscy pyszni i wszyscy wyrz\u0105dzaj\u0105cy krzywd\u0119\u00a0b\u0119d\u0105 jak wysuszona s\u0142oma, w ten dzie\u0144 s\u0105du \u2026\u201d<\/p>\n<p>Nawet w Ewangelii zwracamy bardziej uwag\u0119 na znaki i niezwyk\u0142o\u015bci zapowiadaj\u0105ce koniec \u015bwiata. Chcieliby\u015bmy raczej dowiedzie\u0107 si\u0119 w miar\u0119 precyzyjnie, kiedy\u00a0TO\u00a0nast\u0105pi? S\u0105 i tacy, kt\u00f3rzy twierdz\u0105, \u017ce znaj\u0105 nie tylko dat\u0119 ko\u0144ca \u015bwiata, ale i spos\u00f3b na dostanie si\u0119 do nieba \u2026 Jak w ka\u017cdych czasach tak i dzisiaj nie brak pseudo-prorok\u00f3w i wizjoner\u00f3w r\u00f3\u017cnego rodzaju, a czasami po prostu zwyk\u0142ych naci\u0105gaczy i szarlatan\u00f3w. A przecie\u017c rzeczywisto\u015b\u0107 opisywana przez prorok\u00f3w Starego Testamentu i zapowiadana przez Chrystusa nie jest sensacyjn\u0105 bajeczk\u0105 obliczon\u0105 na ochy i achy s\u0142uchaczy i zapomnian\u0105, lub do zlekcewa\u017cenia.<\/p>\n<p>Warto wi\u0119c podej\u015b\u0107 do sprawy ko\u0144ca \u015bwiata w spos\u00f3b powa\u017cniejszy, nie sensacyjny i nie bajkowy.<\/p>\n<p>I dlatego warto zada\u0107 sobie pytanie:\u00a0 czy naprawd\u0119 to w\u0142a\u015bnie chce nam powiedzie\u0107\u00a0 Jezus kiedy o ko\u0144cu \u015bwiata m\u00f3wi? Czy chce nas epatowa\u0107 katastrofami i straszy\u0107, czy raczej chce nas do tego nieuniknionego wydarzenia przygotowa\u0107? Czy nie powtarza raczej ustawicznie i z powag\u0105: \u201eb\u0105d\u017acie czujni i nawracajcie si\u0119, dzie\u0144 ten bowiem przyjdzie niespodziewane jak z\u0142odziej, czuwajcie wi\u0119c aby was nie zaskoczy\u0142!\u201d<\/p>\n<p>Co chce\u00a0 powiedzie\u0107 ? Szkoda, \u017ce tak niewielu zwraca uwag\u0119 na kilka -pozornie drobnych- s\u0142\u00f3w: \u201eLecz zanim to wszystko nast\u0105pi podnios\u0105 na was r\u0119ce i b\u0119d\u0105 was prze\u015bladowa\u0107 (\u2026) A b\u0119dzie to dla was sposobno\u015b\u0107 do sk\u0142adania \u015bwiadectwa.\u201e<\/p>\n<p>To samo m\u00f3wi\u0105 nam ostatni Papie\u017ce, Pawe\u0142 VI, Jan Pawe\u0142 II i Benedykt XVI: \u201eKo\u015bci\u00f3\u0142 czas\u00f3w ostatnich b\u0119dzie ko\u015bcio\u0142em mniejszo\u015bci, ko\u015bcio\u0142em pr\u00f3by i dawania \u015bwiadectwa\u201d.<\/p>\n<p>Czy jednak zamiast zajmowa\u0107 si\u0119 w\u0105tpliwymi prognozami ko\u0144ca \u015bwiata, nie by\u0142oby lepiej zastanowi\u0107 si\u0119, jak dawa\u0107 \u015bwiadectwo Chrystusowi na co dzie\u0144? Czy nie lepiej uzna\u0107, \u017ce tak\u0105 sposobno\u015b\u0107 do sk\u0142adania \u015bwiadectwa mam -na dobr\u0105 spraw\u0119- zawsze i \u017ce ustawicznie \u017cyj\u0119 w czasach ostatecznych. Stale powinienem by\u0107 gotowy na spotkanie z Panem i naprawd\u0119, moja w\u0142asna \u015bmier\u0107 to, m\u00f3j osobisty, ma\u0142y koniec \u015bwiata, i spotkanie twarz\u0105 w twarz z Chrystusem (niekoniecznie \u201eprzychodz\u0105cym na ob\u0142okach\u201d). Warto cz\u0119sto zadawa\u0107 sobie to pytanie, czy jestem gotowy na taki w\u0142a\u015bnie, osobisty koniec \u015bwiata, na takie osobiste spotkanie? Czy swoim \u017cyciem daj\u0119 \u015bwiadectwo, czy \u015bwiadcz\u0119 Chrystusowi nie przez s\u0142owa i w\u0105tpliwej jako\u015bci \u201eproroctwa\u201d, ale przez moje dobre \u017cycie? A mo\u017ce po prostu: Czy spotka\u0142em ju\u017c Chrystusa w moim bli\u017anim?<\/p>\n<p>W przeciwnym razie lepiej jednak zwr\u00f3ci\u0107 uwag\u0119 na s\u0142owa proroka Malachiasza, kt\u00f3rzy przestrzega: \u201eOto nadchodzi dzie\u0144, pal\u0105cy jak piec, a\u00a0wszyscy pyszni i wszyscy wyrz\u0105dzaj\u0105cy krzywd\u0119\u00a0b\u0119d\u0105 jak wysuszona s\u0142oma, w ten dzie\u0144 s\u0105du \u2026\u201d<\/p>\n<p>Mo\u017cna by nawet powiedzie\u0107 w spos\u00f3b bardzo zwi\u0119z\u0142y\u201d<\/p>\n<p>Kto spotka\u0142 ju\u017c Chrystusa w bli\u017anim nie musi si\u0119 obawia\u0107 spotkania przy ko\u0144cu \u015bwiata.<\/p>\n<p>Kto nie umie Go rozpozna\u0107 w bli\u017anim, \u017cyj\u0105cym obok, nie rozpozna Go tak\u017ce przy ko\u0144cu \u017cycia \u2026<\/p>\n","protected":false},"excerpt":{"rendered":"<p>Miesi\u0105c listopad na pewno sprzyja pog\u0142\u0119bionej refleksji eschatologicznej, czyli refleksji o rzeczach ostatecznych. Na pocz\u0105tku miesi\u0105ca obchodzimy uroczysto\u015b\u0107 Wszystkich \u015awi\u0119tych, a zaraz po niej, nast\u0119pnego dnia wspominamy wszystkich wiernych zmar\u0142ych. Przez ca\u0142y miesi\u0105c modlimy si\u0119 za zmar\u0142ych, a w Liturgii S\u0142owa tego miesi\u0105ca pojawiaj\u0105 si\u0119 teksty biblijne dotycz\u0105ce tej rzeczywisto\u015bci, czyli ko\u0144ca \u015bwiata, czy to z prorok\u00f3w jak w dzisiejszym pierwszym czytaniu, czy z Apokalipsy \u015bw. Jana, czy te\u017c zapowiedzi samego Chrystusa odnosz\u0105ce si\u0119 do ko\u0144ca czas\u00f3w, do ko\u0144ca \u015bwiata. Temat ten jest tak\u017ce przedmiotem naszych rozm\u00f3w, czy medialnych news\u00f3w poszukuj\u0105cych sensacji. Od jakiego\u015b czasu domoro\u015bli prorocy zapowiadaj\u0105 np.ostateczny koniec \u015bwiata lub inne sensacje. Rzeczywisto\u015b\u0107 ko\u0144ca czas\u00f3w, s\u0105du ostatecznego, objawienia si\u0119 Antychrysta, niezwyk\u0142ych kataklizm\u00f3w, w kt\u00f3rych Himalaje paruj\u0105 jak szklanka wody w ci\u0105gu sekundy jest tak\u017ce obecna w filmowej produkcji. Filmy takie jak; \u201eArmagedon\u201d, \u201eThe Day After\u201d, \u201eApokalipsa\u201d czy \u201eNiebo si\u0119 zapada\u201d pobijaj\u0105 rekordy ogl\u0105dalno\u015bci i nabijaj\u0105 kas\u0119 tw\u00f3rcom. Na&hellip;<\/p>\n<p> <a class=\"more-link\" href=\"http:\/\/www.franciszek-walcz.pl\/?p=22319\">Czytaj dalej<\/a><\/p>\n","protected":false},"author":1,"featured_media":0,"comment_status":"closed","ping_status":"closed","sticky":false,"template":"","format":"standard","meta":{"footnotes":""},"categories":[5],"tags":[],"class_list":{"0":"post-22319","1":"post","2":"type-post","3":"status-publish","4":"format-standard","6":"category-artykuly"},"brizy_media":[],"_links":{"self":[{"href":"http:\/\/www.franciszek-walcz.pl\/index.php?rest_route=\/wp\/v2\/posts\/22319","targetHints":{"allow":["GET"]}}],"collection":[{"href":"http:\/\/www.franciszek-walcz.pl\/index.php?rest_route=\/wp\/v2\/posts"}],"about":[{"href":"http:\/\/www.franciszek-walcz.pl\/index.php?rest_route=\/wp\/v2\/types\/post"}],"author":[{"embeddable":true,"href":"http:\/\/www.franciszek-walcz.pl\/index.php?rest_route=\/wp\/v2\/users\/1"}],"replies":[{"embeddable":true,"href":"http:\/\/www.franciszek-walcz.pl\/index.php?rest_route=%2Fwp%2Fv2%2Fcomments&post=22319"}],"version-history":[{"count":1,"href":"http:\/\/www.franciszek-walcz.pl\/index.php?rest_route=\/wp\/v2\/posts\/22319\/revisions"}],"predecessor-version":[{"id":22320,"href":"http:\/\/www.franciszek-walcz.pl\/index.php?rest_route=\/wp\/v2\/posts\/22319\/revisions\/22320"}],"wp:attachment":[{"href":"http:\/\/www.franciszek-walcz.pl\/index.php?rest_route=%2Fwp%2Fv2%2Fmedia&parent=22319"}],"wp:term":[{"taxonomy":"category","embeddable":true,"href":"http:\/\/www.franciszek-walcz.pl\/index.php?rest_route=%2Fwp%2Fv2%2Fcategories&post=22319"},{"taxonomy":"post_tag","embeddable":true,"href":"http:\/\/www.franciszek-walcz.pl\/index.php?rest_route=%2Fwp%2Fv2%2Ftags&post=22319"}],"curies":[{"name":"wp","href":"https:\/\/api.w.org\/{rel}","templated":true}]}}