{"id":22443,"date":"2022-12-03T16:49:24","date_gmt":"2022-12-03T15:49:24","guid":{"rendered":"http:\/\/www.franciszek-walcz.pl\/?p=22443"},"modified":"2022-12-03T16:49:24","modified_gmt":"2022-12-03T15:49:24","slug":"2-niedziela-adwentu-moj-adwent","status":"publish","type":"post","link":"http:\/\/www.franciszek-walcz.pl\/?p=22443","title":{"rendered":"2. Niedziela Adwentu  \u2013 M\u00f3j\u00a0Adwent"},"content":{"rendered":"<p><strong>Tekst Ewangelii (<\/strong><em><strong>Mt<\/strong><\/em><strong>\u00a03,1-12):<\/strong>\u00a0W owym czasie wyst\u0105pi\u0142 Jan Chrzciciel i g\u0142osi\u0142 na Pustyni Judzkiej te s\u0142owa: \u00abNawr\u00f3\u0107cie si\u0119, bo bliskie jest kr\u00f3lestwo niebieskie\u00bb. Do niego to odnosi si\u0119 s\u0142owo proroka Izajasza, gdy m\u00f3wi: G\u0142os wo\u0142aj\u0105cego na pustyni: Przygotujcie drog\u0119 Panu,<br \/>\nDla Niego prostujcie \u015bcie\u017cki! Sam za\u015b Jan nosi\u0142 odzienie z sier\u015bci wielb\u0142\u0105dziej i pas sk\u00f3rzany oko\u0142o bioder, a jego pokarmem by\u0142a szara\u0144cza i mi\u00f3d le\u015bny. W\u00f3wczas ci\u0105gn\u0119\u0142y do niego Jerozolima oraz ca\u0142a Judea i ca\u0142a okolica nad Jordanem. Przyjmowano od niego chrzest w rzece Jordan, wyznaj\u0105c przy tym swe grzechy.<\/p>\n<p>A gdy widzia\u0142, \u017ce przychodzi do chrztu wielu spo\u015br\u00f3d faryzeusz\u00f3w i saduceusz\u00f3w, m\u00f3wi\u0142 im: \u00abPlemi\u0119 \u017cmijowe, kto wam pokaza\u0142, jak uciec przed nadchodz\u0105cym gniewem? Wydajcie wi\u0119c godny owoc nawr\u00f3cenia, a nie my\u015blcie, \u017ce mo\u017cecie sobie m\u00f3wi\u0107: &#8222;Abrahama mamy za ojca&#8221;, bo powiadam wam, \u017ce z tych kamieni mo\u017ce B\u00f3g wzbudzi\u0107 dzieci Abrahamowi. Ju\u017c siekiera do korzenia drzew jest przy\u0142o\u017cona. Ka\u017cde wi\u0119c drzewo, kt\u00f3re nie wydaje dobrego owocu, b\u0119dzie wyci\u0119te i w ogie\u0144 wrzucone. Ja was chrzcz\u0119 wod\u0105 dla nawr\u00f3cenia; lecz Ten, kt\u00f3ry idzie za mn\u0105, mocniejszy jest ode mnie; ja nie jestem godzien nosi\u0107 Mu sanda\u0142\u00f3w. On was chrzci\u0107 b\u0119dzie Duchem \u015awi\u0119tym i ogniem. Ma On wiejad\u0142o w r\u0119ku i oczy\u015bci sw\u00f3j om\u0142ot: pszenic\u0119 zbierze do spichlerza, a plewy spali w ogniu nieugaszonym\u00bb.<\/p>\n<p><em><strong>\u00abWydajcie wi\u0119c godny owoc nawr\u00f3cenia\u00bb<\/strong><\/em><\/p>\n<p>Ewangelia wed\u0142ug \u015awi\u0119tego Mateusza przedstawia Jana Chrzciciela nawo\u0142uj\u0105cego nas do przyj\u0119cia chrztu: \u00abNawr\u00f3\u0107cie si\u0119, bo bliskie jest kr\u00f3lestwo niebieskie\u00bb .<\/p>\n<p>Przybywa\u0142o do\u0144 wiele os\u00f3b, by przyj\u0105\u0107 chrzest i \u00abwyznaj\u0105c przy tym swe grzechy\u00bb . Ale Jan spo\u015br\u00f3d t\u0142umu wy\u0142awia wzrokiem jednych szczeg\u00f3lnie: faryzeuszy i saduceuszy, tyle\u017c potrzebuj\u0105cych nawr\u00f3cenia, ile\u017c uparcie neguj\u0105cych ow\u0105 potrzeb\u0119. Do nich skierowane s\u0105 s\u0142owa Chrzciciela: \u00abWydajcie wi\u0119c godny owoc nawr\u00f3cenia\u00bb .<\/p>\n<p>Z nastaniem Adwentu, w czas radosnego oczekiwania, natrafiamy na pouczenie Jana, dzi\u0119ki kt\u00f3remu potrafimy zrozumie\u0107, \u017ce owego oczekiwania nie nale\u017cy uto\u017csamia\u0107 z biernym czekaniem, i \u017ce nie pozwala ono, w najmniejszej mierze na stwierdzenie, \u017ce ju\u017c jeste\u015bmy zbawieni skoro jeste\u015bmy chrze\u015bcijanami. Adwentowe oczekiwanie to dynamiczne poszukiwanie Bo\u017cego mi\u0142osierdzia, to nawr\u00f3cenie serca, to szukanie obecno\u015bci Pana, kt\u00f3ry przyby\u0142, przybywa i przyb\u0119dzie.<\/p>\n<p>Czas Adwentu, jest og\u00f3lnie rzecz bior\u0105c \u00abnawr\u00f3ceniem, kt\u00f3re przechodzi z serca do czyn\u00f3w, a wi\u0119c do ca\u0142ego chrze\u015bcija\u0144skiego \u017cycia\u00bb (\u015awi\u0119ty Jan Pawe\u0142 II).<\/p>\n<p>Wykorzystajmy, ten czas szcz\u0119sny, kt\u00f3rym obdarowani zostali\u015bmy przez Pana, aby odnowi\u0107 nasze opowiedzenie si\u0119 za Jezusem Chrystusem, wyzbywaj\u0105c si\u0119 z naszego serca i z naszego \u017cycia tego wszystkiego, co przeszkodzi nam w godnym przyj\u0119ciu Go. G\u0142os Chrzciciela wci\u0105\u017c wo\u0142a na pustyni naszych dni: \u00abPrzygotujcie drog\u0119 Panu,<br \/>\nDla Niego prostujcie \u015bcie\u017cki! \u00bb .<\/p>\n<p>I tak jak Jan by\u0142 dla swych czas\u00f3w owym \u201cg\u0142osem wo\u0142aj\u0105cym na pustyni\u201d, tak i my chrze\u015bcijanie r\u00f3wnie\u017c jeste\u015bmy wezwani przez Pana by\u015bmy byli g\u0142osami wo\u0142aj\u0105cymi do ludzi pragnienie czujnego oczekiwania: \u00abPrzyjd\u017a pojednanie, ju\u017c wi\u0119cej nie zwlekaj; niech Twa obecno\u015b\u0107 przywr\u00f3ci nam \u0142ask\u0119, i wprowad\u017a wszystkich znu\u017conych w\u0119drowc\u00f3w do domu Ojca\u00bb .<\/p>\n","protected":false},"excerpt":{"rendered":"<p>Tekst Ewangelii (Mt\u00a03,1-12):\u00a0W owym czasie wyst\u0105pi\u0142 Jan Chrzciciel i g\u0142osi\u0142 na Pustyni Judzkiej te s\u0142owa: \u00abNawr\u00f3\u0107cie si\u0119, bo bliskie jest kr\u00f3lestwo niebieskie\u00bb. Do niego to odnosi si\u0119 s\u0142owo proroka Izajasza, gdy m\u00f3wi: G\u0142os wo\u0142aj\u0105cego na pustyni: Przygotujcie drog\u0119 Panu, Dla Niego prostujcie \u015bcie\u017cki! Sam za\u015b Jan nosi\u0142 odzienie z sier\u015bci wielb\u0142\u0105dziej i pas sk\u00f3rzany oko\u0142o bioder, a jego pokarmem by\u0142a szara\u0144cza i mi\u00f3d le\u015bny. W\u00f3wczas ci\u0105gn\u0119\u0142y do niego Jerozolima oraz ca\u0142a Judea i ca\u0142a okolica nad Jordanem. Przyjmowano od niego chrzest w rzece Jordan, wyznaj\u0105c przy tym swe grzechy. A gdy widzia\u0142, \u017ce przychodzi do chrztu wielu spo\u015br\u00f3d faryzeusz\u00f3w i saduceusz\u00f3w, m\u00f3wi\u0142 im: \u00abPlemi\u0119 \u017cmijowe, kto wam pokaza\u0142, jak uciec przed nadchodz\u0105cym gniewem? Wydajcie wi\u0119c godny owoc nawr\u00f3cenia, a nie my\u015blcie, \u017ce mo\u017cecie sobie m\u00f3wi\u0107: &#8222;Abrahama mamy za ojca&#8221;, bo powiadam wam, \u017ce z tych kamieni mo\u017ce B\u00f3g wzbudzi\u0107 dzieci Abrahamowi. Ju\u017c siekiera do korzenia drzew jest przy\u0142o\u017cona. Ka\u017cde wi\u0119c&hellip;<\/p>\n<p> <a class=\"more-link\" href=\"http:\/\/www.franciszek-walcz.pl\/?p=22443\">Czytaj dalej<\/a><\/p>\n","protected":false},"author":1,"featured_media":0,"comment_status":"closed","ping_status":"closed","sticky":false,"template":"","format":"standard","meta":{"footnotes":""},"categories":[5],"tags":[],"class_list":{"0":"post-22443","1":"post","2":"type-post","3":"status-publish","4":"format-standard","6":"category-artykuly"},"brizy_media":[],"_links":{"self":[{"href":"http:\/\/www.franciszek-walcz.pl\/index.php?rest_route=\/wp\/v2\/posts\/22443","targetHints":{"allow":["GET"]}}],"collection":[{"href":"http:\/\/www.franciszek-walcz.pl\/index.php?rest_route=\/wp\/v2\/posts"}],"about":[{"href":"http:\/\/www.franciszek-walcz.pl\/index.php?rest_route=\/wp\/v2\/types\/post"}],"author":[{"embeddable":true,"href":"http:\/\/www.franciszek-walcz.pl\/index.php?rest_route=\/wp\/v2\/users\/1"}],"replies":[{"embeddable":true,"href":"http:\/\/www.franciszek-walcz.pl\/index.php?rest_route=%2Fwp%2Fv2%2Fcomments&post=22443"}],"version-history":[{"count":1,"href":"http:\/\/www.franciszek-walcz.pl\/index.php?rest_route=\/wp\/v2\/posts\/22443\/revisions"}],"predecessor-version":[{"id":22445,"href":"http:\/\/www.franciszek-walcz.pl\/index.php?rest_route=\/wp\/v2\/posts\/22443\/revisions\/22445"}],"wp:attachment":[{"href":"http:\/\/www.franciszek-walcz.pl\/index.php?rest_route=%2Fwp%2Fv2%2Fmedia&parent=22443"}],"wp:term":[{"taxonomy":"category","embeddable":true,"href":"http:\/\/www.franciszek-walcz.pl\/index.php?rest_route=%2Fwp%2Fv2%2Fcategories&post=22443"},{"taxonomy":"post_tag","embeddable":true,"href":"http:\/\/www.franciszek-walcz.pl\/index.php?rest_route=%2Fwp%2Fv2%2Ftags&post=22443"}],"curies":[{"name":"wp","href":"https:\/\/api.w.org\/{rel}","templated":true}]}}