{"id":22497,"date":"2022-12-10T14:16:22","date_gmt":"2022-12-10T13:16:22","guid":{"rendered":"http:\/\/www.franciszek-walcz.pl\/?p=22497"},"modified":"2022-12-10T14:16:22","modified_gmt":"2022-12-10T13:16:22","slug":"3-niedziela-adwentu-czy-to-ty-jezu","status":"publish","type":"post","link":"http:\/\/www.franciszek-walcz.pl\/?p=22497","title":{"rendered":"3 Niedziela Adwentu  &#8211; Czy to Ty Jezu?"},"content":{"rendered":"<p>Czy Jezus jest tym, na Kt\u00f3rego czekamy? Czy my w og\u00f3le na Niego czekamy? Przechodzi obok nas, dokonuje rzeczy niezwyk\u0142ych, a my nawet tego nie zauwa\u017camy, poch\u0142oni\u0119ci codzienno\u015bci\u0105. Mo\u017ce niekt\u00f3rzy jeszcze rzeczywi\u015bcie czekaj\u0105, szukaj\u0105, staraj\u0105 si\u0119 nie da\u0107 poch\u0142on\u0105\u0107, ale wi\u0119kszo\u015b\u0107\u2026 ju\u017c dawno pozwoli\u0142a si\u0119 wci\u0105gn\u0105\u0107 w maszynk\u0119 rutyny, robienia grosza, szukania wyg\u00f3d i zaspokajania swoich zachcianek. Czy to jest jeszcze \u017cycie? Czy to ma w og\u00f3le sens, by\u0107 male\u0144kim trybikiem w ogromnej maszynie bezsensownych zachcianek i sztucznie podsycanych potrzeb?<\/p>\n<p>To ju\u017c trzecia niedziela adwentu. Jeszcze tydzie\u0144 i S\u0142owo stanie si\u0119 Cia\u0142em. Narodzi si\u0119 B\u00f3g \u2013 Cz\u0142owiek. A my nie do ko\u0144ca przekonani zadajemy ci\u0105gle to pytanie: Czy to Ty jeste\u015b? Czy to Ty Jezu? A mo\u017ce to nie Ty przychodzisz? Mo\u017ce to tylko pi\u0119kna ba\u015b\u0144 o Bo\u017cym Narodzeniu, mo\u017ce to tylko choinka, prezenty, mo\u017ce to tylko weso\u0142e \u015bwi\u0119ta? Tak m\u00f3wi przecie\u017c wsp\u00f3\u0142czesny \u015bwiat, tak m\u00f3wi\u0105 media: telewizja, radio, prasa. A Ty m\u00f3wisz do nas jedno zdanie: B\u0142ogos\u0142awiony jest ten, kto we Mnie nie zw\u0105tpi.<\/p>\n<p>Dzisiejsza Ewangelia m\u00f3wi o w\u0105tpliwo\u015bciach uwi\u0119zionego Jana Chrzciciela co do Jezusa Mesjasza. Troch\u0119 nas Jan Chrzciciel zaskakuje. Czy\u017cby zw\u0105tpi\u0142 w zapowiadanego Mesjasza? Czy\u017cby r\u00f3wnie\u017c na niego przysz\u0142a chwila s\u0142abo\u015bci i niecierpliwo\u015bci? W wi\u0119zieniu przecie\u017c r\u00f3\u017cnie mo\u017ce si\u0119 zdarzy\u0107. Do Jana docieraj\u0105 wiadomo\u015bci o dzia\u0142alno\u015bci Jezusa. Jak\u017ce r\u00f3\u017cni\u0105 si\u0119 od tego, co Jan m\u00f3wi\u0142. Jezus z Nazaretu nie wzi\u0105\u0142 do r\u0119ki zapowiadanej siekiery i nie wycina\u0142 z\u0142ych ludzi. Przeciwnie, Jezus chodzi\u0142 do dom\u00f3w grzesznik\u00f3w, nawo\u0142ywa\u0142 do mi\u0142osierdzia i sam by\u0142 mi\u0142osierny a\u017c do znu\u017cenia. Jezus by\u0142 przeciwie\u0144stwem Janowych zapowiedzi. St\u0105d pro\u015bba Jana za po\u015brednictwem uczni\u00f3w o jasn\u0105 odpowied\u017a co do misji mesja\u0144skiej. I Jezus tej odpowiedzi Janowi udziela. Powo\u0142uje si\u0119 na proroka Izajasza, \u017ce \u201eprzejrz\u0105 oczy niewidomych i uszy g\u0142uchych si\u0119 otworz\u0105\u201d.<\/p>\n<p>Dzisiaj wielu nie widzi, nie dostrzega przychodz\u0105cego Zbawiciela, nie s\u0142yszy Jego cichego, pokornego g\u0142osu. Wielu ludziom jego obecno\u015b\u0107 jest nie na r\u0119k\u0119. We francuskim tygodniku \u201e\u017bycie Katolickie\u201d w ankiecie na temat: \u201eMiejsce Chrystusa w moim \u017cyciu\u201d. anonimowy uczestnik napisa\u0142 takie s\u0142owa o Jezusie Chrystusie:<\/p>\n<p>Przemieni\u0142 wod\u0119 w wino, i w\u0142a\u015bciciele winnic zacz\u0119li krzywo na Niego patrze\u0107. Wskrzesi\u0142 umar\u0142ego, a spadkobiercy omal nie poumierali z irytacji. Przywr\u00f3ci\u0142 zdolno\u015b\u0107 chodzenia paralitykowi, a paralityk zacz\u0105\u0142 kra\u015b\u0107, bo nikt mu ju\u017c nie dawa\u0142 ja\u0142mu\u017cny. Wp\u0119dzi\u0142 do morza stado wieprzy, i w\u0142a\u015bciciel powiesi\u0142 si\u0119, bo by\u0142 zrujnowany. Tyloma rybami nape\u0142ni\u0142 sieci, \u017ce pop\u0119ka\u0142y i dla rybak\u00f3w nic nie zosta\u0142o. Wyp\u0119dzi\u0142 kupc\u00f3w ze \u015bwi\u0105tyni, i handel zamo\u017cnego dot\u0105d miasta podupad\u0142. Ukrzy\u017cowano Go w ko\u0144cu, \u017ceby mie\u0107 spok\u00f3j. Po trzech dniach zmartwychwsta\u0142, a ludzie szeptali: \u201eZnowu On!\u201d<\/p>\n<p>\u015awiat wsp\u00f3\u0142czesny zdaje si\u0119 nie potrzebowa\u0107 Zbawiciela. Ale tak naprawd\u0119, to ten \u015bwiat wsp\u00f3\u0142czesny bardzo potrzebuje Jezusa. I my, wsp\u00f3\u0142cze\u015bni, bardzo potrzebujemy Jezusa \u2013 Zbawiciela. To prawda, wielu On przeszkadza, staje w poprzek ich plan\u00f3w. Nawet cuda, kt\u00f3re czyni nie s\u0105 ju\u017c wystarczaj\u0105cymi argumentami. Wiedzmy jednak, \u017ce w ko\u0144cu przejrz\u0105 oczy niewidomych i uszy g\u0142uchych us\u0142ysz\u0105 i ka\u017cdy zrozumie, \u017ce to w\u0142a\u015bnie On &#8211; Jezus Chrystus jest zapowiadanym Mesjaszem, \u017ce to w\u0142a\u015bnie Jego mamy si\u0119 spodziewa\u0107.<\/p>\n<p>Za dwa tygodnie prze\u017cywa\u0107 b\u0119dziemy \u015bwi\u0119ta Bo\u017cego Narodzenia. Nie poddajmy si\u0119 w\u0105tpliwo\u015bciom, kt\u00f3re chce wla\u0107 w nasze serca \u015bwiat, bo on zatraci\u0142 sens Bo\u017cego Narodzenia. Dzisiaj wszystko sprowadza si\u0119 do zgie\u0142ku, tak zwanego przed\u015bwi\u0105tecznego sza\u0142u. Rzeczywi\u015bcie mo\u017cna dosta\u0107 sza\u0142u, patrz\u0105c na ludzi, kt\u00f3rzy o ma\u0142o co nie zatratuj\u0105 si\u0119 przy robieniu zakup\u00f3w, mo\u017cna dosta\u0107 sza\u0142u, gdy ogl\u0105da si\u0119 przesi\u0105kni\u0119te ch\u0119ci\u0105 zysku reklamy telewizyjne. Mo\u017cna dosta\u0107 sza\u0142u\u2026 ci kt\u00f3rzy zamienili Bo\u017ce Narodzenie w jedn\u0105 wielk\u0105 reklam\u0119, w wielkie show nie mog\u0105 m\u00f3wi\u0107 o \u015bwi\u0119towaniu, bo B\u00f3g rodzi si\u0119 tylko tam, gdzie jest cisza, pokora i pewno\u015b\u0107, \u017ce tym, kt\u00f3ry ma przyj\u015b\u0107 jest On Jezus Chrystus.<\/p>\n<p>Nasz wieszcz narodowy, Adam Mickiewicz, napisa\u0142: \u201eWierzysz, \u017ce B\u00f3g zrodzi\u0142 si\u0119 w Betlejemskim \u017c\u0142obie! Lecz biada Ci, je\u017celi nie zrodzi\u0142 si\u0119 w tobie\u201d. Czy On ju\u017c narodzi\u0142 si\u0119 w TOBIE? Je\u015bli tak, to w Twoim sercu b\u0119dzie Bo\u017ce Narodzenie. Je\u015bli jeszcze nie \u2013 to nie zwlekaj&#8230;<\/p>\n","protected":false},"excerpt":{"rendered":"<p>Czy Jezus jest tym, na Kt\u00f3rego czekamy? Czy my w og\u00f3le na Niego czekamy? Przechodzi obok nas, dokonuje rzeczy niezwyk\u0142ych, a my nawet tego nie zauwa\u017camy, poch\u0142oni\u0119ci codzienno\u015bci\u0105. Mo\u017ce niekt\u00f3rzy jeszcze rzeczywi\u015bcie czekaj\u0105, szukaj\u0105, staraj\u0105 si\u0119 nie da\u0107 poch\u0142on\u0105\u0107, ale wi\u0119kszo\u015b\u0107\u2026 ju\u017c dawno pozwoli\u0142a si\u0119 wci\u0105gn\u0105\u0107 w maszynk\u0119 rutyny, robienia grosza, szukania wyg\u00f3d i zaspokajania swoich zachcianek. Czy to jest jeszcze \u017cycie? Czy to ma w og\u00f3le sens, by\u0107 male\u0144kim trybikiem w ogromnej maszynie bezsensownych zachcianek i sztucznie podsycanych potrzeb? To ju\u017c trzecia niedziela adwentu. Jeszcze tydzie\u0144 i S\u0142owo stanie si\u0119 Cia\u0142em. Narodzi si\u0119 B\u00f3g \u2013 Cz\u0142owiek. A my nie do ko\u0144ca przekonani zadajemy ci\u0105gle to pytanie: Czy to Ty jeste\u015b? Czy to Ty Jezu? A mo\u017ce to nie Ty przychodzisz? Mo\u017ce to tylko pi\u0119kna ba\u015b\u0144 o Bo\u017cym Narodzeniu, mo\u017ce to tylko choinka, prezenty, mo\u017ce to tylko weso\u0142e \u015bwi\u0119ta? Tak m\u00f3wi przecie\u017c wsp\u00f3\u0142czesny \u015bwiat, tak m\u00f3wi\u0105 media: telewizja, radio, prasa.&hellip;<\/p>\n<p> <a class=\"more-link\" href=\"http:\/\/www.franciszek-walcz.pl\/?p=22497\">Czytaj dalej<\/a><\/p>\n","protected":false},"author":1,"featured_media":0,"comment_status":"closed","ping_status":"closed","sticky":false,"template":"","format":"standard","meta":{"footnotes":""},"categories":[5],"tags":[],"class_list":{"0":"post-22497","1":"post","2":"type-post","3":"status-publish","4":"format-standard","6":"category-artykuly"},"brizy_media":[],"_links":{"self":[{"href":"http:\/\/www.franciszek-walcz.pl\/index.php?rest_route=\/wp\/v2\/posts\/22497","targetHints":{"allow":["GET"]}}],"collection":[{"href":"http:\/\/www.franciszek-walcz.pl\/index.php?rest_route=\/wp\/v2\/posts"}],"about":[{"href":"http:\/\/www.franciszek-walcz.pl\/index.php?rest_route=\/wp\/v2\/types\/post"}],"author":[{"embeddable":true,"href":"http:\/\/www.franciszek-walcz.pl\/index.php?rest_route=\/wp\/v2\/users\/1"}],"replies":[{"embeddable":true,"href":"http:\/\/www.franciszek-walcz.pl\/index.php?rest_route=%2Fwp%2Fv2%2Fcomments&post=22497"}],"version-history":[{"count":1,"href":"http:\/\/www.franciszek-walcz.pl\/index.php?rest_route=\/wp\/v2\/posts\/22497\/revisions"}],"predecessor-version":[{"id":22498,"href":"http:\/\/www.franciszek-walcz.pl\/index.php?rest_route=\/wp\/v2\/posts\/22497\/revisions\/22498"}],"wp:attachment":[{"href":"http:\/\/www.franciszek-walcz.pl\/index.php?rest_route=%2Fwp%2Fv2%2Fmedia&parent=22497"}],"wp:term":[{"taxonomy":"category","embeddable":true,"href":"http:\/\/www.franciszek-walcz.pl\/index.php?rest_route=%2Fwp%2Fv2%2Fcategories&post=22497"},{"taxonomy":"post_tag","embeddable":true,"href":"http:\/\/www.franciszek-walcz.pl\/index.php?rest_route=%2Fwp%2Fv2%2Ftags&post=22497"}],"curies":[{"name":"wp","href":"https:\/\/api.w.org\/{rel}","templated":true}]}}