{"id":22532,"date":"2022-12-17T12:58:04","date_gmt":"2022-12-17T11:58:04","guid":{"rendered":"http:\/\/www.franciszek-walcz.pl\/?p=22532"},"modified":"2022-12-17T13:05:05","modified_gmt":"2022-12-17T12:05:05","slug":"4-niedziela-adwentu-emmanuel-bog-z-nami","status":"publish","type":"post","link":"http:\/\/www.franciszek-walcz.pl\/?p=22532","title":{"rendered":"4 Niedziela Adwentu  \u2013 Emmanuel &#8211; B\u00f3g z nami"},"content":{"rendered":"<p>To ju\u017c czwarta Niedziela Adwentu, a w najbli\u017csz\u0105 sobot\u0119 b\u0119dzie wigilia Bo\u017cego Narodzenia.\u00a0Wigilia,\u00a0to godziny czuwania, kt\u00f3re poprzedzaj\u0105 \u015bwi\u0119to. Wigilia \u015bwi\u0105t Narodzenia Pa\u0144skiego niesie ze sob\u0105 tak wielkie bogactwo tre\u015bci, wyzwala tyle wspania\u0142ych uczu\u0107, \u017ce samo s\u0142owo, sama nazwa\u00a0wigilia\u00a0kojarzy si\u0119 z tym jednym, wyj\u0105tkowym dniem, a w\u0142a\u015bciwie wieczorem, kt\u00f3ry poprzedza Betlejemsk\u0105 Noc.<\/p>\n<p>W naszych wspomnieniach, nosimy obraz sto\u0142u od\u015bwi\u0119tnie przybranego, przygotowanego dobr\u0105 mat\u00adczyn\u0105 d\u0142oni\u0105. Sto\u0142u, kt\u00f3ry jest znakiem domu, w kt\u00f3rym kszta\u0142tuje si\u0119 i wzrasta cz\u0142owiek. Wspomnienia te przechowujemy z tym wi\u0119ksz\u0105 trosk\u0105 i staranno\u015bci\u0105, im dalej unosi nas szybki pr\u0105d \u017cycia od rodzinnego gniazda, im dalej jeste\u015bmy od tych tre\u015bci, kt\u00f3re stanowi\u0105 przysta\u0144 rodzinnego domu. Ten st\u00f3\u0142 by\u0142 dla nas zawsze znakiem pokoju i bezpiecze\u0144stwa, wzajemnej mi\u0142o\u015bci i zrozumienia, kt\u00f3re s\u0105 konieczne dla rozwoju ka\u017cdego cz\u0142owieka.<\/p>\n<p>St\u00f3\u0142, przy kt\u00f3rym by\u0142o zawsze jedno miejsce wolne, uczy\u0142 nas go\u015bcinno\u015bci,\u00a0uczy\u0142 gotowo\u015bci dzielenia si\u0119 chlebem z tymi, kt\u00f3rzy s\u0105 g\u0142odni. By\u0142 przeciwstawieniem si\u0119 egoizmowi, kt\u00f3ry zamyka si\u0119 na tych, dla kt\u00f3rych \u201ezabrak\u0142o miejsca w gospodzie\u201d.<\/p>\n<p>Bia\u0142y op\u0142atek by\u0142 znakiem pojednania, przebaczenia, braterstwa. W domu by\u0142o przecie\u017c najwi\u0119cej okazji do k\u0142\u00f3tni, do nieporozumie\u0144, do wypowiadania s\u0142\u00f3w ostrych i szorstkich. Jednak ten wiecz\u00f3r wigilijny okazywa\u0142, \u017ce w domu znacznie wi\u0119cej spraw \u0142\u0105czy, ni\u017c dzieli, \u017ce wzajemna \u017cyczliwo\u015b\u0107 buduje dom. Liczy\u0142, \u017ce mi\u0142o\u015b\u0107 przezwyci\u0119\u017ca oboj\u0119tno\u015b\u0107 i niech\u0119\u0107. Uczy\u0142, \u017ce warto zawsze na nowo wyci\u0105gn\u0105\u0107 r\u0119k\u0119 do pojednania. Uczy\u0142 po prostu jak stawa\u0107 si\u0119 cz\u0142owiekiem.<\/p>\n<p>Mo\u017ce kto\u015b zapyta\u0107, dlaczego m\u00f3wi\u0119 \u017ce tak by\u0142o, dlaczego u\u017cywam przesz\u0142ego czasu. Przecie\u017c w tak wielu domach\u00a0za klika dni\u00a0wyci\u0105gn\u0105 si\u0119 r\u0119ce z bia\u0142ym op\u0142atkiem. Dobrze, \u017ce tak jest, dobrze, \u017ce stare zwyczaje nadal pomagaj\u0105 rozwija\u0107 w nas to, co stanowi o tym, \u017ce jeste\u015bmy lud\u017ami.<\/p>\n<p>Jednak dla wielu naszych braci i si\u00f3str wigilijna wieczerza w domu jest tylko wspomnieniem. Nie na darmo nasze \u015bwi\u0105teczne legendy m\u00f3wi\u0105\u00a0zwierz\u0119tach, kt\u00f3re tej nocy przem\u00f3wi\u0142y ludzkim g\u0142osem. Wielkim cudem tego wieczoru jest to, \u017ce niekt\u00f3re serca ludzkie zaczynaj\u0105 bi\u0107 inaczej, staj\u0105 si\u0119 bardziej ludzkie. Tego wieczoru trzeba sobie u\u015bwiadomi\u0107, \u017ce powo\u0142aniem ka\u017cdego z nas jest stawa\u0107 si\u0119 cz\u0142owiekiem. \u201eW\u015br\u00f3d nich jeste\u015bcie<strong>\u00a0<\/strong>i<strong>\u00a0<\/strong>wy \u2013 m\u00f3wi do nas dzi\u015b \u015bw. Piotr \u2013 powo\u0142ani przez Jezusa Chrystusa. \u0141aska wam i pok\u00f3j od Boga i Pana Jezusa Chrystusa\u201d .<\/p>\n<p>\u0141aska i pok\u00f3j s\u0105 Jego darem. Bo Jego imi\u0119 brzmi Emmanuel. Emmanuel \u2013 znaczy B\u00f3g z nami. Tajemnica Wcielenia, kt\u00f3r\u0105 prze\u017cywamy m\u00f3wi nam, \u017ce B\u00f3g sta\u0142 si\u0119 jednym z nas, zamieszka\u0142 w\u015br\u00f3d nas, m\u00f3wi\u0105c po prostu sta\u0142 si\u0119 cz\u0142owiekiem. T\u0119 prawd\u0119 wiary powtarzamy tak cz\u0119sto, \u017ce przesta\u0142a ona do nas przemawia\u0107. Chcia\u0142oby si\u0119 dzi\u015b, w przededniu \u015bwi\u0105t, \u201epotrz\u0105sn\u0105\u0107\u201d ka\u017cdym chrze\u015bcijaninem, przem\u00f3wi\u0107 do ka\u017cdego g\u0142osem tak dono\u015bnym, aby us\u0142ysza\u0142, \u017ce B\u00f3g jest Emmanuelem, \u017ce B\u00f3g jest w\u015br\u00f3d nas, \u017ce B\u00f3g jest jednym z nas.<\/p>\n<p>Betlejemska noc jest wi\u0119c czasem spotkania Boga, kt\u00f3ry sta\u0142 si\u0119 cz\u0142owie\u00adkiem z tymi, kt\u00f3rych nieustannie powo\u0142uje, aby stawali si\u0119 lud\u017ami. To w\u0142a\u015bnie spotkanie niesie \u0142ask\u0119 i pok\u00f3j. Teraz stajemy wobec prawdy specyficznie chrze\u015bcija\u0144skiej. Wobec prawdy o zjednoczeniu Stw\u00f3rcy ze stworzeniem. \u017beby si\u0119 zjednoczy\u0107 z Bogiem trzeba by\u0107 tylko cz\u0142owiekiem. Tylko, czy a\u017c cz\u0142owiekiem!? Nie trzeba by\u0107 w ka\u017cdym razie anio\u0142em! Trzeba stawa\u0107 si\u0119 cz\u0142owiekiem.<\/p>\n<p>Nie trzeba powtarza\u0107 jak wiele uczu\u0107 \u0142\u0105czy si\u0119 z wigilijnym wieczorem, z wigilijn\u0105 wieczerz\u0105. Trzeba natomiast jeszcze raz powiedzie\u0107, \u017ce te wszystkie pi\u0119kne zwyczaje, zakorzenione w naszych sercach, kszta\u0142tuj\u0105ce nas od dzieci\u0144stwa maj\u0105 swe \u017ar\u00f3d\u0142o w tym, \u017ce B\u00f3g jest w\u015br\u00f3d nas, \u017ce w naszej ludzkiej naturze z Nim si\u0119 spotykamy, bo Jego imi\u0119 brzmi Emmanuel,\u00a0B\u00f3g\u00a0z\u00a0nami.\u00a0Id\u0105c z bia\u0142ym op\u0142atkiem w d\u0142oni do drugiego cz\u0142owieka sprawiamy, \u017ce B\u00f3g jest w\u015br\u00f3d nas. Niech ten gest, kt\u00f3ry oznacza ludzki stosunek do drugiego cz\u0142owieka wp\u0142ywa na nasz\u0105 codzien\u00adno\u015b\u0107, bo B\u00f3g jest zawsze obecny w \u017cyciu cz\u0142owieka, zawsze \u2013 nie tylko w wigilijny wiecz\u00f3r. Amen.<\/p>\n","protected":false},"excerpt":{"rendered":"<p>To ju\u017c czwarta Niedziela Adwentu, a w najbli\u017csz\u0105 sobot\u0119 b\u0119dzie wigilia Bo\u017cego Narodzenia.\u00a0Wigilia,\u00a0to godziny czuwania, kt\u00f3re poprzedzaj\u0105 \u015bwi\u0119to. Wigilia \u015bwi\u0105t Narodzenia Pa\u0144skiego niesie ze sob\u0105 tak wielkie bogactwo tre\u015bci, wyzwala tyle wspania\u0142ych uczu\u0107, \u017ce samo s\u0142owo, sama nazwa\u00a0wigilia\u00a0kojarzy si\u0119 z tym jednym, wyj\u0105tkowym dniem, a w\u0142a\u015bciwie wieczorem, kt\u00f3ry poprzedza Betlejemsk\u0105 Noc. W naszych wspomnieniach, nosimy obraz sto\u0142u od\u015bwi\u0119tnie przybranego, przygotowanego dobr\u0105 mat\u00adczyn\u0105 d\u0142oni\u0105. Sto\u0142u, kt\u00f3ry jest znakiem domu, w kt\u00f3rym kszta\u0142tuje si\u0119 i wzrasta cz\u0142owiek. Wspomnienia te przechowujemy z tym wi\u0119ksz\u0105 trosk\u0105 i staranno\u015bci\u0105, im dalej unosi nas szybki pr\u0105d \u017cycia od rodzinnego gniazda, im dalej jeste\u015bmy od tych tre\u015bci, kt\u00f3re stanowi\u0105 przysta\u0144 rodzinnego domu. Ten st\u00f3\u0142 by\u0142 dla nas zawsze znakiem pokoju i bezpiecze\u0144stwa, wzajemnej mi\u0142o\u015bci i zrozumienia, kt\u00f3re s\u0105 konieczne dla rozwoju ka\u017cdego cz\u0142owieka. St\u00f3\u0142, przy kt\u00f3rym by\u0142o zawsze jedno miejsce wolne, uczy\u0142 nas go\u015bcinno\u015bci,\u00a0uczy\u0142 gotowo\u015bci dzielenia si\u0119 chlebem z tymi, kt\u00f3rzy s\u0105 g\u0142odni. By\u0142 przeciwstawieniem si\u0119 egoizmowi,&hellip;<\/p>\n<p> <a class=\"more-link\" href=\"http:\/\/www.franciszek-walcz.pl\/?p=22532\">Czytaj dalej<\/a><\/p>\n","protected":false},"author":1,"featured_media":0,"comment_status":"closed","ping_status":"closed","sticky":false,"template":"","format":"standard","meta":{"footnotes":""},"categories":[5],"tags":[],"class_list":{"0":"post-22532","1":"post","2":"type-post","3":"status-publish","4":"format-standard","6":"category-artykuly"},"brizy_media":[],"_links":{"self":[{"href":"http:\/\/www.franciszek-walcz.pl\/index.php?rest_route=\/wp\/v2\/posts\/22532","targetHints":{"allow":["GET"]}}],"collection":[{"href":"http:\/\/www.franciszek-walcz.pl\/index.php?rest_route=\/wp\/v2\/posts"}],"about":[{"href":"http:\/\/www.franciszek-walcz.pl\/index.php?rest_route=\/wp\/v2\/types\/post"}],"author":[{"embeddable":true,"href":"http:\/\/www.franciszek-walcz.pl\/index.php?rest_route=\/wp\/v2\/users\/1"}],"replies":[{"embeddable":true,"href":"http:\/\/www.franciszek-walcz.pl\/index.php?rest_route=%2Fwp%2Fv2%2Fcomments&post=22532"}],"version-history":[{"count":1,"href":"http:\/\/www.franciszek-walcz.pl\/index.php?rest_route=\/wp\/v2\/posts\/22532\/revisions"}],"predecessor-version":[{"id":22533,"href":"http:\/\/www.franciszek-walcz.pl\/index.php?rest_route=\/wp\/v2\/posts\/22532\/revisions\/22533"}],"wp:attachment":[{"href":"http:\/\/www.franciszek-walcz.pl\/index.php?rest_route=%2Fwp%2Fv2%2Fmedia&parent=22532"}],"wp:term":[{"taxonomy":"category","embeddable":true,"href":"http:\/\/www.franciszek-walcz.pl\/index.php?rest_route=%2Fwp%2Fv2%2Fcategories&post=22532"},{"taxonomy":"post_tag","embeddable":true,"href":"http:\/\/www.franciszek-walcz.pl\/index.php?rest_route=%2Fwp%2Fv2%2Ftags&post=22532"}],"curies":[{"name":"wp","href":"https:\/\/api.w.org\/{rel}","templated":true}]}}