{"id":22775,"date":"2022-12-31T12:10:15","date_gmt":"2022-12-31T11:10:15","guid":{"rendered":"http:\/\/www.franciszek-walcz.pl\/?p=22775"},"modified":"2022-12-31T12:12:17","modified_gmt":"2022-12-31T11:12:17","slug":"slowo-biskupa-polowego","status":"publish","type":"post","link":"http:\/\/www.franciszek-walcz.pl\/?p=22775","title":{"rendered":"S\u0141OWO BISKUPA POLOWEGO"},"content":{"rendered":"<p>S\u0141OWO BISKUPA POLOWEGO<\/p>\n<p>na uroczysto\u015b\u0107 NMP Bo\u017cej Rodzicielki i \u015awiatowy Dzie\u0144 Pokoju<\/p>\n<p>1 stycznia 2023 r.<\/p>\n<p>\u201e<em>Niech Pan zwr\u00f3ci ku Tobie oblicze swoje i niech Ci\u0119 obdarzy pokojem\u201d<\/em>\/Lb 6,26\/<\/p>\n<p>W atmosferze \u015bwi\u0105t Bo\u017cego Narodzenia i na progu Nowego Roku przekazuj\u0119 wszystkim tworz\u0105cym wsp\u00f3lnot\u0119 wiernych Ordynariatu Polowegojak najserdeczniejsze \u017cyczenia pokoju. Do takich \u017cycze\u0144 sk\u0142ania mnie nie tylko trwaj\u0105ca za wschodni\u0105 granic\u0105 Polski wojna, kt\u00f3ra uzmys\u0142awia nam jak wielkim darem jest pok\u00f3j. \u017byczenia pokoju s\u0105 jak najbardziej zrozumia\u0142e r\u00f3wnie\u017c w kontek\u015bcie prze\u017cywanego okresu Bo\u017cego Narodzenia i uroczysto\u015bci Maryi Bo\u017cej Rodzicielki.<\/p>\n<p>Podczas \u015bwi\u0105t Bo\u017cego Narodzenia celebrujemy przyj\u015bcie na \u015bwiat oczekiwanego Mesjasza, kt\u00f3rego prorok Izajasz nazywa Ksi\u0119ciem Pokoju (Iz 9,6). On bowiem swoj\u0105 \u015bmierci\u0105 i zmartwychwstaniem przywr\u00f3ci\u0142 pok\u00f3j mi\u0119dzy cz\u0142owiekiem i Bogiem.T\u0119 prawd\u0119 potwierdzaj\u0105 s\u0142owa, jakie pasterze us\u0142yszeli w chwili przybycia do narodzonego Mesjasza: \u201eChwa\u0142a na wysoko\u015bci Bogu, a na ziemi pok\u00f3j ludziom Jego upodobania\u201d (\u0141k 2,14). Przekaz biblijny jednoznacznie kojarzy przyj\u015bcie Boga \u2013 Emmanuela z darem pokoju. Dlatego \u017cycz\u0119 Wam, drodzy Bracia i Siostry, by\u015bcie pozwolili zamieszka\u0107 Bogu w Waszych sercach, w Waszych domach i rodzinach.W\u00f3wczas nie zabraknie Wam tego daru, kt\u00f3rego potrzeb\u0119 tak bardzo odczuwamy.<\/p>\n<p>Niegdy\u015b J\u00f3zef i Maryja poszukiwali, jak si\u0119 okaza\u0142o daremnie, odpowiedniego miejsca na narodzenie Dzieci\u0105tka Jezus. Oby znale\u017ali miejsce go\u015bcinne w naszym \u017cyciu! Korzystam ze sposobno\u015bci, aby w tym miejscu podzi\u0119kowa\u0107 wszystkim, kt\u00f3rzy w ostatnim roku, kieruj\u0105c si\u0119 ludzk\u0105 i chrze\u015bcija\u0144sk\u0105 wra\u017cliwo\u015bci\u0105, okazali go\u015bcinno\u015b\u0107 uchod\u017acom z Ukrainy, dostrzegaj\u0105c w nich wsp\u00f3\u0142czesne oblicze Jezusa.<\/p>\n<p>Jak okaza\u0107 go\u015bcin\u0119 Jezusowi uczy nas Jego i nasza Matka, Maryja. Ewangeliaukazuje nam Matk\u0119 Jezusa, kt\u00f3ra rozwa\u017ca\u0142a i zachowywa\u0142a w sercu wszystko, co by\u0142o zwi\u0105zane z Jej Synem (zob. \u0141k 2,19). W j\u0119zyku oryginalnym s\u0142owa te wskazuj\u0105 na to, \u017ce Maryja mi\u0119dzy innymi s\u0142ucha\u0142a Jezusa i by\u0142a Mu pos\u0142uszna oraz trwa\u0142a w Jego blisko\u015bci jak matka przytulaj\u0105ca do policzka dziecko. Ze s\u0142uchania s\u0142owa Bo\u017cego i blisko\u015bci Jezusa rodzi\u0142 si\u0119 w sercu Maryi pok\u00f3j. Pok\u00f3j wype\u0142ni\u0142 Jej serce mimo, \u017ce Jej \u017cycie nie by\u0142o wolne od utrapie\u0144, smutku, a nawet tragicznych wydarze\u0144. Tradycja m\u00f3wi o siedmiu bole\u015bciach Maryi. Wpatruj\u0105c si\u0119 w przyk\u0142ad Maryi, \u017cycz\u0119 Wam uwa\u017cnego s\u0142uchania i wiernego zachowywania s\u0142owa Bo\u017cego. Dzi\u0119ki temu do\u015bwiadczyciepog\u0142\u0119bionej znajomo\u015bci Jezusa i wzrastaj\u0105cej mi\u0142o\u015bci do Niego.<\/p>\n<p>Spe\u0142nienie tych wszystkich \u017cycze\u0144 b\u0119dzie w du\u017cym stopniu uwarunkowane od Waszej, drodzy Bracia i Siostry, relacji do Ko\u015bcio\u0142a i w Ko\u015bciele. Ko\u015bci\u00f3\u0142 bowiemjest wsp\u00f3lnot\u0105, w kt\u00f3rej spotykamy Jezusa i przekonujemy si\u0119, \u017ce istotnie jest Emmanuelem, czyli Bogiem z nami. W Ko\u015bciele do\u015bwiadczamy blisko\u015bci Jezusa, kt\u00f3ry przychodzi do nas w postaci g\u0142oszonego s\u0142owa, celebrowanych sakrament\u00f3w i wsp\u00f3lnoty Jego uczni\u00f3w. Przychodzi do nas pod niepozornymi znakami, podobnie jak pod niepozornym znakiem s\u0142abego i bezradnego niemowl\u0119cia, zdanego na opiek\u0119 innych,narodzi\u0142 si\u0119 w Betlejem. Dlatego jak rodakom Jezusa potrzebna by\u0142a wiara, \u017ce B\u00f3g przybra\u0142 posta\u0107 cz\u0142owieka tak i nam potrzebna jest wiara, \u017ce Jezus przychodzi do nas tu i teraz, pos\u0142uguj\u0105c si\u0119 \u201eludzkimi\u201d znakami i gestami. Takiej wiary \u017cycz\u0119 Wam z ca\u0142ego serca!<\/p>\n<p>Ten ludzki spos\u00f3b przychodzenia Jezusa do nas jest wielk\u0105 szans\u0105 do\u015bwiadczenia Jego mi\u0142o\u015bci, ale te\u017c niesie ze sob\u0105 ryzyko nadu\u017cycia Jego zaufania ze strony tych, kt\u00f3rzy w Jego imi\u0119 g\u0142osz\u0105 s\u0142owo Bo\u017ce i s\u0105 szafarzami sakrament\u00f3w \u015bwi\u0119tych.Z tego powodu wszyscy \u2013 i duchowni, i \u015bwieccy \u2013 winni troszczy\u0107 si\u0119, by nie utraci\u0107 wiary i do utraty wiary innych nie doprowadza\u0107.<\/p>\n<p>W\u0142a\u015bnie trosk\u0105 o wiar\u0119 w obecnego w Ko\u015bciele Chrystusa podyktowane jest has\u0142o rozpocz\u0119tego w pierwsz\u0105 niedziel\u0119 Adwentu roku liturgicznego. Brzmi ono: \u201eWierz\u0119 w Ko\u015bci\u00f3\u0142 Chrystusowy\u201d. W czasie, kiedy wiara w Ko\u015bci\u00f3\u0142 uleg\u0142a u wielu naszych braci i si\u00f3str os\u0142abieniu czy wr\u0119cz utracie, refleksja na temat wiary w Ko\u015bci\u00f3\u0142 i modlitwa o t\u0119 wiar\u0119 wydaj\u0105 si\u0119 konieczne.Konieczno\u015b\u0107 ta p\u0142ynie z przekonania, \u017ce w Ko\u015bciele Jezus kontynuuje sw\u0105 misj\u0119 zbawienia cz\u0142owieka, rozpocz\u0119t\u0105 narodzinami w Betlejem.<\/p>\n<p>Wielkim moim pragnieniem i \u017cyczeniem jest, by do\u015bwiadczenie Ko\u015bcio\u0142a w Ordynariacie Polowym nie prowadzi\u0142o do osch\u0142o\u015bci w wierze, ale do jej pog\u0142\u0119biania. Dlatego otaczam modlitw\u0105 wszystkich ksi\u0119\u017cy kapelan\u00f3w, ufaj\u0105c \u017ce b\u0119d\u0105 realizowa\u0107 swoje duszpasterskie zadania z wiar\u0105 i mi\u0142o\u015bci\u0105 do Boga i ludzi. Zawierzam Bogu w modlitwie Was wszystkich, drodzy Bracia i Siostry, r\u00f3wnie\u017c z nadziej\u0105, \u017ce obecno\u015bci\u0105 i aktywno\u015bci\u0105 we wsp\u00f3lnotach parafialnych oraz \u015bwiadectwem \u017cycia pomaga\u0107 b\u0119dziecie innym w pog\u0142\u0119bianiu lub przywracaniu wiary w Ko\u015bci\u00f3\u0142 Chrystusowy. Niech Pan zwr\u00f3ci ku Tobie, Ko\u015bciele w Ordynariacie Polowym, oblicze swoje i niech Ci\u0119 obdarzy pokojem!<\/p>\n<p>Niech Pan obdarza pokojem tak\u017ce wszystkich, za kt\u00f3rych si\u0119 dzisiaj, w \u015awiatowy Dzie\u0144 Pokoju szczeg\u00f3lnie modlimy \u2013 polskich \u017co\u0142nierzy w kraju i za granic\u0105 oraz ich dow\u00f3dc\u00f3w i prze\u0142o\u017conych.<\/p>\n<p>Niech obdarza pokojem nasz\u0105 umi\u0142owan\u0105 Ojczyzn\u0119 i wszystkie kraje do\u015bwiadczaj\u0105ce tragedii wojny i zbrojnych konflikt\u00f3w.<\/p>\n<p>Niech Bo\u017ce b\u0142ogos\u0142awie\u0144stwo spocznie na tych wszystkich \u017cyczeniach i niech pozostanie z nami na ka\u017cdy dzie\u0144 rozpoczynaj\u0105cego si\u0119 2023 roku.<\/p>\n<p>&nbsp;<\/p>\n<p>Wasz biskup Wies\u0142aw<\/p>\n","protected":false},"excerpt":{"rendered":"<p>S\u0141OWO BISKUPA POLOWEGO na uroczysto\u015b\u0107 NMP Bo\u017cej Rodzicielki i \u015awiatowy Dzie\u0144 Pokoju 1 stycznia 2023 r. \u201eNiech Pan zwr\u00f3ci ku Tobie oblicze swoje i niech Ci\u0119 obdarzy pokojem\u201d\/Lb 6,26\/ W atmosferze \u015bwi\u0105t Bo\u017cego Narodzenia i na progu Nowego Roku przekazuj\u0119 wszystkim tworz\u0105cym wsp\u00f3lnot\u0119 wiernych Ordynariatu Polowegojak najserdeczniejsze \u017cyczenia pokoju. Do takich \u017cycze\u0144 sk\u0142ania mnie nie tylko trwaj\u0105ca za wschodni\u0105 granic\u0105 Polski wojna, kt\u00f3ra uzmys\u0142awia nam jak wielkim darem jest pok\u00f3j. \u017byczenia pokoju s\u0105 jak najbardziej zrozumia\u0142e r\u00f3wnie\u017c w kontek\u015bcie prze\u017cywanego okresu Bo\u017cego Narodzenia i uroczysto\u015bci Maryi Bo\u017cej Rodzicielki. Podczas \u015bwi\u0105t Bo\u017cego Narodzenia celebrujemy przyj\u015bcie na \u015bwiat oczekiwanego Mesjasza, kt\u00f3rego prorok Izajasz nazywa Ksi\u0119ciem Pokoju (Iz 9,6). On bowiem swoj\u0105 \u015bmierci\u0105 i zmartwychwstaniem przywr\u00f3ci\u0142 pok\u00f3j mi\u0119dzy cz\u0142owiekiem i Bogiem.T\u0119 prawd\u0119 potwierdzaj\u0105 s\u0142owa, jakie pasterze us\u0142yszeli w chwili przybycia do narodzonego Mesjasza: \u201eChwa\u0142a na wysoko\u015bci Bogu, a na ziemi pok\u00f3j ludziom Jego upodobania\u201d (\u0141k 2,14). Przekaz biblijny jednoznacznie kojarzy przyj\u015bcie Boga \u2013&hellip;<\/p>\n<p> <a class=\"more-link\" href=\"http:\/\/www.franciszek-walcz.pl\/?p=22775\">Czytaj dalej<\/a><\/p>\n","protected":false},"author":1,"featured_media":0,"comment_status":"closed","ping_status":"closed","sticky":false,"template":"","format":"standard","meta":{"footnotes":""},"categories":[5],"tags":[],"class_list":{"0":"post-22775","1":"post","2":"type-post","3":"status-publish","4":"format-standard","6":"category-artykuly"},"brizy_media":[],"_links":{"self":[{"href":"http:\/\/www.franciszek-walcz.pl\/index.php?rest_route=\/wp\/v2\/posts\/22775","targetHints":{"allow":["GET"]}}],"collection":[{"href":"http:\/\/www.franciszek-walcz.pl\/index.php?rest_route=\/wp\/v2\/posts"}],"about":[{"href":"http:\/\/www.franciszek-walcz.pl\/index.php?rest_route=\/wp\/v2\/types\/post"}],"author":[{"embeddable":true,"href":"http:\/\/www.franciszek-walcz.pl\/index.php?rest_route=\/wp\/v2\/users\/1"}],"replies":[{"embeddable":true,"href":"http:\/\/www.franciszek-walcz.pl\/index.php?rest_route=%2Fwp%2Fv2%2Fcomments&post=22775"}],"version-history":[{"count":1,"href":"http:\/\/www.franciszek-walcz.pl\/index.php?rest_route=\/wp\/v2\/posts\/22775\/revisions"}],"predecessor-version":[{"id":22776,"href":"http:\/\/www.franciszek-walcz.pl\/index.php?rest_route=\/wp\/v2\/posts\/22775\/revisions\/22776"}],"wp:attachment":[{"href":"http:\/\/www.franciszek-walcz.pl\/index.php?rest_route=%2Fwp%2Fv2%2Fmedia&parent=22775"}],"wp:term":[{"taxonomy":"category","embeddable":true,"href":"http:\/\/www.franciszek-walcz.pl\/index.php?rest_route=%2Fwp%2Fv2%2Fcategories&post=22775"},{"taxonomy":"post_tag","embeddable":true,"href":"http:\/\/www.franciszek-walcz.pl\/index.php?rest_route=%2Fwp%2Fv2%2Ftags&post=22775"}],"curies":[{"name":"wp","href":"https:\/\/api.w.org\/{rel}","templated":true}]}}