{"id":22787,"date":"2022-12-31T12:47:17","date_gmt":"2022-12-31T11:47:17","guid":{"rendered":"http:\/\/www.franciszek-walcz.pl\/?p=22787"},"modified":"2022-12-31T12:47:17","modified_gmt":"2022-12-31T11:47:17","slug":"czas-jest-wiecznoscia","status":"publish","type":"post","link":"http:\/\/www.franciszek-walcz.pl\/?p=22787","title":{"rendered":"\u201eCZAS JEST WIECZNO\u015aCI\u0104\u201d"},"content":{"rendered":"<p><strong>Nowy Rok- <\/strong><strong>Uroczysto<\/strong><strong>\u015b\u0107<\/strong> <strong>\u015a<\/strong><strong>wi<\/strong><strong>\u0119<\/strong><strong>tej Bo<\/strong><strong>\u017c<\/strong><strong>ej Rodzicielki Maryi <\/strong><\/p>\n<p>\u201e<strong>CZAS JEST WIECZNO\u015aCI\u0104\u201d<\/strong><\/p>\n<p>Kolejny rok stoi przed\u00a0nami otworem. A\u00a0ka\u017cdy kolejny Nowy Rok sk\u0142ania nas do\u00a0podsumowa\u0144, ale\u00a0i\u00a0plan\u00f3w na\u00a0przysz\u0142o\u015b\u0107. Wystarczy, \u017ce\u00a0w\u0142\u0105czymy telewizor, otworzymy gazet\u0119, zajrzymy do\u00a0Internetu, wsz\u0119dzie mo\u017cemy zobaczy\u0107:<br \/>\n\u2013 Po\u00a0pierwsze podsumowania w\u00a0gospodarce, kulturze i\u00a0polityce. Mo\u017cemy przypomnie\u0107 sobie, jak\u00a0wiele wydarzy\u0142o si\u0119 w\u00a0tym roku. Co\u00a0osi\u0105gn\u0119li\u015bmy, co\u00a0stracili\u015bmy, jak\u00a0\u015bwiat poradzi\u0142 sobie w\u00a0roku 2022.<br \/>\n\u2013 Po\u00a0drugie, wielu dziennikarzy, ekonomist\u00f3w, publicyst\u00f3w przedstawia nam prognozy. Opisuj\u0105 jak\u00a0wed\u0142ug nich mog\u0105 potoczy\u0107 si\u0119 wydarzenia w\u00a02023\u00a0roku. Czy\u00a0w\u00a0grudniu przysz\u0142ego roku b\u0119dziemy mogli powiedzie\u0107, \u017ce\u00a0\u017cyje nam si\u0119 gorzej, czy\u00a0\u017cyje nam si\u0119 lepiej? I\u00a0chocia\u017c takie prognozy budz\u0105 wiele ciekawo\u015bci, jedne s\u0105\u00a0mniej, inne bardziej prawdopodobne, jednak nie\u00a0s\u0105\u00a0pewne.<\/p>\n<p>W\u00a0Nowym Roku \u017cyczymy sobie wszystkiego najlepszego. Bo\u00a0oczywi\u015bcie chcemy, aby\u00a0ten 2023\u00a0rok, przyni\u00f3s\u0142 nam jak\u00a0najwi\u0119cej pozytywnych do\u015bwiadcze\u0144. Aby\u015bmy mogli go\u00a0 prze\u017cy\u0107 w\u00a0spokoju, zdrowiu, je\u017celi ze\u00a0zmianami to\u00a0tymi pozytywnymi. Chcieliby\u015bmy mie\u0107 dobr\u0105 i\u00a0pewn\u0105 prac\u0119, spok\u00f3j w\u00a0szkole, zdrowie na\u00a0emeryturze. \u017byczyliby\u015bmy sobie wi\u0119kszych dochod\u00f3w, a\u00a0przy\u00a0tym najlepiej mniej wysi\u0142ku.<\/p>\n<p>To\u00a0naturalne, \u017ce\u00a0chcemy \u017ceby\u00a0by\u0142o nam lepiej. Tego samego pragn\u0119li Izraelici wkraczaj\u0105c do\u00a0Ziemi Obiecanej. Przed nimi pojawia\u0142 si\u0119 nowy pocz\u0105tek, a\u00a0z\u00a0tym wi\u0105\u017c\u0105 si\u0119 nowe nadzieje i\u00a0nowe marzenia. Dla\u00a0nas ka\u017cdy kolejny rok, ka\u017cdy kolejny dzie\u0144 jest nowym pocz\u0105tkiem.<\/p>\n<p>Co\u00a0zatem pomaga\u0142o Izraelitom przetrwa\u0107 ten bez\u00a0 w\u0105tpienia trudny okres w\u00a0ich dziejach? Ot\u00f3\u017c zaufanie. B\u00f3g powiedzia\u0142 Jozuemu: \u201eNikt przed\u00a0tob\u0105 si\u0119 nie\u00a0ostoi, dop\u00f3ki \u017cy\u0107 b\u0119dziesz; jak\u00a0by\u0142em z\u00a0Moj\u017ceszem, tak\u00a0b\u0119d\u0119 z\u00a0tob\u0105, nie\u00a0odst\u0105pi\u0119 ci\u0119 ani\u00a0ci\u0119 nie\u00a0opuszcz\u0119\u2026\u00a0 P\u00f3ki Izraelici pozostawali wierni Bogu, ufali Mu w\u00a0ka\u017cdej sprawie, to\u00a0ich \u017cycie cieszy\u0142o si\u0119 powodzeniem. Przypomnijmy sobie cho\u0107by histori\u0119 podbicia Jerycha, kiedy ich zwyci\u0119stwo wydawa\u0142o si\u0119 niemo\u017cliwe. Jednak zaufali Bogu, chocia\u017c plan wydawa\u0142 si\u0119 bezsensowny. Przy\u00a0pomocy tr\u0105b i\u00a0okrzyk\u00f3w mieli pokona\u0107 miasto. Jednak z\u00a0Bo\u017c\u0105 pomoc\u0105 to\u00a0si\u0119\u00a0powiod\u0142o.<\/p>\n<p>Ufali Bogu, wierzyli \u017ce\u00a0B\u00f3g im\u00a0 pomo\u017ce. Kiedy zaczynali wierzy\u0107 w\u00a0w\u0142asne si\u0142y ich bitwy okazywa\u0142y si\u0119 przegranymi, albo\u00a0konsekwencje bardzo bolesnymi. Oczywi\u015bcie nie\u00a0oznacza to, \u017ce\u00a0wiara i\u00a0zaufanie spowoduj\u0105 brak problem\u00f3w w\u00a0\u017cyciu. To\u00a0by\u0142aby naiwna wiara. B\u00f3g pozwala, aby\u015bmy prze\u017cywali r\u00f3wnie\u017c trudne i\u00a0bolesne chwile. I\u00a0w\u00a0tym miejscu wa\u017cne jest, aby\u00a0rozr\u00f3\u017cni\u0107:<br \/>\n\u2013 trudne do\u015bwiadczenia, kt\u00f3rym\u00a0musz\u0119 stawi\u0107 wszystkie moje\u00a0si\u0142y, ca\u0142ym sob\u0105 walczy\u0107 przeciwko temu co\u00a0dzieje si\u0119 w\u00a0moim \u017cyciu. Czasami to\u00a0wystarcza, jednak cz\u0119sto ponosimy wtedy fiasko.<br \/>\n\u2013 oraz\u00a0trudne do\u015bwiadczenia, w\u00a0kt\u00f3rych\u00a0towarzyszy mi\u00a0B\u00f3g, On\u00a0mnie podnosi gdy\u00a0upadam, dodaj mi\u00a0si\u0142, kiedy chc\u0119 si\u0119 podda\u0107.<\/p>\n<p>Z\u00a0Bo\u017c\u0105 pomoc\u0105 nie\u00a0musimy ba\u0107 si\u0119 przysz\u0142o\u015bci, niezale\u017cnie od\u00a0tego co\u00a0nas czeka. Dlaczego? Poniewa\u017c B\u00f3g jest z\u00a0nami. Nie\u00a0ma\u00a0nikogo, kto\u00a0by\u00a0o\u00a0nas bardziej dba\u0142 ni\u017c w\u0142a\u015bnie On. Oczywi\u015bcie nie\u00a0wiemy, co\u00a0nas czeka w\u00a0zaczynaj\u0105cym si\u0119 dzisiaj 2023\u00a0roku. Czy\u00a0na\u00a0\u015bwiecie rzeczywi\u015bcie zacznie si\u0119 powa\u017cny kryzys finansowy, czy\u00a0zachoruj\u0119, czy\u00a0b\u0119d\u0119 mia\u0142 za\u00a0co\u00a0\u017cy\u0107, czy\u00a0za\u00a0rok b\u0119d\u0119 m\u00f3g\u0142 powiedzie\u0107: to\u00a0by\u0142 dobry czas? Bardzo dobrze, \u017ce\u00a0nie\u00a0wiemy co\u00a0nas czeka. Mo\u017cemy w\u00a0modlitwach dzi\u0119kowa\u0107 za\u00a0to\u00a0co\u00a0mamy i\u00a0powierza\u0107 czas, kt\u00f3ry\u00a0jest przed\u00a0nami. Nawet je\u017celi czekaj\u0105 nas trudne chwile, to\u00a0przechodzi\u0107 je\u00a0z\u00a0Bogiem zawsze jest \u0142atwiej.<\/p>\n<p>B\u00f3g powiedzia\u0142 Jozuemu, i\u00a0m\u00f3wi te\u017c nam: \u201eCzy\u00a0nie\u00a0przykaza\u0142em ci: B\u0105d\u017a mocny i\u00a0m\u0119\u017cny? Nie\u00a0b\u00f3j si\u0119 i\u00a0nie\u00a0l\u0119kaj si\u0119, bo\u00a0Pan, B\u00f3g tw\u00f3j, b\u0119dzie z\u00a0tob\u0105 wsz\u0119dzie, dok\u0105dkolwiek p\u00f3jdziesz.\u201d<\/p>\n<p>Pan B\u00f3g tw\u00f3j, b\u0119dzie z\u00a0tob\u0105 wsz\u0119dzie, dok\u0105dkolwiek p\u00f3jdziesz.<br \/>\nDlatego ufajmy Mu, \u017ce\u00a0chce dla\u00a0nas tego co\u00a0dobre.<\/p>\n","protected":false},"excerpt":{"rendered":"<p>Nowy Rok- Uroczysto\u015b\u0107 \u015awi\u0119tej Bo\u017cej Rodzicielki Maryi \u201eCZAS JEST WIECZNO\u015aCI\u0104\u201d Kolejny rok stoi przed\u00a0nami otworem. A\u00a0ka\u017cdy kolejny Nowy Rok sk\u0142ania nas do\u00a0podsumowa\u0144, ale\u00a0i\u00a0plan\u00f3w na\u00a0przysz\u0142o\u015b\u0107. Wystarczy, \u017ce\u00a0w\u0142\u0105czymy telewizor, otworzymy gazet\u0119, zajrzymy do\u00a0Internetu, wsz\u0119dzie mo\u017cemy zobaczy\u0107: \u2013 Po\u00a0pierwsze podsumowania w\u00a0gospodarce, kulturze i\u00a0polityce. Mo\u017cemy przypomnie\u0107 sobie, jak\u00a0wiele wydarzy\u0142o si\u0119 w\u00a0tym roku. Co\u00a0osi\u0105gn\u0119li\u015bmy, co\u00a0stracili\u015bmy, jak\u00a0\u015bwiat poradzi\u0142 sobie w\u00a0roku 2022. \u2013 Po\u00a0drugie, wielu dziennikarzy, ekonomist\u00f3w, publicyst\u00f3w przedstawia nam prognozy. Opisuj\u0105 jak\u00a0wed\u0142ug nich mog\u0105 potoczy\u0107 si\u0119 wydarzenia w\u00a02023\u00a0roku. Czy\u00a0w\u00a0grudniu przysz\u0142ego roku b\u0119dziemy mogli powiedzie\u0107, \u017ce\u00a0\u017cyje nam si\u0119 gorzej, czy\u00a0\u017cyje nam si\u0119 lepiej? I\u00a0chocia\u017c takie prognozy budz\u0105 wiele ciekawo\u015bci, jedne s\u0105\u00a0mniej, inne bardziej prawdopodobne, jednak nie\u00a0s\u0105\u00a0pewne. W\u00a0Nowym Roku \u017cyczymy sobie wszystkiego najlepszego. Bo\u00a0oczywi\u015bcie chcemy, aby\u00a0ten 2023\u00a0rok, przyni\u00f3s\u0142 nam jak\u00a0najwi\u0119cej pozytywnych do\u015bwiadcze\u0144. Aby\u015bmy mogli go\u00a0 prze\u017cy\u0107 w\u00a0spokoju, zdrowiu, je\u017celi ze\u00a0zmianami to\u00a0tymi pozytywnymi. Chcieliby\u015bmy mie\u0107 dobr\u0105 i\u00a0pewn\u0105 prac\u0119, spok\u00f3j w\u00a0szkole, zdrowie na\u00a0emeryturze. \u017byczyliby\u015bmy sobie wi\u0119kszych dochod\u00f3w, a\u00a0przy\u00a0tym najlepiej mniej wysi\u0142ku. To\u00a0naturalne, \u017ce\u00a0chcemy \u017ceby\u00a0by\u0142o nam lepiej. Tego samego pragn\u0119li Izraelici&hellip;<\/p>\n<p> <a class=\"more-link\" href=\"http:\/\/www.franciszek-walcz.pl\/?p=22787\">Czytaj dalej<\/a><\/p>\n","protected":false},"author":1,"featured_media":0,"comment_status":"closed","ping_status":"closed","sticky":false,"template":"","format":"standard","meta":{"footnotes":""},"categories":[5],"tags":[],"class_list":{"0":"post-22787","1":"post","2":"type-post","3":"status-publish","4":"format-standard","6":"category-artykuly"},"brizy_media":[],"_links":{"self":[{"href":"http:\/\/www.franciszek-walcz.pl\/index.php?rest_route=\/wp\/v2\/posts\/22787","targetHints":{"allow":["GET"]}}],"collection":[{"href":"http:\/\/www.franciszek-walcz.pl\/index.php?rest_route=\/wp\/v2\/posts"}],"about":[{"href":"http:\/\/www.franciszek-walcz.pl\/index.php?rest_route=\/wp\/v2\/types\/post"}],"author":[{"embeddable":true,"href":"http:\/\/www.franciszek-walcz.pl\/index.php?rest_route=\/wp\/v2\/users\/1"}],"replies":[{"embeddable":true,"href":"http:\/\/www.franciszek-walcz.pl\/index.php?rest_route=%2Fwp%2Fv2%2Fcomments&post=22787"}],"version-history":[{"count":1,"href":"http:\/\/www.franciszek-walcz.pl\/index.php?rest_route=\/wp\/v2\/posts\/22787\/revisions"}],"predecessor-version":[{"id":22788,"href":"http:\/\/www.franciszek-walcz.pl\/index.php?rest_route=\/wp\/v2\/posts\/22787\/revisions\/22788"}],"wp:attachment":[{"href":"http:\/\/www.franciszek-walcz.pl\/index.php?rest_route=%2Fwp%2Fv2%2Fmedia&parent=22787"}],"wp:term":[{"taxonomy":"category","embeddable":true,"href":"http:\/\/www.franciszek-walcz.pl\/index.php?rest_route=%2Fwp%2Fv2%2Fcategories&post=22787"},{"taxonomy":"post_tag","embeddable":true,"href":"http:\/\/www.franciszek-walcz.pl\/index.php?rest_route=%2Fwp%2Fv2%2Ftags&post=22787"}],"curies":[{"name":"wp","href":"https:\/\/api.w.org\/{rel}","templated":true}]}}