{"id":22859,"date":"2023-01-05T20:40:06","date_gmt":"2023-01-05T19:40:06","guid":{"rendered":"http:\/\/www.franciszek-walcz.pl\/?p=22859"},"modified":"2023-01-05T20:40:22","modified_gmt":"2023-01-05T19:40:22","slug":"uroczystosc-objawienia-panskiego","status":"publish","type":"post","link":"http:\/\/www.franciszek-walcz.pl\/?p=22859","title":{"rendered":"Uroczysto\u015b\u0107 Objawienia Pa\u0144skiego"},"content":{"rendered":"<p><strong>Kim byli M\u0119drcy?<\/strong><\/p>\n<p>Znawcy m\u00f3wi\u0105, \u017ce byli uczonymi astronomami, przedstawicielami wielkiej tradycji, kt\u00f3ra na przestrzeni wiek\u00f3w rozwin\u0119\u0142a si\u0119 w Mezopotamii i nadal tam kwi\u00adt\u0142a. Ale sama ta informacja nie wystarcza. By\u0142o zapewne wielu astronom\u00f3w w staro\u017cytnym Ba\u00adbilonie, ale tylko tych paru posz\u0142o za gwiazd\u0105, uznali j\u0105 za obiecan\u0105 gwiazd\u0119, za znak wskazu\u00adj\u0105cy drog\u0119 do prawdziwego Kr\u00f3la i Zbawiciela. Mo\u017cna powiedzie\u0107, \u017ce byli oni lud\u017ami nauki, ale nie tylko w sensie, \u017ce chcieli wiedzie\u0107 wiele rze\u00adczy: chcieli czego\u015b wi\u0119cej. Chcieli zrozumie\u0107, co si\u0119 liczy w ludzkim bycie (\u2026).<\/p>\n<p>Byli lud\u017ami przekonanymi o tym, \u017ce w stworzeniu istnieje co\u015b, co mogliby\u015bmy nazwa\u0107 &#8222;podpisem&#8221; Boga &#8211; podpis, kt\u00f3ry cz\u0142owiek mo\u017ce i powinien stara\u0107 si\u0119 odkry\u0107 i odczyta\u0107. (\u2026) W pi\u0119knie \u015bwiata, w jego tajemnicy, w jego wielko\u015bci i w jego racjonalno\u015bci nie mo\u017cemy nie odczyta\u0107 wiecznej racjonalno\u015bci i nie mo\u017cemy nie da\u0107 si\u0119 jej poprowadzi\u0107 a\u017c do jedynego Boga, stw\u00f3rcy nieba i ziemi. Je\u017celi b\u0119dziemy w ten spo\u00ads\u00f3b patrze\u0107, zobaczymy, \u017ce Ten, kt\u00f3ry stworzy\u0142 \u015bwiat, i Ten, kt\u00f3ry narodzi\u0142 si\u0119 w grocie betlejem\u00adskiej i nadal mieszka po\u015br\u00f3d nas w Eucharystii, to ten sam B\u00f3g \u017cyj\u0105cy, kt\u00f3ry do nas si\u0119 zwraca, kocha nas, pragnie nas doprowadzi\u0107 do \u017cycia wiecznego (\u2026).<\/p>\n<p>Byli lud\u017ami o niespokojnym sercu, kt\u00f3rzy nie zado\u00adwalali si\u0119 tym, co widoczne i normalne. Byli to ludzie poszukuj\u0105cy obietnicy, poszukuj\u0105cy Boga. I byli to ludzie czujni, potrafi\u0105cy postrzega\u0107 znaki Boga, Jego cich\u0105 i nieprzerwan\u0105 mow\u0119. Ale byli to te\u017c ludzie odwa\u017cni, a zarazem pokorni: mo\u017cemy sobie wyobrazi\u0107, \u017ce musieli znie\u015b\u0107 szyderstwa, poniewa\u017c wyruszyli w podr\u00f3\u017c do kr\u00f3la \u017byd\u00f3w, nara\u017caj\u0105c si\u0119 z tego wzgl\u0119du na wiele trud\u00f3w. Dla nich decyduj\u0105ce nie by\u0142o to, co my\u015bla\u0142 i powiedzia\u0142 im ten czy \u00f3w, nawet je\u015bli byli to ludzie inteligent\u00adni i wp\u0142ywowi. Dla nich liczy\u0142a si\u0119 sama prawda, a nie ludzka opinia. Dlatego znosz\u0105 wyrzeczenia i trudy d\u0142ugiej i niepewnej drogi. Ich pokorna od\u00adwaga pozwoli\u0142a im pok\u0142oni\u0107 si\u0119 dziecku ubogich ludzi i uzna\u0107 w nim obiecanego Kr\u00f3la, kt\u00f3rego poszukiwanie i uznanie by\u0142o celem ich zewn\u0119trz\u00adnej i wewn\u0119trznej w\u0119dr\u00f3wki.<\/p>\n<p><strong>Co symbolizuje przybycie M\u0119drc\u00f3w do \u017c\u0142\u00f3bka?<\/strong><\/p>\n<p>Przybycie M\u0119drc\u00f3w ze Wschodu do Betlejem, by odda\u0107 cze\u015b\u0107 nowonarodzonemu Mesjaszowi, jest symbolem objawienia si\u0119 Kr\u00f3la wszech\u015bwia\u00adta narodom i wszystkim ludziom, kt\u00f3rzy szukaj\u0105 prawdy. Jest to pocz\u0105tek procesu, b\u0119d\u0105cego przeci\u00adwie\u0144stwem dynamiki wie\u017cy Babel: od zamieszania do zrozumienia, od rozproszenia do pojednania.<\/p>\n<p>Dostrzegamy tu zwi\u0105zek mi\u0119dzy Objawieniem Pa\u0144skim i Pi\u0119\u0107dziesi\u0105tnic\u0105: je\u015bli narodziny Chry\u00adstusa, G\u0142owy, s\u0105 r\u00f3wnie\u017c narodzinami Ko\u015bcio\u0142a, Jego Cia\u0142a, to w postaciach M\u0119drc\u00f3w widzimy narody, kt\u00f3re do\u0142\u0105czaj\u0105 do reszty Izraela, co jest zapowiedzi\u0105 wielkiego znaku &#8222;Ko\u015bcio\u0142a wieloj\u0119zycznego&#8221;, kt\u00f3ry uczyni\u0142 Duch \u015awi\u0119ty pi\u0119\u0107dzie\u00adsi\u0105t dni po Passze; wiernej i wytrwa\u0142ej mi\u0142o\u015bci Boga, kt\u00f3ry z pokolenia na pokolenie pozostaje wierny swemu przymierzu.<\/p>\n<p><strong>Czego praktycznego mo\u017cemy si\u0119 dzi\u015b nauczy\u0107 od M\u0119drc\u00f3w ze Wschodu?<\/strong><\/p>\n<p>Pot\u0119ga Boga objawia si\u0119 w zupe\u0142nie inny spos\u00f3b &#8211; w Betlejem, gdzie spotykamy pozorn\u0105 niemoc Jego mi\u0142o\u015bci. I w\u0142a\u015bnie tam powinni\u015bmy si\u0119 uda\u0107, w\u0142a\u015bnie tam odnajdujemy na nowo Bo\u017c\u0105 gwiazd\u0119.<\/p>\n<p>R\u00f3wnie\u017c dzi\u015b jednak pod wie\u00adloma wzgl\u0119dami prawd\u0105 jest to, co m\u00f3wi\u0142 prorok: &#8222;g\u0119sty mrok spowija ludy&#8221; i nasz\u0105 histori\u0119. (\u2026) Potrzebujemy wi\u0119kszej nadziei, dzi\u0119ki kt\u00f3\u00adrej b\u0119dziemy przedk\u0142ada\u0107 wsp\u00f3lne dobro wszyst\u00adkich nad luksus nielicznych i ub\u00f3stwo wielu. &#8222;T\u0105 wielk\u0105 nadziej\u0105 &#8211; napisa\u0142em w Encyklice\u00a0<em>Spesalvi\u00a0<\/em>&#8211; mo\u017ce by\u0107 jedynie B\u00f3g (&#8230;) nie jakikolwiek b\u00f3g, ale ten B\u00f3g, kt\u00f3ry ma ludzkie oblicze&#8221; (n. 31); B\u00f3g, kt\u00f3ry objawi\u0142 si\u0119 w Dzieci\u0105tku w Betlejem oraz w Ukrzy\u017cowanym i Zmartwychwsta\u0142ym.<\/p>\n<p>Maj\u0105c wielk\u0105 nadziej\u0119, mo\u017cna wytrwa\u0107 w umiarkowaniu. Je\u015bli brak prawdziwej nadziei, szcz\u0119\u015bcia poszukuje si\u0119 w upojeniu, zbytkach, nadu\u017cyciach, niszcz\u0105c samych siebie i \u015bwiat. Umiarkowanie nie jest zatem jedynie zasad\u0105 ascetyczn\u0105, ale dro\u00adg\u0105 ocalenia ludzko\u015bci. Jest ju\u017c jasne, \u017ce jedynie gdy przyjmiemy skromny styl \u017cycia, a przy tym b\u0119dziemy rzeczywi\u015bcie d\u0105\u017cy\u0107 do sprawiedliwego podzia\u0142u d\u00f3br, b\u0119dzie mo\u017cna wprowadzi\u0107 sys\u00adtem sprawiedliwego i zr\u00f3wnowa\u017conego rozwoju. Dlatego potrzeba ludzi o wielkiej nadziei, a tym samym wielkiej odwadze. Odwadze M\u0119drc\u00f3w, kt\u00f3rzy wyruszyli w d\u0142ug\u0105 podr\u00f3\u017c za gwiazd\u0105 oraz potrafili ukl\u0119kn\u0105\u0107 przed Dzieckiem i z\u0142o\u017cy\u0107 Mu cenne dary. Wszyscy potrzebujemy tej odwagi, opartej na niewzruszonej nadziei (\u2026).<\/p>\n<p>To powinni czyni\u0107 uczniowie Chrystusa: poucze\u00adni przez Niego, jak \u017cy\u0107 duchem b\u0142ogos\u0142awie\u0144stw, winni swym \u015bwiadectwem mi\u0142o\u015bci przyci\u0105ga\u0107 wszystkich ludzi do Boga: &#8222;Tak niech wasze \u015bwiat\u0142o ja\u015bnieje przed lud\u017ami, aby widzieli wa\u00adsze dobre uczynki i chwalili Ojca waszego, kt\u00f3\u00adry jest w niebie&#8221; (Mt 5,16). S\u0142uchaj\u0105c tych s\u0142\u00f3w Jezusa, my, cz\u0142onkowie Ko\u015bcio\u0142a, nie mo\u017cemy nie odczuwa\u0107 ca\u0142ej niewystarczalno\u015bci naszej ludzkiej kondycji naznaczonej grzechem. Ko\u00ad\u015bci\u00f3\u0142 jest \u015bwi\u0119ty, ale sk\u0142ada si\u0119 z ludzi maj\u0105cych swoje ograniczenia i pope\u0142niaj\u0105cych b\u0142\u0119dy. Jedy\u00adnie Chrystus, daj\u0105c nam Ducha \u015awi\u0119tego, mo\u017ce przemieni\u0107 nasz\u0105 n\u0119dz\u0119 i stale nas odnawia\u0107.<\/p>\n<p>Ale nie tylko my, istoty ludzkie, jeste\u015bmy niespokojni w zwi\u0105zku z Bogiem. Serce Boga jest niespokojne o cz\u0142owieka. B\u00f3g nas ocze\u00adkuje. On nas poszukuje. Tak\u017ce On nie jest spokojny, dop\u00f3ki nas nie znajdzie. Serce Boga jest niespo\u00adkojne i dlatego wyruszy\u0142 On w drog\u0119 do nas &#8211; do Betlejem, na Kalwari\u0119, z Jerozolimy do Galilei i a\u017c po kra\u0144ce \u015bwiata. B\u00f3g jest niespokojny o nas i po\u00adszukuje os\u00f3b, kt\u00f3rym udzieli si\u0119 Jego niepok\u00f3j, Jego mi\u0142o\u015b\u0107 do nas.<\/p>\n","protected":false},"excerpt":{"rendered":"<p>Kim byli M\u0119drcy? Znawcy m\u00f3wi\u0105, \u017ce byli uczonymi astronomami, przedstawicielami wielkiej tradycji, kt\u00f3ra na przestrzeni wiek\u00f3w rozwin\u0119\u0142a si\u0119 w Mezopotamii i nadal tam kwi\u00adt\u0142a. Ale sama ta informacja nie wystarcza. By\u0142o zapewne wielu astronom\u00f3w w staro\u017cytnym Ba\u00adbilonie, ale tylko tych paru posz\u0142o za gwiazd\u0105, uznali j\u0105 za obiecan\u0105 gwiazd\u0119, za znak wskazu\u00adj\u0105cy drog\u0119 do prawdziwego Kr\u00f3la i Zbawiciela. Mo\u017cna powiedzie\u0107, \u017ce byli oni lud\u017ami nauki, ale nie tylko w sensie, \u017ce chcieli wiedzie\u0107 wiele rze\u00adczy: chcieli czego\u015b wi\u0119cej. Chcieli zrozumie\u0107, co si\u0119 liczy w ludzkim bycie (\u2026). Byli lud\u017ami przekonanymi o tym, \u017ce w stworzeniu istnieje co\u015b, co mogliby\u015bmy nazwa\u0107 &#8222;podpisem&#8221; Boga &#8211; podpis, kt\u00f3ry cz\u0142owiek mo\u017ce i powinien stara\u0107 si\u0119 odkry\u0107 i odczyta\u0107. (\u2026) W pi\u0119knie \u015bwiata, w jego tajemnicy, w jego wielko\u015bci i w jego racjonalno\u015bci nie mo\u017cemy nie odczyta\u0107 wiecznej racjonalno\u015bci i nie mo\u017cemy nie da\u0107 si\u0119 jej poprowadzi\u0107 a\u017c do jedynego Boga, stw\u00f3rcy nieba i ziemi.&hellip;<\/p>\n<p> <a class=\"more-link\" href=\"http:\/\/www.franciszek-walcz.pl\/?p=22859\">Czytaj dalej<\/a><\/p>\n","protected":false},"author":1,"featured_media":0,"comment_status":"closed","ping_status":"closed","sticky":false,"template":"","format":"standard","meta":{"footnotes":""},"categories":[5],"tags":[],"class_list":{"0":"post-22859","1":"post","2":"type-post","3":"status-publish","4":"format-standard","6":"category-artykuly"},"brizy_media":[],"_links":{"self":[{"href":"http:\/\/www.franciszek-walcz.pl\/index.php?rest_route=\/wp\/v2\/posts\/22859","targetHints":{"allow":["GET"]}}],"collection":[{"href":"http:\/\/www.franciszek-walcz.pl\/index.php?rest_route=\/wp\/v2\/posts"}],"about":[{"href":"http:\/\/www.franciszek-walcz.pl\/index.php?rest_route=\/wp\/v2\/types\/post"}],"author":[{"embeddable":true,"href":"http:\/\/www.franciszek-walcz.pl\/index.php?rest_route=\/wp\/v2\/users\/1"}],"replies":[{"embeddable":true,"href":"http:\/\/www.franciszek-walcz.pl\/index.php?rest_route=%2Fwp%2Fv2%2Fcomments&post=22859"}],"version-history":[{"count":1,"href":"http:\/\/www.franciszek-walcz.pl\/index.php?rest_route=\/wp\/v2\/posts\/22859\/revisions"}],"predecessor-version":[{"id":22860,"href":"http:\/\/www.franciszek-walcz.pl\/index.php?rest_route=\/wp\/v2\/posts\/22859\/revisions\/22860"}],"wp:attachment":[{"href":"http:\/\/www.franciszek-walcz.pl\/index.php?rest_route=%2Fwp%2Fv2%2Fmedia&parent=22859"}],"wp:term":[{"taxonomy":"category","embeddable":true,"href":"http:\/\/www.franciszek-walcz.pl\/index.php?rest_route=%2Fwp%2Fv2%2Fcategories&post=22859"},{"taxonomy":"post_tag","embeddable":true,"href":"http:\/\/www.franciszek-walcz.pl\/index.php?rest_route=%2Fwp%2Fv2%2Ftags&post=22859"}],"curies":[{"name":"wp","href":"https:\/\/api.w.org\/{rel}","templated":true}]}}