{"id":22873,"date":"2023-01-07T12:22:51","date_gmt":"2023-01-07T11:22:51","guid":{"rendered":"http:\/\/www.franciszek-walcz.pl\/?p=22873"},"modified":"2023-01-07T12:23:41","modified_gmt":"2023-01-07T11:23:41","slug":"glos-z-nieba","status":"publish","type":"post","link":"http:\/\/www.franciszek-walcz.pl\/?p=22873","title":{"rendered":"G\u0141OS Z NIEBA"},"content":{"rendered":"<p>Historia opowiada, jak wychowawczyni francuskiej ksi\u0119\u017cniczki Marii Ludwiki skarci\u0142a kiedy\u015b swoj\u0105 wychowank\u0119. Ksi\u0119\u017cniczka zapyta\u0142a niegrzecznie: \u201eCzy\u017c ja nie jestem c\u00f3rk\u0105 kr\u00f3la?\u201d Wychowawczyni szybko odpowiedzia\u0142a: \u201eA ja? Czy nie jestem c\u00f3rk\u0105 twojego i mojego Boga?\u201d<\/p>\n<p>Od momentu przyj\u0119cia sakramentu chrztu \u015bwi\u0119tego ka\u017cdy z nas jest synem lub c\u00f3rk\u0105 naszego Boga. Dzisiaj, kiedy wspominamy chrzest, kt\u00f3ry przyj\u0105\u0142 Jezus z r\u0105k Jana Chrzciciela, warto zatrzyma\u0107 si\u0119 nad tajemnic\u0105 i wielkim bogactwem tego pierwszego sakramentu zapowiadanego przez chrzest Janowy.<\/p>\n<p>Chrzest, pierwszy z siedmiu sakrament\u00f3w, jest uczestnictwem w Tajemnicy Paschalnej Chrystusa. G\u0142adzi w nas grzech pierworodny i w\u0142\u0105cza nas do wsp\u00f3lnoty zbawienia, jak\u0105 jest Ko\u015bci\u00f3\u0142.<\/p>\n<p>Przez chrzest B\u00f3g uznaje nas za swoje dzieci. Objawia nam siebie jako Ojca, i to zawsze dobrego Ojca, nawet w\u00f3wczas, gdy my jako dzieci oka\u017cemy si\u0119 tego niegodni. Od chrztu modlitwa ma charakter rozmowy rodzinnej. Pro\u015bby zanoszone do nieba nie maj\u0105 nic z oficjalnych poda\u0144 czekaj\u0105cych na \u0142askawe za\u0142atwienie, lecz s\u0105 bezpo\u015brednim spotkaniem dziecka z Ojcem, kt\u00f3re ma przyst\u0119p do swego Taty w ka\u017cdym momencie dnia i nocy. W tym duchu nale\u017cy odczyta\u0107 modlitw\u0119 \u201eOjcze nasz\u201d, najpi\u0119kniejszy wz\u00f3r rozmowy Boga z cz\u0142owiekiem i\u00a0cz\u0142owieka z\u00a0Bogiem.<\/p>\n<p>W momencie chrztu do ka\u017cdego z nas B\u00f3g skierowa\u0142 s\u0142owa z dzisiejszej ewangelii: Ty\u015b jest m\u00f3j Syn umi\u0142owany, w Tobie mam upodobanie. B\u00f3g uczyni\u0142 nas Swymi dzie\u0107mi. Ta wielka godno\u015b\u0107, kt\u00f3r\u0105 zostali\u015bmy obdarzeni, zobowi\u0105zuje nas do godnego \u017cycia. We chrzcie wszyscy zostali\u015bmy powo\u0142ani do \u015bwi\u0119to\u015bci, czyli do na\u015bladowania naszego Ojca w niebie, do pe\u0142nienia Jego woli. \u201e\u015awi\u0119tymi b\u0105d\u017acie, bo Ja jestem \u015awi\u0119ty\u201d \u2013 m\u00f3wi B\u00f3g na kartach Ksi\u0119gi Kap\u0142a\u0144skiej.<\/p>\n<p>Trzeba sobie dzi\u015b na nowo u\u015bwiadomi\u0107 to, co dokona\u0142o si\u0119 w momencie naszego chrztu. Trzeba dzi\u015b podzi\u0119kowa\u0107 Bogu za to, \u017ce mo\u017cemy go nazywa\u0107 Ojcem. Przypomnijmy sobie po raz kolejny tre\u015b\u0107 naszych przyrzecze\u0144 chrzcielnych, by m\u00f3c z rado\u015bci\u0105 wype\u0142nia\u0107 je w naszym \u017cyciu. Wr\u00f3\u0107my dzi\u015b w duchu do tego dnia, kiedy przyj\u0119li\u015bmy sakrament chrztu \u015bw. Dano nam w\u00f3wczas bia\u0142\u0105 szat\u0119 \u2013 znak otrzymanej \u0142aski, \u015bwi\u0119to\u015bci i niewinno\u015bci, oraz p\u0142on\u0105c\u0105 \u015bwiec\u0119 \u2013 znak \u017cywej wiary. Stali\u015bmy si\u0119 niewinni i \u015bwi\u0119ci, ale nie po to by\u015bmy byli nimi na chwil\u0119, mo\u017ce do I Komunii \u015bw., ale przez ca\u0142e \u017cycie i przez ca\u0142\u0105 wieczno\u015b\u0107.<\/p>\n<p>W pierwszych wiekach chrze\u015bcija\u0144stwa, je\u017celi chrze\u015bcijanin wkroczy\u0142 na z\u0142\u0105 drog\u0119, jego ojciec chrzestny bra\u0142 z ko\u015bcio\u0142a bia\u0142\u0105 szat\u0119 jego chrztu i pokazywa\u0142 mu j\u0105 m\u00f3wi\u0105c: \u201eOna by\u0142a \u015bwiadkiem twoich chrzestnych obietnic. Ona b\u0119dzie \u015bwiadczy\u0107 przeciwko Tobie na s\u0105dzie Pa\u0144skim\u201d.<\/p>\n<p>Obiecali\u015bmy na chrzcie \u015bw., i cz\u0119sto powtarzali\u015bmy w \u017cyciu,\u017ce b\u0119dziemy dobrymi, wiernymi dzie\u0107mi Bo\u017cymi. Czy nimi jeste\u015bmy? Czy staramy si\u0119 przynajmniej by\u0107 takimi? Czy na s\u0105dzie Bo\u017cym nie b\u0119d\u0105 nas oskar\u017ca\u0107 niemi \u015bwiadkowie naszego chrztu: bia\u0142a szata, chrzestna \u015bwieca i s\u0142owa naszych przyrzecze\u0144? Pomy\u015blmy nad tym dzisiaj!<\/p>\n<p>Przy tej okazji warto zapyta\u0107, czy mamy jeszcze bia\u0142\u0105 szat\u0119 naszego chrztu, czy mamy \u015bwiec\u0119 chrzcieln\u0105? Warto zadba\u0107 o to, by mia\u0142y je wasze dzieci, kt\u00f3re przynie\u015bli\u015bcie do chrztu. One w widzialny spos\u00f3b przypominaj\u0105 nam to, co dokona\u0142o si\u0119 w chwili naszego chrztu, co otrzymali\u015bmy i do czego wtedy si\u0119 zobowi\u0105zali\u015bmy.<\/p>\n<p>Warto r\u00f3wnie\u017c przypomnie\u0107 obowi\u0105zki rodzic\u00f3w i chrzestnych. Zwyczajowo obecnie chrzcimy przede wszystkim ma\u0142e dzieci. Dlatego to rodzice s\u0105 odpowiedzialni za rozw\u00f3j ich wiary. \u201eRodzice s\u0105 pierwszymi wychowawcami wiary swoich dzieci\u201d. Trzeba o tym pami\u0119ta\u0107. To wy rodzice jeste\u015bcie pierwszymi katechetami. To wy, swoim w\u0142asnym przyk\u0142adem, jak nikt inny, uczycie swoje dzieci wiary i mi\u0142o\u015bci do naszego Ojca w niebie. B\u0105d\u017acie dla swych dzieci \u015bwiadkami wiary!<\/p>\n<p>Rodzicom maj\u0105 pomaga\u0107 chrzestni. Oni nie mog\u0105 by\u0107 tylko sponsorami dziecka! Oni r\u00f3wnie\u017c s\u0105 odpowiedzialni za rozw\u00f3j wiary ochrzczonego dziecka. Mo\u017cna dzi\u015b zapyta\u0107 wszystkich, kt\u00f3rzy pe\u0142ni\u0105 t\u0119 funkcj\u0119: jak cz\u0119sto modlicie si\u0119 za swoich chrze\u015bniak\u00f3w? Jak cz\u0119sto rozmawiacie z nimi o Bogu i o sprawach wiary? A przecie\u017c to jest szczeg\u00f3lne zadanie chrzestnych. Nie zaniedbujmy go. Odkrywajmy na nowo prawdziwy sens bycia rodzicem chrzestnym!<\/p>\n<p>Prze\u017cywajmy dzisiejsze \u015bwi\u0119to jako dzie\u0144 wdzi\u0119czno\u015bci za sakrament chrztu \u015bwi\u0119tego, za wielk\u0105 godno\u015b\u0107 dzieci Bo\u017cych, kt\u00f3r\u0105 nas B\u00f3g obdarzy\u0142, za dar wiary. \u015aw. Augustyn pisa\u0142: \u201e<em>Nie ma \u017cadnych bogactw, \u017cadnych skarb\u00f3w, \u017cadnych zaszczyt\u00f3w i \u017cadnych d\u00f3br tego \u015bwiata, kt\u00f3re by zast\u0105pi\u0142y to dobro, jakim jest wiara katolicka<\/em>\u201e. Niech dzisiejsza niedziela Chrztu Pa\u0144skiego b\u0119dzie dla nas przypomnieniem tego co czyni\u0107, aby t\u0119 wiar\u0119 umocni\u0107, pog\u0142\u0119bi\u0107 i o\u017cywi\u0107. Zach\u0119t\u0105 dla nas niech b\u0119d\u0105 s\u0142owa \u015bw. Leona Wielkiego:\u00a0<em>\u201eUznaj sw\u0105 godno\u015b\u0107 chrze\u015bcijaninie! Skoro sta\u0142e\u015b si\u0119 uczestnikiem boskiej natury, nie powracaj przez (z\u0142e) obyczaje do dawnego upodlenia. Miej to przed oczyma swymi, i \u017ce\u015b wydarty mocom ciemno\u015bci, a przeniesiony do \u015bwiat\u0142a i kr\u00f3lestwa Bo\u017cego!\u201d\u00a0<\/em><\/p>\n","protected":false},"excerpt":{"rendered":"<p>Historia opowiada, jak wychowawczyni francuskiej ksi\u0119\u017cniczki Marii Ludwiki skarci\u0142a kiedy\u015b swoj\u0105 wychowank\u0119. Ksi\u0119\u017cniczka zapyta\u0142a niegrzecznie: \u201eCzy\u017c ja nie jestem c\u00f3rk\u0105 kr\u00f3la?\u201d Wychowawczyni szybko odpowiedzia\u0142a: \u201eA ja? Czy nie jestem c\u00f3rk\u0105 twojego i mojego Boga?\u201d Od momentu przyj\u0119cia sakramentu chrztu \u015bwi\u0119tego ka\u017cdy z nas jest synem lub c\u00f3rk\u0105 naszego Boga. Dzisiaj, kiedy wspominamy chrzest, kt\u00f3ry przyj\u0105\u0142 Jezus z r\u0105k Jana Chrzciciela, warto zatrzyma\u0107 si\u0119 nad tajemnic\u0105 i wielkim bogactwem tego pierwszego sakramentu zapowiadanego przez chrzest Janowy. Chrzest, pierwszy z siedmiu sakrament\u00f3w, jest uczestnictwem w Tajemnicy Paschalnej Chrystusa. G\u0142adzi w nas grzech pierworodny i w\u0142\u0105cza nas do wsp\u00f3lnoty zbawienia, jak\u0105 jest Ko\u015bci\u00f3\u0142. Przez chrzest B\u00f3g uznaje nas za swoje dzieci. Objawia nam siebie jako Ojca, i to zawsze dobrego Ojca, nawet w\u00f3wczas, gdy my jako dzieci oka\u017cemy si\u0119 tego niegodni. Od chrztu modlitwa ma charakter rozmowy rodzinnej. Pro\u015bby zanoszone do nieba nie maj\u0105 nic z oficjalnych poda\u0144 czekaj\u0105cych na \u0142askawe za\u0142atwienie, lecz&hellip;<\/p>\n<p> <a class=\"more-link\" href=\"http:\/\/www.franciszek-walcz.pl\/?p=22873\">Czytaj dalej<\/a><\/p>\n","protected":false},"author":1,"featured_media":0,"comment_status":"closed","ping_status":"closed","sticky":false,"template":"","format":"standard","meta":{"footnotes":""},"categories":[5],"tags":[],"class_list":{"0":"post-22873","1":"post","2":"type-post","3":"status-publish","4":"format-standard","6":"category-artykuly"},"brizy_media":[],"_links":{"self":[{"href":"http:\/\/www.franciszek-walcz.pl\/index.php?rest_route=\/wp\/v2\/posts\/22873","targetHints":{"allow":["GET"]}}],"collection":[{"href":"http:\/\/www.franciszek-walcz.pl\/index.php?rest_route=\/wp\/v2\/posts"}],"about":[{"href":"http:\/\/www.franciszek-walcz.pl\/index.php?rest_route=\/wp\/v2\/types\/post"}],"author":[{"embeddable":true,"href":"http:\/\/www.franciszek-walcz.pl\/index.php?rest_route=\/wp\/v2\/users\/1"}],"replies":[{"embeddable":true,"href":"http:\/\/www.franciszek-walcz.pl\/index.php?rest_route=%2Fwp%2Fv2%2Fcomments&post=22873"}],"version-history":[{"count":1,"href":"http:\/\/www.franciszek-walcz.pl\/index.php?rest_route=\/wp\/v2\/posts\/22873\/revisions"}],"predecessor-version":[{"id":22874,"href":"http:\/\/www.franciszek-walcz.pl\/index.php?rest_route=\/wp\/v2\/posts\/22873\/revisions\/22874"}],"wp:attachment":[{"href":"http:\/\/www.franciszek-walcz.pl\/index.php?rest_route=%2Fwp%2Fv2%2Fmedia&parent=22873"}],"wp:term":[{"taxonomy":"category","embeddable":true,"href":"http:\/\/www.franciszek-walcz.pl\/index.php?rest_route=%2Fwp%2Fv2%2Fcategories&post=22873"},{"taxonomy":"post_tag","embeddable":true,"href":"http:\/\/www.franciszek-walcz.pl\/index.php?rest_route=%2Fwp%2Fv2%2Ftags&post=22873"}],"curies":[{"name":"wp","href":"https:\/\/api.w.org\/{rel}","templated":true}]}}