{"id":22964,"date":"2023-01-21T13:12:04","date_gmt":"2023-01-21T12:12:04","guid":{"rendered":"http:\/\/www.franciszek-walcz.pl\/?p=22964"},"modified":"2023-01-21T13:13:19","modified_gmt":"2023-01-21T12:13:19","slug":"cokolwiek-uczyniliscie-2","status":"publish","type":"post","link":"http:\/\/www.franciszek-walcz.pl\/?p=22964","title":{"rendered":"Cokolwiek uczynili\u015bcie \u2026"},"content":{"rendered":"<p>Kiedy Chrystus przyszed\u0142 z Dobr\u0105 Nowin\u0105 na ziemi\u0119 ludzie rzeczywi\u015bcie widzieli w Nim kogo\u015b, kto by\u0142 dobry, po prostu dobry na co dzie\u0144 i nie po to, aby Go inni widzieli i chwalili. On widzia\u0142 cierpienie ludzi chorych, potrzeby ludzi ubogich i g\u0142odnych, On nie musia\u0142 by\u0107 proszony, b\u0142agany, nagabywany. Mia\u0142 oczy zawsze otwarte na potrzeby ludzi i uzdrawiaj\u0105c, lecz\u0105c, karmi\u0105c, czyni\u0105c dobro nie robi\u0142 nikomu \u0142aski, nie wynosi\u0142 si\u0119, nie poni\u017ca\u0142 nikogo i nie upokarza\u0142. Rzeczywi\u015bcie kiedy On przechodzi\u0142 przez ziemi\u0119,\u00a0mieszka\u0144com kraju mrok\u00f3w zab\u0142ys\u0142o \u015bwiat\u0142o\u00a0. Ewangelia, kt\u00f3r\u0105 On g\u0142osi\u0142 jest rzeczywi\u015bcie Dobr\u0105 Nowin\u0105 o zbawieniu, o wyzwoleniu cz\u0142owieka. Ewangelia przez Niego g\u0142oszona by\u0142a poparta czynem, Jego dobrym dzia\u0142aniem, Jego dobroci\u0105 i mi\u0142o\u015bci\u0105 do cz\u0142owieka, kt\u00f3ra wyra\u017ca\u0142a si\u0119 nie w s\u0142owach, ale w czynach. On wyzwala\u0142 cz\u0142owieka, przynosz\u0105c mu dobr\u0105 nowin\u0119, czyni\u0142 go wolnym przez najprostsze dobre czyny.<\/p>\n<p>A jak jest z nami? Czy my post\u0119pujemy drog\u0105 Mistrza? Czasami g\u0142osimy pi\u0119kne s\u0142owa o mi\u0142o\u015bci,\u00a0g\u0142osimy Dobr\u0105 Nowin\u0119 ubogim\u00a0i jeste\u015bmy przekonani, \u017ce na\u015bladujemy Chrystusa. Ale nasze post\u0119powanie nie idzie w parze z naszymi s\u0142owami. Jeste\u015bmy \u015blepi na potrzeby ludzi ubogich. Dajemy si\u0119 prosi\u0107 i b\u0142aga\u0107, ka\u017cemy innym czeka\u0107 na nasz\u0105 dobro\u0107 i \u0142askawo\u015b\u0107. Czasami udajemy, \u017ce nie widzimy. Czasami jeste\u015bmy rzeczywi\u015bcie \u015blepi i zapatrzeni tylko w siebie, widzimy tylko nasze w\u0142asne sprawy i interesy. Czasami lekcewa\u017cymy sobie innych i nie zwracamy uwagi na ich potrzeby, na ich bied\u0119, bo mamy tyle innych spraw na g\u0142owie, bo jeste\u015bmy tacy zapracowani, tacy zabiegani, tacy zaj\u0119ci. Je\u015bli ju\u017c jeste\u015bmy dobrzy, to cz\u0119sto po to, aby nas inni widzieli i chwalili. Je\u015bli ju\u017c jeste\u015bmy dobrzy, to robimy to ostentacyjnie i na pokaz. Jezus przeszed\u0142 przez ziemi\u0119 dobrze czyni\u0105c. A ponadto m\u00f3wi\u0142 wprost:\u00a0Cokolwiek uczynili\u015bcie jednemu z tych braci moich najmniejszych mnie to uczynili\u015bcie.\u00a0ale te\u017c :\u00a0Czegokolwiek nie uczynili\u015bcie jednemu z tych braci moich najmniejszych tego i mnie nie uczynili\u015bcie.\u00a0Czy ja id\u0119 przez ziemi\u0119 \u015bladami Chrystusa, czyni\u0105c dobrze? Bez proszenia, bez \u0142aski, bez wielkich s\u0142\u00f3w i nie na pokaz?\u00a0Czy nie lekcewa\u017c\u0119 sobie cz\u0142owieka stoj\u0105cego nieraz obok i czekaj\u0105cego na moj\u0105 pomoc, bo jestem taki zaj\u0119ty\u2026\u00a0SOB\u0104?<\/p>\n","protected":false},"excerpt":{"rendered":"<p>Kiedy Chrystus przyszed\u0142 z Dobr\u0105 Nowin\u0105 na ziemi\u0119 ludzie rzeczywi\u015bcie widzieli w Nim kogo\u015b, kto by\u0142 dobry, po prostu dobry na co dzie\u0144 i nie po to, aby Go inni widzieli i chwalili. On widzia\u0142 cierpienie ludzi chorych, potrzeby ludzi ubogich i g\u0142odnych, On nie musia\u0142 by\u0107 proszony, b\u0142agany, nagabywany. Mia\u0142 oczy zawsze otwarte na potrzeby ludzi i uzdrawiaj\u0105c, lecz\u0105c, karmi\u0105c, czyni\u0105c dobro nie robi\u0142 nikomu \u0142aski, nie wynosi\u0142 si\u0119, nie poni\u017ca\u0142 nikogo i nie upokarza\u0142. Rzeczywi\u015bcie kiedy On przechodzi\u0142 przez ziemi\u0119,\u00a0mieszka\u0144com kraju mrok\u00f3w zab\u0142ys\u0142o \u015bwiat\u0142o\u00a0. Ewangelia, kt\u00f3r\u0105 On g\u0142osi\u0142 jest rzeczywi\u015bcie Dobr\u0105 Nowin\u0105 o zbawieniu, o wyzwoleniu cz\u0142owieka. Ewangelia przez Niego g\u0142oszona by\u0142a poparta czynem, Jego dobrym dzia\u0142aniem, Jego dobroci\u0105 i mi\u0142o\u015bci\u0105 do cz\u0142owieka, kt\u00f3ra wyra\u017ca\u0142a si\u0119 nie w s\u0142owach, ale w czynach. On wyzwala\u0142 cz\u0142owieka, przynosz\u0105c mu dobr\u0105 nowin\u0119, czyni\u0142 go wolnym przez najprostsze dobre czyny. A jak jest z nami? Czy my post\u0119pujemy drog\u0105 Mistrza? Czasami g\u0142osimy&hellip;<\/p>\n<p> <a class=\"more-link\" href=\"http:\/\/www.franciszek-walcz.pl\/?p=22964\">Czytaj dalej<\/a><\/p>\n","protected":false},"author":1,"featured_media":0,"comment_status":"closed","ping_status":"closed","sticky":false,"template":"","format":"standard","meta":{"footnotes":""},"categories":[5],"tags":[],"class_list":{"0":"post-22964","1":"post","2":"type-post","3":"status-publish","4":"format-standard","6":"category-artykuly"},"brizy_media":[],"_links":{"self":[{"href":"http:\/\/www.franciszek-walcz.pl\/index.php?rest_route=\/wp\/v2\/posts\/22964","targetHints":{"allow":["GET"]}}],"collection":[{"href":"http:\/\/www.franciszek-walcz.pl\/index.php?rest_route=\/wp\/v2\/posts"}],"about":[{"href":"http:\/\/www.franciszek-walcz.pl\/index.php?rest_route=\/wp\/v2\/types\/post"}],"author":[{"embeddable":true,"href":"http:\/\/www.franciszek-walcz.pl\/index.php?rest_route=\/wp\/v2\/users\/1"}],"replies":[{"embeddable":true,"href":"http:\/\/www.franciszek-walcz.pl\/index.php?rest_route=%2Fwp%2Fv2%2Fcomments&post=22964"}],"version-history":[{"count":1,"href":"http:\/\/www.franciszek-walcz.pl\/index.php?rest_route=\/wp\/v2\/posts\/22964\/revisions"}],"predecessor-version":[{"id":22965,"href":"http:\/\/www.franciszek-walcz.pl\/index.php?rest_route=\/wp\/v2\/posts\/22964\/revisions\/22965"}],"wp:attachment":[{"href":"http:\/\/www.franciszek-walcz.pl\/index.php?rest_route=%2Fwp%2Fv2%2Fmedia&parent=22964"}],"wp:term":[{"taxonomy":"category","embeddable":true,"href":"http:\/\/www.franciszek-walcz.pl\/index.php?rest_route=%2Fwp%2Fv2%2Fcategories&post=22964"},{"taxonomy":"post_tag","embeddable":true,"href":"http:\/\/www.franciszek-walcz.pl\/index.php?rest_route=%2Fwp%2Fv2%2Ftags&post=22964"}],"curies":[{"name":"wp","href":"https:\/\/api.w.org\/{rel}","templated":true}]}}