{"id":23040,"date":"2023-01-28T16:05:28","date_gmt":"2023-01-28T15:05:28","guid":{"rendered":"http:\/\/www.franciszek-walcz.pl\/?p=23040"},"modified":"2023-01-28T16:06:16","modified_gmt":"2023-01-28T15:06:16","slug":"wierze-w-kosciol-chrystusowy","status":"publish","type":"post","link":"http:\/\/www.franciszek-walcz.pl\/?p=23040","title":{"rendered":"Wierz\u0119 w Ko\u015bci\u00f3\u0142 Chrystusowy"},"content":{"rendered":"<p><strong>Wierz\u0119 w Ko\u015bci\u00f3\u0142 Chrystusowy<\/strong><\/p>\n<p><em>Konsekrowani \u015bwiadkami wiary w Ko\u015bciele i w \u015bwiecie<\/em><\/p>\n<p><strong>List Przewodnicz\u0105cego Komisji ds. Instytut\u00f3w \u017bycia Konsekrowanego <\/strong><\/p>\n<p><strong>i\u00a0Stowarzysze\u0144 \u017bycia Apostolskiego na Dzie\u0144 \u017bycia Konsekrowanego 02.02.2023 r.<\/strong><\/p>\n<p>Bracia i Siostry w Chrystusie Panu! \u015awi\u0119to Ofiarowania Pa\u0144skiego, potocznie zwane \u015bwi\u0119tem <em>Matki Bo\u017cej Gromnicznej,<\/em> z ustanowienia \u015bw. Jana Paw\u0142a II jest \u015awiatowym Dniem \u017bycia Konsekrowanego. W tym dniu dzi\u0119kujemy szczeg\u00f3lnie za dar wszystkich, kt\u00f3rzy realizuj\u0105 swoje powo\u0142anie poprzez oddanie si\u0119 Chrystusowi na Jego wy\u0142\u0105czn\u0105 w\u0142asno\u015b\u0107. \u017bycie wed\u0142ug \u015blubowanych rad ewangelicznych: czysto\u015bci, ub\u00f3stwa i pos\u0142usze\u0144stwa stanowi najbardziej radykalny wyraz na\u015bladowania Jezusa Chrystusa. Wszystko to dokonuje si\u0119 moc\u0105 wiary prze\u017cywanej w Ko\u015bciele, kt\u00f3ry jest Rodzin\u0105 dzieci Bo\u017cych; jest naszym domem i nasz\u0105 Matk\u0105.<\/p>\n<p><strong>Wyznawa\u0107 wiar\u0119 w Ko\u015bci\u00f3\u0142 \u2013 tworzy\u0107 wsp\u00f3lnot\u0119<\/strong><\/p>\n<p>Dzisiejsza liturgia s\u0142owa prowadzi nas do \u015awi\u0105tyni \u2013 DOMU BOGA. Maryja wraz z J\u00f3zefem przynosz\u0105 Jezusa do Jerozolimy, <em>aby przedstawi\u0107 Go Panu<\/em>(\u0141k 2,22). Uczynili to zgodnie<br \/>\nz Prawem Pa\u0144skim, wed\u0142ug kt\u00f3rego<em>ka\u017cde pierworodne dziecko p\u0142ci m\u0119skiej b\u0119dzie po\u015bwi\u0119cone Panu<\/em>(\u0141k 2,23). Rozwa\u017canie tego ewangelicznego wydarzenia z \u017cycia \u015awi\u0119tej Rodziny przypomina nam, \u017ce wiara, kt\u00f3r\u0105 prze\u017cywamy w codzienno\u015bci, aktualizuje si\u0119<br \/>\nw \u015awi\u0105tyni. Jest ona miejscem do\u015bwiadczenia wsp\u00f3lnoty ducha i przestrzeni\u0105 budowania wzajemnych wi\u0119zi z Bogiem i mi\u0119dzy sob\u0105. W \u015awi\u0105tyni jest obecna prorokini Anna s\u0142u\u017c\u0105ca Bogu wiernie w postach i na modlitwie (por. \u0141k 2,37)oraz starzec Symeon wyczekuj\u0105cy pociechy Izraela, kt\u00f3ry przyszed\u0142tam za natchnieniem Ducha (por.\u0141k 2,25.26). Wczytuj\u0105c si\u0119 uwa\u017cnie w wersety tej ewangelicznej perykopy nie spos\u00f3b nie zauwa\u017cy\u0107, \u017ce wszyscy oni tworz\u0105 wsp\u00f3lnot\u0119 os\u00f3b, kt\u00f3rych\u017cycie opiera si\u0119 na <strong>s\u0142owie Bo\u017cym<\/strong>;wsp\u00f3lnot\u0119 wiary prze\u017cywanej w postawie <strong>wierno\u015bci<\/strong>i<strong>otwart\u0105<\/strong> na natchnienia Ducha \u015awi\u0119tego.<\/p>\n<p>Te trzy elementy wsp\u00f3lnoty wiary: <strong>s\u0142owo, wierno\u015b\u0107 i otwarto\u015b\u0107 na Ducha<\/strong><strong>\u015awi\u0119tego <\/strong>stanowi\u0105 istotny element \u017cycia ka\u017cdej osoby konsekrowanej. Wyznawa\u0107 wiar\u0119 w Ko\u015bci\u00f3\u0142 Chrystusowy, to przede wszystkim rozwa\u017ca\u0107 s\u0142owo Bo\u017ce, wiernie trwa\u0107 na modlitwie i by\u0107 otwartym na to, co Duch \u015awi\u0119ty chce nam powiedzie\u0107 \u2013 szczeg\u00f3lnie poprzez nauczanie Ko\u015bcio\u0142a.<\/p>\n<p>Maj\u0105c to wszystko na uwadze, dokument <em>Rozpocz\u0105\u0107 na nowo od Chrystusa<\/em> przypomina nam, \u017ce<em>\u017cycie konsekrowane, w swym ci\u0105g\u0142ym nast\u0119powaniu po sobie i utrwalaniu si\u0119 coraz to nowych form, jest ju\u017c samo w sobie wymownym wyrazem obecno\u015bci Pana, prawie czym\u015b<br \/>\nw rodzaju Ewangelii otwieraj\u0105cej si\u0119 w ci\u0105gu wiek\u00f3w. Staje si\u0119 ono rzeczywi\u015bcie jakby historyczn\u0105 kontynuacj\u0105 szczeg\u00f3lnej obecno\u015bci zmartwychwsta\u0142ego Pana<\/em>(RdCH2).<\/p>\n<p>W obecnej sytuacji, gdy warto\u015b\u0107 \u017cycia wsp\u00f3lnotowego w wymiarze rodzinnym, spo\u0142ecznym i mi\u0119dzynarodowym do\u015bwiadcza wielu podzia\u0142\u00f3w i dramat\u00f3w, osoby konsekrowane staj\u0105 si\u0119 promotorami <em>duchowo\u015bci komunii<\/em>, kt\u00f3rej \u017ar\u00f3d\u0142em jest wiara w Jezusa Chrystusa<br \/>\n(por. VC 51). Ta wiara rodzi nadziej\u0119, kt\u00f3ra nie pozwala zatrzyma\u0107 si\u0119 w postawie bierno\u015bci czy zniech\u0119cenia, lecz podnosi wzrok ku g\u00f3rze, sk\u0105d nadchodzi pomoc &#8211; <em>Pomoc od Pana, kt\u00f3ry stworzy\u0142 niebo i ziemi\u0119<\/em> (Ps 121).<\/p>\n<p><strong>\u017by\u0107 wiar\u0105 na co dzie\u0144 \u2013 Chrystusowy styl \u017cycia<\/strong><\/p>\n<p>Rodzice Jezusa,<em>gdy wype\u0142nili wszystko wed\u0142ug Prawa Pa\u0144skiego, wr\u00f3cili do Galilei, do swego miasta \u2013 Nazaretu. Dzieci\u0119 za\u015b ros\u0142o i nabiera\u0142o mocy, nape\u0142niaj\u0105c si\u0119 m\u0105dro\u015bci\u0105, a \u0142aska Bo\u017ca spoczywa\u0142a na Nim<\/em> (\u0141k 2, 32). Wype\u0142nienie Prawa zawartego w s\u0142owie Bo\u017cym stanowi podstaw\u0119 tak\u017ce i naszej wiary. Nie wystarczy m\u00f3wi\u0107:<em>Panie, Panie<\/em>, lecz potrzeba s\u0142owo zamienia\u0107 w czyn &#8211; <em>Wiara bez uczynk\u00f3w jest martwa <\/em>(por. Jk 2,14-26)<em>. <\/em>Mamy \u015bwiadomo\u015b\u0107,<br \/>\n\u017ce w dzisiejszej rzeczywisto\u015bci coraz wi\u0119cej os\u00f3b przyjmuje jedynie deklaratywny spos\u00f3b prze\u017cywania swojej wiary. St\u0105d te\u017c niezwykle wa\u017cne jest \u015bwiadectwo wiary realizowanej<br \/>\nw codzienno\u015bci, kt\u00f3re \u015bci\u015ble wi\u0105\u017ce si\u0119 z s\u0142uchaniem i wype\u0142nianiem s\u0142owa Bo\u017cego.<\/p>\n<p>Osoby konsekrowane towarzysz\u0105 nam poprzez swoj\u0105 obecno\u015b\u0107. Obecno\u015b\u0107 mi\u0142osiern\u0105, pe\u0142n\u0105 zatroskania, ale tak\u017ce przez obecno\u015b\u0107 milcz\u0105c\u0105 przepe\u0142nion\u0105 modlitw\u0105 w intencjach Ko\u015bcio\u0142a i \u015bwiata. W minionym roku byli\u015bmy \u015bwiadkami beatyfikacji 10 si\u00f3str m\u0119czenniczek el\u017cbieta\u0144skich &#8211; s. M. Jahn Paschalis i dziewi\u0119ciu Jej Towarzyszek. Ich \u015bwiadectwo wiary staje si\u0119 dla wsp\u00f3\u0142czesnej <em>kultury powierzchowno\u015bci<\/em> zaproszeniem, by nie zatrzymywa\u0107 si\u0119 na tym, co zewn\u0119trzne i przemijaj\u0105ce. Trwaj\u0105c wiernie przy powierzonych ich opiece osobach oraz broni\u0105c swojej i ich godno\u015bci, przyj\u0119\u0142ykrzy\u017c cierpienia i wzgardy, staj\u0105c si\u0119 dla nas wzorem odkrywania prawdziwej Mi\u0142o\u015bci. Oddaj\u0105c \u017cycie Chrystusowi i za Chrystusa s\u0105 dzi\u015b dla nas wzorem mi\u0142o\u015bci wiernej do ko\u0144ca. I cho\u0107<em> \u2013 <\/em>jak pisze autor biblijnej ksi\u0119gi M\u0105dro\u015bci<em> &#8211; zda\u0142o si\u0119 oczom g\u0142upich, \u017ce pomarli, zej\u015bcie ich poczytano za nieszcz\u0119\u015bciei odej\u015bcie od nas za unicestwienie, oni trwaj\u0105 w pokoju. Cho\u0107 nawet w ludzkim rozumieniu doznali <\/em><em>ka\u017ani<\/em><em>, nadzieja ich pe\u0142na jest nie\u015bmiertelno\u015bci<\/em>(Mdr 3,2-4).<\/p>\n<p>Chrystusowy styl \u017cycia oparty na nieustannym poszukiwaniu i odkrywaniu woli Bo\u017cej sprawia, \u017ce osoby konsekrowane otwieraj\u0105 si\u0119 nieustannie na dzia\u0142anie Ducha \u015awi\u0119tego. St\u0105d te\u017c jeste\u015bmy \u015bwiadkami nowych dzie\u0142 apostolskich, kt\u00f3re s\u0105 odpowiedzi\u0105 na wsp\u00f3\u0142czesne znaki czasu: bied\u0119 materialn\u0105 i duchow\u0105, hedonistyczn\u0105 kultur\u0119 cia\u0142a, wykpiwanie pobo\u017cno\u015bci i religijno\u015bci, fa\u0142szywe zasady moralne oraz powszechne podwa\u017canie autorytet\u00f3w.<\/p>\n<p>Odpowiedzi\u0105 os\u00f3b konsekrowanych na tak\u0105 rzeczywisto\u015b\u0107 jest przede wszystkim postawa wierno\u015bci wobec Boga i cz\u0142owieka. Konsekrowani podejmuj\u0105 swoj\u0105 pos\u0142ug\u0119 w imieniu Ko\u015bcio\u0142a po\u015br\u00f3d ludzi ubogich, chorych i cierpi\u0105cych, zar\u00f3wno fizycznie, jak i duchowo. Towarzysz\u0105 \u015bwiadectwem \u017cycia w kszta\u0142towaniu postaw \u017cyciowych naszych dzieci<br \/>\ni m\u0142odzie\u017cy. S\u0105 obecni w \u017cyciu wielu ma\u0142\u017ce\u0144stw i rodzin. Ponadto wszechstronna dzia\u0142alno\u015b\u0107 misyjna sprawia, \u017ce wezwanie Chrystusa do nieustannej ewangelizacji jest obecne<br \/>\nw \u015bwiadomo\u015bci ka\u017cdej wsp\u00f3lnoty zakonnej.<\/p>\n<p><strong>Dzieli\u0107 si\u0119 wiar\u0105 z innymi &#8211; \u015bwiadkowie mi\u0142o\u015bci<\/strong><\/p>\n<p>W dzisiejszym pierwszym czytaniu z Ksi\u0119gi proroka Malachiasza czytamy: <em>Oto Ja wy\u015bl\u0119 anio\u0142a mego, aby przygotowa\u0142 drog\u0119 przede mn\u0105, a potem nagle przyb\u0119dzie do swej \u015bwi\u0105tyni Pan, kt\u00f3rego Wy oczekujecie, i Anio\u0142 Przymierza, kt\u00f3rego pragniecie<\/em> (Ml 3, 1). W tych s\u0142owach B\u00f3g zapowiada swoje ostateczne przyj\u015bcie i czasy, kt\u00f3re bezpo\u015brednio poprzedz\u0105 Jego przybycie. Czasy te -jak s\u0142yszymy- b\u0119d\u0105 poprzedzone dzia\u0142alno\u015bci\u0105 anio\u0142a, kt\u00f3ry ma przygotowa\u0107 drog\u0119 dla Pana. Wiemy, \u017ce czasy ostateczne trwaj\u0105 od dokonania przez Chrystusa dzie\u0142a Odkupienia. \u017byjemy zatem w czasach ostatecznych. Czekamy jako Ko\u015bci\u00f3\u0142 &#8211; wsp\u00f3lnota wiaryna powt\u00f3rne Jego przyj\u015bcie. To przyj\u015bcie b\u0119dzie ostateczne i definitywne. W tym czasie B\u00f3g nie zostawia swego ludu. Nadal na r\u00f3\u017cne sposoby przemawia do nas,<br \/>\nby nas przygotowa\u0107 na spotkanie z Nim samym. W tym kontek\u015bcie spogl\u0105damy na \u017cycie konsekrowane. Jest ono bowiem zapowiedzi\u0105 tego, co nast\u0105pi w wieczno\u015bci. Siostry i bracia trwaj\u0105cy w \u017cyciu konsekrowanym, wpatrzeni w Pana, przypominaj\u0105 nam, \u017ce <em>nie mamy tutaj trwa\u0142ego miasta<\/em> (Hbr 13,14), <em>nasza bowiem ojczyzna jest w niebie<\/em> (Flp 3, 20). Historia nasza zmierza ku <em>nowemu niebu i nowej ziemi<\/em> (Ap 21, 1), gdzie B\u00f3g otrze z naszych oczu wszelk\u0105 \u0142z\u0119, a \u015bmierci odt\u0105d ju\u017c nie b\u0119dzie (por. Ap 21, 4).<\/p>\n<p>Osoby konsekrowane dziel\u0105c si\u0119 bezinteresownie mi\u0142o\u015bci\u0105 przypominaj\u0105nam, \u017ce nasze \u017cycie jest pielgrzymk\u0105. I w tej pielgrzymce wa\u017cne jest tylko to, ile pozostawimy dobra<br \/>\nw sercu drugiego cz\u0142owieka.<em>Pod koniec \u017cycia \u2013 <\/em>jak pisa\u0142 \u015bw. Jan od Krzy\u017ca \u2013 <em>b\u0119dziemy s\u0105dzeni z mi\u0142o\u015bci. <\/em>Na drug\u0105 stron\u0119 \u017cycia zabierzemy ze sob\u0105 tylko mi\u0142o\u015b\u0107. Wa\u017cne by\u015bmy t\u0119 mi\u0142o\u015b\u0107 tu na ziemi poznawali, zachowywali i wype\u0142niali ka\u017cd\u0105 chwil\u0105 swego istnienia.<\/p>\n<p><strong>Zako\u0144czenie<\/strong><\/p>\n<p>Drodzy Bracia i Siostry, osoby konsekrowane zas\u0142uguj\u0105 na wdzi\u0119czno\u015b\u0107 ze strony ca\u0142ej wsp\u00f3lnoty ko\u015bcielnej. Oddani \u017cyciu kontemplacyjnemu, siostry zakonne i zakonnicy zaanga\u017cowani w dzie\u0142a apostolskie, cz\u0142onkowie instytut\u00f3w \u015bwieckich i stowarzysze\u0144 \u017cycia apostolskiego, pustelnicy, dziewice i wdowy konsekrowane &#8211; \u015bwiadcz\u0105 o mi\u0142o\u015bci do Chrystusa, id\u0105c drog\u0105 proponowan\u0105 przez Ewangeli\u0119. Dzi\u0119kujemy dzi\u015b za dar ich \u017cycia, powo\u0142ania, a nade wszystko dar wiary w Ko\u015bci\u00f3\u0142 Chrystusowy. Pro\u015bmy te\u017c o nowe i wierne powo\u0142ania do wszystkich form \u017cycia konsekrowanego.<\/p>\n<p><em>+ Jacek Kici\u0144ski CMF<\/em><\/p>\n<p>Przewodnicz\u0105cy Komisji\u00a0 ds. Instytut\u00f3w \u017bycia Konsekrowanego\u00a0i Stowarzysze\u0144 \u017bycia Apostolskiego KEP<\/p>\n","protected":false},"excerpt":{"rendered":"<p>Wierz\u0119 w Ko\u015bci\u00f3\u0142 Chrystusowy Konsekrowani \u015bwiadkami wiary w Ko\u015bciele i w \u015bwiecie List Przewodnicz\u0105cego Komisji ds. Instytut\u00f3w \u017bycia Konsekrowanego i\u00a0Stowarzysze\u0144 \u017bycia Apostolskiego na Dzie\u0144 \u017bycia Konsekrowanego 02.02.2023 r. Bracia i Siostry w Chrystusie Panu! \u015awi\u0119to Ofiarowania Pa\u0144skiego, potocznie zwane \u015bwi\u0119tem Matki Bo\u017cej Gromnicznej, z ustanowienia \u015bw. Jana Paw\u0142a II jest \u015awiatowym Dniem \u017bycia Konsekrowanego. W tym dniu dzi\u0119kujemy szczeg\u00f3lnie za dar wszystkich, kt\u00f3rzy realizuj\u0105 swoje powo\u0142anie poprzez oddanie si\u0119 Chrystusowi na Jego wy\u0142\u0105czn\u0105 w\u0142asno\u015b\u0107. \u017bycie wed\u0142ug \u015blubowanych rad ewangelicznych: czysto\u015bci, ub\u00f3stwa i pos\u0142usze\u0144stwa stanowi najbardziej radykalny wyraz na\u015bladowania Jezusa Chrystusa. Wszystko to dokonuje si\u0119 moc\u0105 wiary prze\u017cywanej w Ko\u015bciele, kt\u00f3ry jest Rodzin\u0105 dzieci Bo\u017cych; jest naszym domem i nasz\u0105 Matk\u0105. Wyznawa\u0107 wiar\u0119 w Ko\u015bci\u00f3\u0142 \u2013 tworzy\u0107 wsp\u00f3lnot\u0119 Dzisiejsza liturgia s\u0142owa prowadzi nas do \u015awi\u0105tyni \u2013 DOMU BOGA. Maryja wraz z J\u00f3zefem przynosz\u0105 Jezusa do Jerozolimy, aby przedstawi\u0107 Go Panu(\u0141k 2,22). Uczynili to zgodnie z Prawem Pa\u0144skim, wed\u0142ug kt\u00f3regoka\u017cde pierworodne dziecko&hellip;<\/p>\n<p> <a class=\"more-link\" href=\"http:\/\/www.franciszek-walcz.pl\/?p=23040\">Czytaj dalej<\/a><\/p>\n","protected":false},"author":1,"featured_media":0,"comment_status":"closed","ping_status":"closed","sticky":false,"template":"","format":"standard","meta":{"footnotes":""},"categories":[5],"tags":[],"class_list":{"0":"post-23040","1":"post","2":"type-post","3":"status-publish","4":"format-standard","6":"category-artykuly"},"brizy_media":[],"_links":{"self":[{"href":"http:\/\/www.franciszek-walcz.pl\/index.php?rest_route=\/wp\/v2\/posts\/23040","targetHints":{"allow":["GET"]}}],"collection":[{"href":"http:\/\/www.franciszek-walcz.pl\/index.php?rest_route=\/wp\/v2\/posts"}],"about":[{"href":"http:\/\/www.franciszek-walcz.pl\/index.php?rest_route=\/wp\/v2\/types\/post"}],"author":[{"embeddable":true,"href":"http:\/\/www.franciszek-walcz.pl\/index.php?rest_route=\/wp\/v2\/users\/1"}],"replies":[{"embeddable":true,"href":"http:\/\/www.franciszek-walcz.pl\/index.php?rest_route=%2Fwp%2Fv2%2Fcomments&post=23040"}],"version-history":[{"count":1,"href":"http:\/\/www.franciszek-walcz.pl\/index.php?rest_route=\/wp\/v2\/posts\/23040\/revisions"}],"predecessor-version":[{"id":23041,"href":"http:\/\/www.franciszek-walcz.pl\/index.php?rest_route=\/wp\/v2\/posts\/23040\/revisions\/23041"}],"wp:attachment":[{"href":"http:\/\/www.franciszek-walcz.pl\/index.php?rest_route=%2Fwp%2Fv2%2Fmedia&parent=23040"}],"wp:term":[{"taxonomy":"category","embeddable":true,"href":"http:\/\/www.franciszek-walcz.pl\/index.php?rest_route=%2Fwp%2Fv2%2Fcategories&post=23040"},{"taxonomy":"post_tag","embeddable":true,"href":"http:\/\/www.franciszek-walcz.pl\/index.php?rest_route=%2Fwp%2Fv2%2Ftags&post=23040"}],"curies":[{"name":"wp","href":"https:\/\/api.w.org\/{rel}","templated":true}]}}