{"id":23122,"date":"2023-02-04T11:07:51","date_gmt":"2023-02-04T10:07:51","guid":{"rendered":"http:\/\/www.franciszek-walcz.pl\/?p=23122"},"modified":"2023-02-04T11:07:51","modified_gmt":"2023-02-04T10:07:51","slug":"sol-ziemi","status":"publish","type":"post","link":"http:\/\/www.franciszek-walcz.pl\/?p=23122","title":{"rendered":"S\u00d3L ZIEMI"},"content":{"rendered":"<p align=\"left\"><span style=\"color: #009900;\"><span style=\"font-family: Merriweather;\"><span style=\"font-size: xx-large;\"><b>V Niedziela okresu zwyk\u0142ego <\/b><\/span><\/span><\/span><\/p>\n<p align=\"left\"><span style=\"color: #000000;\"><span style=\"font-family: Merriweather;\"><span style=\"font-size: large;\"><b>Tekst Ewangelii (<\/b><\/span><\/span><\/span><span style=\"color: #000000;\"><span style=\"font-family: Merriweather;\"><span style=\"font-size: large;\"><i><b>Mt<\/b><\/i><\/span><\/span><\/span><span style=\"color: #000000;\"><span style=\"font-family: Merriweather;\"><span style=\"font-size: large;\"><b>\u00a05,13-16):<\/b><\/span><\/span><\/span><span style=\"color: #000000;\"><span style=\"font-family: Merriweather;\"><span style=\"font-size: large;\">\u00a0Wy jeste\u015bcie sol\u0105 dla ziemi. Lecz je\u015bli s\u00f3l utraci sw\u00f3j smak, czym\u017ce j\u0105 posoli\u0107? Na nic si\u0119 ju\u017c nie przyda, chyba na wyrzucenie i podeptanie przez ludzi. Wy jeste\u015bcie \u015bwiat\u0142em \u015bwiata. Nie mo\u017ce si\u0119 ukry\u0107 miasto po\u0142o\u017cone na g\u00f3rze. Nie zapala si\u0119 te\u017c \u015bwiat\u0142a i nie stawia pod korcem, ale na \u015bwieczniku, aby \u015bwieci\u0142o wszystkim, kt\u00f3rzy s\u0105 w domu. Tak niech \u015bwieci wasze \u015bwiat\u0142o przed lud\u017ami, aby widzieli wasze dobre uczynki i chwalili Ojca waszego, kt\u00f3ry jest w niebie.<\/span><\/span><\/span><\/p>\n<p align=\"left\"><span style=\"color: #9b2302;\"><span style=\"font-family: Merriweather;\"><span style=\"font-size: large;\"><i><b>\u00abWy jeste\u015bcie \u015bwiat\u0142em \u015bwiata\u00bb<\/b><\/i><\/span><\/span><\/span><\/p>\n<p align=\"left\"><a name=\"_GoBack\"><\/a> <span style=\"color: #000000;\"><span style=\"font-family: Fira Sans;\"><span style=\"font-size: large;\">Dzisiaj, Ewangelia ma dla nas wznios\u0142e wezwanie, aby\u015bmy byli \u015bwiadkami Chrystusa. Zaprasza nas, \u017ceby\u015bmy czynili to na dwa, pozornie sprzeczne ze sob\u0105 sposoby: jako s\u00f3l i jako \u015bwiat\u0142o.<\/p>\n<p>S\u00f3l jest niewidoczna, ale wyczuwalna w smaku. Jest wiele os\u00f3b, kt\u00f3re nie zwracaj\u0105 na siebie uwagi. S\u0105 jak \u201emr\u00f3weczki\u201d, kt\u00f3re nie przestaj\u0105 pracowa\u0107 i czyni\u0107 dobrze. W ich obecno\u015bci odczuwamy pok\u00f3j, spok\u00f3j ducha i rado\u015b\u0107. Maj\u0105, jak to si\u0119 m\u00f3wi: \u201epozytywne wibracje\u201d.<\/p>\n<p>\u015awiat\u0142a nie da si\u0119 ukry\u0107. S\u0105 ludzie, kt\u00f3rych \u201ewida\u0107 z daleka\u201d. Papie\u017c , biskup czy wiejski proboszcz zajmuj\u0105 stanowiska z uwagi na okre\u015blon\u0105 pos\u0142ug\u0119. Znajduj\u0105 si\u0119 \u201ena \u015bwieczniku\u201d. Jak m\u00f3wi dzisiejsza Ewangelia, \u00abna g\u00f3rze \u00bb lub \u00abna \u015bwieczniku\u00bb .<\/p>\n<p>Wszyscy jeste\u015bmy wezwani do bycia sol\u0105 i \u015bwiat\u0142em. Sam Pan Jezus by\u0142 \u201esol\u0105\u201d przez trzydzie\u015bci lat swojego ukrytego \u017cycia w Nazarecie. Podobno \u015bwi\u0119ty m\u0142odzian, Alojzy Ludwik Gonzaga, zapytany podczas zabawy, co by zrobi\u0142, gdyby wiedzia\u0142, \u017ce niebawem umrze, odpowiedzia\u0142: \u00abBawi\u0142bym si\u0119 dalej\u00bb. Nadal \u017cy\u0142by normalnie, jak co dzie\u0144, umilaj\u0105c czas towarzyszom zabawy.<\/p>\n<p>Czasem jeste\u015bmy wezwani do bycia \u015bwiat\u0142em. Stajemy si\u0119 nim, kiedy w chwilach trudnych wyznajemy nasz\u0105 wiar\u0119. M\u0119czennicy byli wielkimi \u201e\u015bwietlikami\u201d. Dzisiaj, ju\u017c sam fakt chodzenia na Msz\u0119 \u015bw. jest powodem do drwin. Ju\u017c samo ucz\u0119szczanie do ko\u015bcio\u0142a to bycie \u201e\u015bwiat\u0142em\u201d. A \u015bwiat\u0142o, cho\u0107by najmniejsze, jest zawsze widoczne. Ma\u0142e \u015bwiate\u0142ko jest w stanie roz\u015bwietli\u0107 ciemn\u0105 noc.<\/p>\n<p>Pro\u015bmy za siebie nawzajem Pana, aby\u015bmy zawsze potrafili by\u0107 sol\u0105, a tak\u017ce \u015bwiat\u0142em, je\u015bli zajdzie taka potrzeba. Niech nasze post\u0119powanie na co dzie\u0144 b\u0119dzie takie, aby ludzie widzieli nasze dobre uczynki i chwalili Ojca naszego, kt\u00f3ry jest w niebie (por. Mt 5,16).<\/span><\/span><\/span><\/p>\n","protected":false},"excerpt":{"rendered":"<p>V Niedziela okresu zwyk\u0142ego Tekst Ewangelii (Mt\u00a05,13-16):\u00a0Wy jeste\u015bcie sol\u0105 dla ziemi. Lecz je\u015bli s\u00f3l utraci sw\u00f3j smak, czym\u017ce j\u0105 posoli\u0107? Na nic si\u0119 ju\u017c nie przyda, chyba na wyrzucenie i podeptanie przez ludzi. Wy jeste\u015bcie \u015bwiat\u0142em \u015bwiata. Nie mo\u017ce si\u0119 ukry\u0107 miasto po\u0142o\u017cone na g\u00f3rze. Nie zapala si\u0119 te\u017c \u015bwiat\u0142a i nie stawia pod korcem, ale na \u015bwieczniku, aby \u015bwieci\u0142o wszystkim, kt\u00f3rzy s\u0105 w domu. Tak niech \u015bwieci wasze \u015bwiat\u0142o przed lud\u017ami, aby widzieli wasze dobre uczynki i chwalili Ojca waszego, kt\u00f3ry jest w niebie. \u00abWy jeste\u015bcie \u015bwiat\u0142em \u015bwiata\u00bb Dzisiaj, Ewangelia ma dla nas wznios\u0142e wezwanie, aby\u015bmy byli \u015bwiadkami Chrystusa. Zaprasza nas, \u017ceby\u015bmy czynili to na dwa, pozornie sprzeczne ze sob\u0105 sposoby: jako s\u00f3l i jako \u015bwiat\u0142o. S\u00f3l jest niewidoczna, ale wyczuwalna w smaku. Jest wiele os\u00f3b, kt\u00f3re nie zwracaj\u0105 na siebie uwagi. S\u0105 jak \u201emr\u00f3weczki\u201d, kt\u00f3re nie przestaj\u0105 pracowa\u0107 i czyni\u0107 dobrze. W ich obecno\u015bci odczuwamy pok\u00f3j, spok\u00f3j ducha&hellip;<\/p>\n<p> <a class=\"more-link\" href=\"http:\/\/www.franciszek-walcz.pl\/?p=23122\">Czytaj dalej<\/a><\/p>\n","protected":false},"author":1,"featured_media":0,"comment_status":"closed","ping_status":"closed","sticky":false,"template":"","format":"standard","meta":{"footnotes":""},"categories":[5],"tags":[],"class_list":{"0":"post-23122","1":"post","2":"type-post","3":"status-publish","4":"format-standard","6":"category-artykuly"},"brizy_media":[],"_links":{"self":[{"href":"http:\/\/www.franciszek-walcz.pl\/index.php?rest_route=\/wp\/v2\/posts\/23122","targetHints":{"allow":["GET"]}}],"collection":[{"href":"http:\/\/www.franciszek-walcz.pl\/index.php?rest_route=\/wp\/v2\/posts"}],"about":[{"href":"http:\/\/www.franciszek-walcz.pl\/index.php?rest_route=\/wp\/v2\/types\/post"}],"author":[{"embeddable":true,"href":"http:\/\/www.franciszek-walcz.pl\/index.php?rest_route=\/wp\/v2\/users\/1"}],"replies":[{"embeddable":true,"href":"http:\/\/www.franciszek-walcz.pl\/index.php?rest_route=%2Fwp%2Fv2%2Fcomments&post=23122"}],"version-history":[{"count":1,"href":"http:\/\/www.franciszek-walcz.pl\/index.php?rest_route=\/wp\/v2\/posts\/23122\/revisions"}],"predecessor-version":[{"id":23123,"href":"http:\/\/www.franciszek-walcz.pl\/index.php?rest_route=\/wp\/v2\/posts\/23122\/revisions\/23123"}],"wp:attachment":[{"href":"http:\/\/www.franciszek-walcz.pl\/index.php?rest_route=%2Fwp%2Fv2%2Fmedia&parent=23122"}],"wp:term":[{"taxonomy":"category","embeddable":true,"href":"http:\/\/www.franciszek-walcz.pl\/index.php?rest_route=%2Fwp%2Fv2%2Fcategories&post=23122"},{"taxonomy":"post_tag","embeddable":true,"href":"http:\/\/www.franciszek-walcz.pl\/index.php?rest_route=%2Fwp%2Fv2%2Ftags&post=23122"}],"curies":[{"name":"wp","href":"https:\/\/api.w.org\/{rel}","templated":true}]}}