{"id":23214,"date":"2023-02-11T13:47:44","date_gmt":"2023-02-11T12:47:44","guid":{"rendered":"http:\/\/www.franciszek-walcz.pl\/?p=23214"},"modified":"2023-02-11T13:48:38","modified_gmt":"2023-02-11T12:48:38","slug":"ku-trzezwosci-z-kosciolem","status":"publish","type":"post","link":"http:\/\/www.franciszek-walcz.pl\/?p=23214","title":{"rendered":"Ku trze\u017awo\u015bci z Ko\u015bcio\u0142em"},"content":{"rendered":"<p>W niedziel\u0119 19 lutego br. rozpocznie si\u0119 56. Tydzie\u0144 Modlitw o Trze\u017awo\u015b\u0107 Narodu pod has\u0142em \u201eKu trze\u017awo\u015bci z Ko\u015bcio\u0142em\u201d. Trwa\u0107 b\u0119dzie do soboty 25 lutego jako duchowe przygotowanie do owocnego prze\u017cycia Wielkiego Postu.<\/p>\n<p>Bp Tadeusz Bronakowski, Przewodnicz\u0105cy Zespo\u0142u KEP ds. Apostolstwa Trze\u017awo\u015bci i Os\u00f3b Uzale\u017cnionych, przypomina, \u017ce \u201eta pi\u0119kna i jak\u017ce potrzebna inicjatywa zrodzi\u0142a si\u0119 w ubieg\u0142ym wieku z inicjatywy polskich biskup\u00f3w zatroskanych o stan moralny naszego narodu, pod przewodnictwem b\u0142. Kard. Stefana Wyszy\u0144skiego\u201d.<\/p>\n<p>Ten wielki aposto\u0142 trze\u017awo\u015bci by\u0142 przekonany, \u017ce \u201eje\u015bli w naszym narodzie ma nadal istnie\u0107 wiara, istnie\u0107 Ko\u015bci\u00f3\u0142, je\u015bli ma istnie\u0107 sam nar\u00f3d, to musi zosta\u0107 pokonana plaga pija\u0144stwa. Z ca\u0142ych si\u0142 o to zabiega\u0142, sam daj\u0105c przyk\u0142ad \u015bwi\u0119tego, trze\u017awego \u017cycia, praktykuj\u0105c od dzieci\u0144stwa dobrowoln\u0105 abstynencj\u0119. Zach\u0119ca\u0142 wszystkich do gorliwej modlitwy w intencji otrze\u017awienia narodu, do dzia\u0142a\u0144 duszpasterskich i do sk\u0142adania Bogu przyrzecze\u0144 abstynenckich z motyw\u00f3w nadprzyrodzonych. Jako akt wynagrodzenia Bogu za grzechy pija\u0144stwa pope\u0142niane w naszej Ojczy\u017anie, a zarazem jako pi\u0119kne \u015bwiadectwo radosnego, wolnego \u017cycia bez alkoholu\u201d.<\/p>\n<p>Tydzie\u0144 Modlitw o Trze\u017awo\u015b\u0107 Narodu jest okazj\u0105 dla wsp\u00f3lnot parafialnych, aby zwi\u0119kszy\u0107 zaanga\u017cowanie cz\u0142onk\u00f3w w dzia\u0142ania abstynenckie i trze\u017awo\u015bciowe, jak r\u00f3wnie\u017c zach\u0119ci\u0107 wszystkich do codziennej troski o trze\u017awo\u015b\u0107 w swoich rodzinach.<\/p>\n<p>Wa\u017cne jest, aby na nowo odkry\u0107 warto\u015b\u0107 okresowych lub sta\u0142ych przyrzecze\u0144 abstynenckich i da\u0107 \u015bwiadectwo poprzez wpisanie tej decyzji do Parafialnej Ksi\u0119gi Trze\u017awo\u015bci.<\/p>\n","protected":false},"excerpt":{"rendered":"<p>W niedziel\u0119 19 lutego br. rozpocznie si\u0119 56. Tydzie\u0144 Modlitw o Trze\u017awo\u015b\u0107 Narodu pod has\u0142em \u201eKu trze\u017awo\u015bci z Ko\u015bcio\u0142em\u201d. Trwa\u0107 b\u0119dzie do soboty 25 lutego jako duchowe przygotowanie do owocnego prze\u017cycia Wielkiego Postu. Bp Tadeusz Bronakowski, Przewodnicz\u0105cy Zespo\u0142u KEP ds. Apostolstwa Trze\u017awo\u015bci i Os\u00f3b Uzale\u017cnionych, przypomina, \u017ce \u201eta pi\u0119kna i jak\u017ce potrzebna inicjatywa zrodzi\u0142a si\u0119 w ubieg\u0142ym wieku z inicjatywy polskich biskup\u00f3w zatroskanych o stan moralny naszego narodu, pod przewodnictwem b\u0142. Kard. Stefana Wyszy\u0144skiego\u201d. Ten wielki aposto\u0142 trze\u017awo\u015bci by\u0142 przekonany, \u017ce \u201eje\u015bli w naszym narodzie ma nadal istnie\u0107 wiara, istnie\u0107 Ko\u015bci\u00f3\u0142, je\u015bli ma istnie\u0107 sam nar\u00f3d, to musi zosta\u0107 pokonana plaga pija\u0144stwa. Z ca\u0142ych si\u0142 o to zabiega\u0142, sam daj\u0105c przyk\u0142ad \u015bwi\u0119tego, trze\u017awego \u017cycia, praktykuj\u0105c od dzieci\u0144stwa dobrowoln\u0105 abstynencj\u0119. Zach\u0119ca\u0142 wszystkich do gorliwej modlitwy w intencji otrze\u017awienia narodu, do dzia\u0142a\u0144 duszpasterskich i do sk\u0142adania Bogu przyrzecze\u0144 abstynenckich z motyw\u00f3w nadprzyrodzonych. Jako akt wynagrodzenia Bogu za grzechy pija\u0144stwa pope\u0142niane w naszej&hellip;<\/p>\n<p> <a class=\"more-link\" href=\"http:\/\/www.franciszek-walcz.pl\/?p=23214\">Czytaj dalej<\/a><\/p>\n","protected":false},"author":1,"featured_media":0,"comment_status":"closed","ping_status":"closed","sticky":false,"template":"","format":"standard","meta":{"footnotes":""},"categories":[1],"tags":[],"class_list":{"0":"post-23214","1":"post","2":"type-post","3":"status-publish","4":"format-standard","6":"category-uncategorized"},"brizy_media":[],"_links":{"self":[{"href":"http:\/\/www.franciszek-walcz.pl\/index.php?rest_route=\/wp\/v2\/posts\/23214","targetHints":{"allow":["GET"]}}],"collection":[{"href":"http:\/\/www.franciszek-walcz.pl\/index.php?rest_route=\/wp\/v2\/posts"}],"about":[{"href":"http:\/\/www.franciszek-walcz.pl\/index.php?rest_route=\/wp\/v2\/types\/post"}],"author":[{"embeddable":true,"href":"http:\/\/www.franciszek-walcz.pl\/index.php?rest_route=\/wp\/v2\/users\/1"}],"replies":[{"embeddable":true,"href":"http:\/\/www.franciszek-walcz.pl\/index.php?rest_route=%2Fwp%2Fv2%2Fcomments&post=23214"}],"version-history":[{"count":1,"href":"http:\/\/www.franciszek-walcz.pl\/index.php?rest_route=\/wp\/v2\/posts\/23214\/revisions"}],"predecessor-version":[{"id":23215,"href":"http:\/\/www.franciszek-walcz.pl\/index.php?rest_route=\/wp\/v2\/posts\/23214\/revisions\/23215"}],"wp:attachment":[{"href":"http:\/\/www.franciszek-walcz.pl\/index.php?rest_route=%2Fwp%2Fv2%2Fmedia&parent=23214"}],"wp:term":[{"taxonomy":"category","embeddable":true,"href":"http:\/\/www.franciszek-walcz.pl\/index.php?rest_route=%2Fwp%2Fv2%2Fcategories&post=23214"},{"taxonomy":"post_tag","embeddable":true,"href":"http:\/\/www.franciszek-walcz.pl\/index.php?rest_route=%2Fwp%2Fv2%2Ftags&post=23214"}],"curies":[{"name":"wp","href":"https:\/\/api.w.org\/{rel}","templated":true}]}}