{"id":2334,"date":"2018-11-10T11:22:22","date_gmt":"2018-11-10T10:22:22","guid":{"rendered":"http:\/\/www.franciszek-walcz.pl\/?p=2334"},"modified":"2018-11-10T11:23:24","modified_gmt":"2018-11-10T10:23:24","slug":"przyszla-polska-w-imie-pana","status":"publish","type":"post","link":"http:\/\/www.franciszek-walcz.pl\/?p=2334","title":{"rendered":"Przysz\u0142a Polska w imi\u0119 Pana"},"content":{"rendered":"<p>Po\u015br\u00f3d polskich dni, kt\u00f3rych tysi\u0105ce tworzy\u0142y kszta\u0142t ojczystych dziej\u00f3w, tamten jesienny listopadowy dzie\u0144 sprzed stu \u00a0laty mia\u0142 swoisty, niepowtarzalny koloryt. By\u0142 to dzie\u0144 prze\u0142omowy w\u00a0dziejach Europy. Podpisany przez marsza\u0142ka Ferdynanda Focha rozejm z\u00a0pokonanymi Niemcami, ko\u0144czy\u0142 straszliwe lata wojennych zmaga\u0144. 10 milion\u00f3w poleg\u0142ych \u017co\u0142nierzy, 20 milion\u00f3w rannych, 70 milion\u00f3w zmobilizowanych w\u00a0wojskowe szeregi. Ogrom liczb, z\u00a0kt\u00f3rych ka\u017cda przecie\u017c mia\u0142a wymiar indywidualnego losu.\u00a0 Cztery pokolenia czeka\u0142y, pi\u0105te si\u0119 doczeka\u0142o! Od rana do wieczora gromadzi\u0142y si\u0119 t\u0142umy na rynkach miast, robotnik, urz\u0119dnik, porzuca\u0142 prac\u0119, ch\u0142op porzuca\u0142 pole i\u00a0bieg\u0142 do miasta, na rynek, dowiedzie\u0107 si\u0119, przekona\u0107 si\u0119, zobaczy\u0107 wojsko polskie, polskie napisy, or\u0142y na urz\u0119dach&#8230;<\/p>\n<p>Po 123 latach niewoli Polska wstawa\u0142a, by \u017cy\u0107&#8230;&#8230;Wolna w\u015br\u00f3d wolnych, r\u00f3wna w\u015br\u00f3d r\u00f3wnych! Niepodleg\u0142a! Przysz\u0142a Polska w\u00a0imi\u0119 Pana!<\/p>\n<p>Dzi\u015b \u2013 w\u00a0\u015bwi\u0105tecznym dniu Ojczyzny, Narodu i\u00a0Pa\u0144stwa \u2013 wracamy wspomnieniami do tamtych dni. Patrzymy dalej \u2013 na epok\u0119 narodowej niewoli. Czas wielkiego do\u015bwiadczenia Narodu. Prawd\u0119 o\u00a0nim, o\u00a0jego duchowym wymiarze, mocno i\u00a0wra\u017cliwie utrwali\u0142a wielka polska romantyczna poezja: Mickiewicz, S\u0142owacki, Krasi\u0144ski, tak\u017ce Norwid. To w\u00a0du\u017cej mierze poprzez ni\u0105 \u00a0m\u0142ode pokolenia Polak\u00f3w staj\u0105 wobec tamtych, stawianych w\u00a0XIX wieku, pyta\u0144 o\u00a0Polsk\u0119, o\u00a0jej utracon\u0105 wolno\u015b\u0107, o\u00a0narodowy czyn, kt\u00f3ry mia\u0142 t\u0119 wolno\u015b\u0107 przywr\u00f3ci\u0107, o\u00a0kszta\u0142t Polski jutra.<\/p>\n<p>Czy potrafimy \u00a0odnale\u017a\u0107 w\u00a0tamtych pytaniach ich najg\u0142\u0119bszy religijny rdze\u0144? To przecie\u017c dzi\u0119ki jego obecno\u015bci mo\u017cna by\u0142o na najtrudniejsze problemy Ojczyzny patrze\u0107 spojrzeniem nadziei, kt\u00f3rej \u017ar\u00f3d\u0142em jest B\u00f3g. <em>&#8222;Cokolwiek b\u0119dzie, cokolwiek si\u0119 stanie\/ Jedno wiem tylko: sprawiedliwo\u015b\u0107 b\u0119dzie,\/ Jedno wiem tylko: Polska zmartwychwstanie (&#8230;) Jedno wiem tylko: krzykniemy serdecznie\/ \u201eB\u0105d\u017a Ty pochwalon, \u015bwi\u0119ty Bo\u017ce wiecznie&#8221;<\/em> \u2013 pisa\u0142 Zygmunt Krasi\u0144ski.<\/p>\n<p>A Juliusz S\u0142owacki do tych, kt\u00f3rzy przez tamten czas szli, krzycz\u0105c <em>Polska, Polska<\/em> kierowa\u0142 pytanie \u00a0fundamentalne: \u2013 <em>Jaka<\/em>?<\/p>\n<p>Pytanie aktualne. Stawiamy je wci\u0105\u017c: wczoraj, dzi\u015b \u2013 z\u00a0ca\u0142\u0105 ostro\u015bci\u0105, z\u00a0ca\u0142\u0105 wyrazisto\u015bci\u0105. W\u00a0tym pytaniu jest i\u00a0gorycz zawod\u00f3w, i\u00a0pragnienie zmiany, i\u00a0sprzeciw przeciw temu, kiedy Polska staje si\u0119 polem walki zwa\u015bnionych partii, swoist\u0105 ziemi\u0105 niczyj\u0105, kt\u00f3r\u0105 zantagonizowane si\u0142y pragn\u0105 sp\u0142aszczy\u0107 do wymiaru w\u0142asnych, w\u0105skich grupowych czy partyjnych interes\u00f3w.<\/p>\n<p>Ale jest te\u017c w\u00a0tym pytaniu <em>\u201eJaka?\u201d<\/em> przekonanie, \u017ce nie trafi ono w\u00a0pr\u00f3\u017cni\u0119, \u017ce napotka poczucie naszej odpowiedzialno\u015bci za kszta\u0142t Ojczyzny, \u017ce odpowiemy na nie nasz\u0105 m\u0105dro\u015bci\u0105, nasz\u0105 roztropno\u015bci\u0105, kt\u00f3ra potrafi postawi\u0107 tam\u0119 r\u00f3\u017cnym zewn\u0119trznym naciskom i\u00a0manipulatorskim zap\u0119dom.<\/p>\n<p>Wobec tego\u00a0pytania: <em>\u201eJaka?\u201d\u00a0<\/em> \u2013 jaka Polska? \u2013 niech ka\u017cdy stanie w\u00a0prawdzie swego sumienia.<\/p>\n","protected":false},"excerpt":{"rendered":"<p>Po\u015br\u00f3d polskich dni, kt\u00f3rych tysi\u0105ce tworzy\u0142y kszta\u0142t ojczystych dziej\u00f3w, tamten jesienny listopadowy dzie\u0144 sprzed stu \u00a0laty mia\u0142 swoisty, niepowtarzalny koloryt. By\u0142 to dzie\u0144 prze\u0142omowy w\u00a0dziejach Europy. Podpisany przez marsza\u0142ka Ferdynanda Focha rozejm z\u00a0pokonanymi Niemcami, ko\u0144czy\u0142 straszliwe lata wojennych zmaga\u0144. 10 milion\u00f3w poleg\u0142ych \u017co\u0142nierzy, 20 milion\u00f3w rannych, 70 milion\u00f3w zmobilizowanych w\u00a0wojskowe szeregi. Ogrom liczb, z\u00a0kt\u00f3rych ka\u017cda przecie\u017c mia\u0142a wymiar indywidualnego losu.\u00a0 Cztery pokolenia czeka\u0142y, pi\u0105te si\u0119 doczeka\u0142o! Od rana do wieczora gromadzi\u0142y si\u0119 t\u0142umy na rynkach miast, robotnik, urz\u0119dnik, porzuca\u0142 prac\u0119, ch\u0142op porzuca\u0142 pole i\u00a0bieg\u0142 do miasta, na rynek, dowiedzie\u0107 si\u0119, przekona\u0107 si\u0119, zobaczy\u0107 wojsko polskie, polskie napisy, or\u0142y na urz\u0119dach&#8230; Po 123 latach niewoli Polska wstawa\u0142a, by \u017cy\u0107&#8230;&#8230;Wolna w\u015br\u00f3d wolnych, r\u00f3wna w\u015br\u00f3d r\u00f3wnych! Niepodleg\u0142a! Przysz\u0142a Polska w\u00a0imi\u0119 Pana! Dzi\u015b \u2013 w\u00a0\u015bwi\u0105tecznym dniu Ojczyzny, Narodu i\u00a0Pa\u0144stwa \u2013 wracamy wspomnieniami do tamtych dni. Patrzymy dalej \u2013 na epok\u0119 narodowej niewoli. Czas wielkiego do\u015bwiadczenia Narodu. Prawd\u0119 o\u00a0nim, o\u00a0jego duchowym wymiarze, mocno i\u00a0wra\u017cliwie utrwali\u0142a&hellip;<\/p>\n<p> <a class=\"more-link\" href=\"http:\/\/www.franciszek-walcz.pl\/?p=2334\">Czytaj dalej<\/a><\/p>\n","protected":false},"author":1,"featured_media":0,"comment_status":"open","ping_status":"open","sticky":false,"template":"","format":"standard","meta":{"footnotes":""},"categories":[5],"tags":[],"class_list":{"0":"post-2334","1":"post","2":"type-post","3":"status-publish","4":"format-standard","6":"category-artykuly"},"brizy_media":[],"_links":{"self":[{"href":"http:\/\/www.franciszek-walcz.pl\/index.php?rest_route=\/wp\/v2\/posts\/2334","targetHints":{"allow":["GET"]}}],"collection":[{"href":"http:\/\/www.franciszek-walcz.pl\/index.php?rest_route=\/wp\/v2\/posts"}],"about":[{"href":"http:\/\/www.franciszek-walcz.pl\/index.php?rest_route=\/wp\/v2\/types\/post"}],"author":[{"embeddable":true,"href":"http:\/\/www.franciszek-walcz.pl\/index.php?rest_route=\/wp\/v2\/users\/1"}],"replies":[{"embeddable":true,"href":"http:\/\/www.franciszek-walcz.pl\/index.php?rest_route=%2Fwp%2Fv2%2Fcomments&post=2334"}],"version-history":[{"count":1,"href":"http:\/\/www.franciszek-walcz.pl\/index.php?rest_route=\/wp\/v2\/posts\/2334\/revisions"}],"predecessor-version":[{"id":2335,"href":"http:\/\/www.franciszek-walcz.pl\/index.php?rest_route=\/wp\/v2\/posts\/2334\/revisions\/2335"}],"wp:attachment":[{"href":"http:\/\/www.franciszek-walcz.pl\/index.php?rest_route=%2Fwp%2Fv2%2Fmedia&parent=2334"}],"wp:term":[{"taxonomy":"category","embeddable":true,"href":"http:\/\/www.franciszek-walcz.pl\/index.php?rest_route=%2Fwp%2Fv2%2Fcategories&post=2334"},{"taxonomy":"post_tag","embeddable":true,"href":"http:\/\/www.franciszek-walcz.pl\/index.php?rest_route=%2Fwp%2Fv2%2Ftags&post=2334"}],"curies":[{"name":"wp","href":"https:\/\/api.w.org\/{rel}","templated":true}]}}