{"id":2342,"date":"2018-11-17T11:47:40","date_gmt":"2018-11-17T10:47:40","guid":{"rendered":"http:\/\/www.franciszek-walcz.pl\/?p=2342"},"modified":"2018-11-17T11:47:40","modified_gmt":"2018-11-17T10:47:40","slug":"ufni-bogu","status":"publish","type":"post","link":"http:\/\/www.franciszek-walcz.pl\/?p=2342","title":{"rendered":"Ufni Bogu"},"content":{"rendered":"<p>Wielu z nas zadaje sobie pytania dotycz\u0105ce naszej przysz\u0142o\u015bci, zw\u0142aszcza teraz w miesi\u0105cu listopadzie. Cz\u0119sto tematem naszych przemy\u015ble\u0144 jest \u015bmier\u0107. Wspominamy najbli\u017cszych, kt\u00f3rzy odeszli do Boga, ale tak\u017ce czasami zadajemy sobie pytanie o nasz\u0105 przysz\u0142o\u015b\u0107 i o nasz\u0105 \u015bmier\u0107. S\u0105 to wa\u017cne pytania, ale przede wszystkim s\u0105 to pytania, kt\u00f3re nale\u017cy postawi\u0107 sobie w \u015bwietle dzisiejszej liturgii S\u0142owa. W Psalmie \u015bpiewali\u015bmy s\u0142owa: \u201eStrze\u017c mnie o Panie Tobie zaufa\u0142em\u201d \u2013 zach\u0119caj\u0105 nas one, aby popatrze\u0107 na \u017cycie poprzez pryzmat ufno\u015bci Bogu. Nasza przesz\u0142o\u015b\u0107, przysz\u0142o\u015b\u0107 i tera\u017aniejszo\u015b\u0107 ma by\u0107 drog\u0105 uczenia si\u0119 ufno\u015bci Bogu. Ta droga zaufania to droga s\u0142uchania S\u0142owa. Do tego zach\u0119ca Jezus w dzisiejszej Ewangelii, m\u00f3wi\u0105c o wpatrywaniu si\u0119 w rzeczywisto\u015b\u0107.<br \/>\nRzeczywisto\u015b\u0107 \u015bwiata mo\u017cemy odczyta\u0107 poprzez pryzmat s\u0142uchania i modlitwy S\u0142owem Bo\u017cym. Przez pryzmat S\u0142owa mo\u017cemy popatrze\u0107 inaczej na swoje \u017cycie, na trudne i pi\u0119kne momenty naszego \u017cycia. Jezus opowiadaj\u0105c o drzewie figowym, o jego owocach m\u00f3wi nam o naszym \u017cyciu. Dojrzewanie drzewa figowego w lecie oznacza czasy mesja\u0144skie, a czas zbawienia ka\u017cdego z nas dokonuje si\u0119 w naszej codzienno\u015bci, dlatego tak wa\u017cna jest codzienna modlitwa, s\u0142uchanie Boga \u2013 bo wtedy uczymy si\u0119 modlitwy zawierzenia i ufno\u015bci, bo wtedy moje \u017cycie mo\u017ce wygl\u0105da\u0107 zupe\u0142nie inaczej.<br \/>\nNiech ta dzisiejsza liturgia S\u0142owa b\u0119dzie dla ka\u017cdego z nas drog\u0105 odczytywania w\u0142asnego \u017cycia w \u015bwietle \u017cycia Chrystusa, rozwa\u017cajmy tajemnice Jego \u017cycia i \u015bmierci. Trwaj\u0105c w tajemnicy \u017cycia i \u015bmierci i patrz\u0105c na swoje \u017cycie przez ten pryzmat mo\u017cemy zauwa\u017cy\u0107 co\u015b jeszcze bardzo wa\u017cnego. W naszym \u017cyciu nie jeste\u015bmy sami. A skoro uczymy si\u0119 ufno\u015bci to w naszym \u017cyciu nie ma miejsca na l\u0119k przed przysz\u0142o\u015bci\u0105.<\/p>\n<p><strong>ks. Rafa\u0142 Pasternak SDS<\/strong><\/p>\n","protected":false},"excerpt":{"rendered":"<p>Wielu z nas zadaje sobie pytania dotycz\u0105ce naszej przysz\u0142o\u015bci, zw\u0142aszcza teraz w miesi\u0105cu listopadzie. Cz\u0119sto tematem naszych przemy\u015ble\u0144 jest \u015bmier\u0107. Wspominamy najbli\u017cszych, kt\u00f3rzy odeszli do Boga, ale tak\u017ce czasami zadajemy sobie pytanie o nasz\u0105 przysz\u0142o\u015b\u0107 i o nasz\u0105 \u015bmier\u0107. S\u0105 to wa\u017cne pytania, ale przede wszystkim s\u0105 to pytania, kt\u00f3re nale\u017cy postawi\u0107 sobie w \u015bwietle dzisiejszej liturgii S\u0142owa. W Psalmie \u015bpiewali\u015bmy s\u0142owa: \u201eStrze\u017c mnie o Panie Tobie zaufa\u0142em\u201d \u2013 zach\u0119caj\u0105 nas one, aby popatrze\u0107 na \u017cycie poprzez pryzmat ufno\u015bci Bogu. Nasza przesz\u0142o\u015b\u0107, przysz\u0142o\u015b\u0107 i tera\u017aniejszo\u015b\u0107 ma by\u0107 drog\u0105 uczenia si\u0119 ufno\u015bci Bogu. Ta droga zaufania to droga s\u0142uchania S\u0142owa. Do tego zach\u0119ca Jezus w dzisiejszej Ewangelii, m\u00f3wi\u0105c o wpatrywaniu si\u0119 w rzeczywisto\u015b\u0107. Rzeczywisto\u015b\u0107 \u015bwiata mo\u017cemy odczyta\u0107 poprzez pryzmat s\u0142uchania i modlitwy S\u0142owem Bo\u017cym. Przez pryzmat S\u0142owa mo\u017cemy popatrze\u0107 inaczej na swoje \u017cycie, na trudne i pi\u0119kne momenty naszego \u017cycia. Jezus opowiadaj\u0105c o drzewie figowym, o jego owocach m\u00f3wi nam o&hellip;<\/p>\n<p> <a class=\"more-link\" href=\"http:\/\/www.franciszek-walcz.pl\/?p=2342\">Czytaj dalej<\/a><\/p>\n","protected":false},"author":1,"featured_media":0,"comment_status":"open","ping_status":"open","sticky":false,"template":"","format":"standard","meta":{"footnotes":""},"categories":[5],"tags":[],"class_list":{"0":"post-2342","1":"post","2":"type-post","3":"status-publish","4":"format-standard","6":"category-artykuly"},"brizy_media":[],"_links":{"self":[{"href":"http:\/\/www.franciszek-walcz.pl\/index.php?rest_route=\/wp\/v2\/posts\/2342","targetHints":{"allow":["GET"]}}],"collection":[{"href":"http:\/\/www.franciszek-walcz.pl\/index.php?rest_route=\/wp\/v2\/posts"}],"about":[{"href":"http:\/\/www.franciszek-walcz.pl\/index.php?rest_route=\/wp\/v2\/types\/post"}],"author":[{"embeddable":true,"href":"http:\/\/www.franciszek-walcz.pl\/index.php?rest_route=\/wp\/v2\/users\/1"}],"replies":[{"embeddable":true,"href":"http:\/\/www.franciszek-walcz.pl\/index.php?rest_route=%2Fwp%2Fv2%2Fcomments&post=2342"}],"version-history":[{"count":1,"href":"http:\/\/www.franciszek-walcz.pl\/index.php?rest_route=\/wp\/v2\/posts\/2342\/revisions"}],"predecessor-version":[{"id":2343,"href":"http:\/\/www.franciszek-walcz.pl\/index.php?rest_route=\/wp\/v2\/posts\/2342\/revisions\/2343"}],"wp:attachment":[{"href":"http:\/\/www.franciszek-walcz.pl\/index.php?rest_route=%2Fwp%2Fv2%2Fmedia&parent=2342"}],"wp:term":[{"taxonomy":"category","embeddable":true,"href":"http:\/\/www.franciszek-walcz.pl\/index.php?rest_route=%2Fwp%2Fv2%2Fcategories&post=2342"},{"taxonomy":"post_tag","embeddable":true,"href":"http:\/\/www.franciszek-walcz.pl\/index.php?rest_route=%2Fwp%2Fv2%2Ftags&post=2342"}],"curies":[{"name":"wp","href":"https:\/\/api.w.org\/{rel}","templated":true}]}}