{"id":23432,"date":"2023-03-03T16:56:07","date_gmt":"2023-03-03T15:56:07","guid":{"rendered":"http:\/\/www.franciszek-walcz.pl\/?p=23432"},"modified":"2023-03-03T16:56:20","modified_gmt":"2023-03-03T15:56:20","slug":"sw-kazimierz-krolewicz","status":"publish","type":"post","link":"http:\/\/www.franciszek-walcz.pl\/?p=23432","title":{"rendered":"\u015bw. Kazimierz Kr\u00f3lewicz"},"content":{"rendered":"<p class=\"western\" align=\"left\"><span style=\"font-size: large;\">Kazimierz Jagiello\u0144czyk, kt\u00f3rego w 1602 roku\u00a0papie\u017c\u00a0Klemens VIII og\u0142osi\u0142 \u015bwi\u0119tym, urodzi\u0142 si\u0119 3 pa\u017adziernika 1458 roku na Wawelu w Krakowie, jako syn Kazimierza Jagiello\u0144czyka i El\u017cbiety Rakuszanki. Wychowawcami kr\u00f3lewicza byli\u00a0Jan D\u0142ugosz\u00a0i Stanis\u0142aw Szyd\u0142owiecki, a do bierzmowania przygotowywa\u0142 go\u00a0\u015bw. Jan Kanty. Od najm\u0142odszych lat Kazimierza cechowa\u0142a niezwyk\u0142a pobo\u017cno\u015b\u0107, roztropno\u015b\u0107 i wra\u017cliwo\u015b\u0107 na ludzk\u0105 bied\u0119. Prowadzi\u0142 ascetyczny tryb \u017cycia, kt\u00f3rego nie zmieni\u0142 nawet podczas ci\u0119\u017ckiej choroby p\u0142uc. W lutym 1484 roku nast\u0105pi\u0142o znaczne pogorszenie jego zdrowia, a 4 marca, na pocz\u0105tku Wielkiego Postu, kr\u00f3lewicz zmar\u0142 w wieku 26 lat. Pogrzeb odby\u0142 si\u0119 w Wilnie, a cia\u0142o zosta\u0142o z\u0142o\u017cone w kaplicy Naj\u015bwi\u0119tszej Maryi Panny\u00a0katedry \u015bw. Stanis\u0142awa.<\/span><\/p>\n<p class=\"western\" align=\"left\"><span style=\"font-size: large;\">Zaraz po \u015bmierci gr\u00f3b Kazimierza sta\u0142 si\u0119 miejscem licznych pielgrzymek z Litwy i Korony. Starania o kanonizacj\u0119 podj\u0105\u0142 w 1487 roku biskup wile\u0144ski Wojciech Radziwi\u0142\u0142 przy poparciu brata Kazimierza \u2013 kr\u00f3la Zygmunta I Starego. Biografi\u0119 Kazimierza, wraz z opisem cud\u00f3w, maj\u0105cych miejsce dzi\u0119ki jego wstawiennictwu, napisa\u0142 biskup Zachariasz Ferreri, legat papieski wys\u0142any do Wilna w celu przygotowania kanonizacji Kazimierza. Niestety przes\u0142ane do Rzymu akta procesu kanonizacyjnego zagin\u0119\u0142y i dopiero w 1602 roku zosta\u0142 og\u0142oszony \u015bwi\u0119tym.<\/span><\/p>\n<p class=\"western\" align=\"left\"><span style=\"font-size: large;\">Od 1623 roku \u015bwi\u0119ty Kazimierz jest patronem Litwy, gdzie jest prawie 20 \u015bwi\u0105ty\u0144 maj\u0105cych go za patrona. W Polsce jest oko\u0142o 50 ko\u015bcio\u0142\u00f3w pod wezwaniem \u015bwi\u0119tego Kazimierza, w tym\u00a0jego sanktuarium\u00a0w ko\u015bciele reformat\u00f3w w Krakowie. Szczeg\u00f3lnego kultu doznaje \u015bwi\u0119ty Kazimierz w Radomiu, gdzie w 1984 roku Jan Pawe\u0142 II og\u0142osi\u0142 go patronem tego miasta.<br \/>\n\u015awi\u0119ty Kazimierz jest patronem Polski i Litwy.<\/span><\/p>\n<p class=\"western\" align=\"left\"><a name=\"_GoBack\"><\/a> <span style=\"font-size: large;\">W w\u0119dr\u00f3wce przez pustyni\u0119 Wielkiego Postu 2010 roku zatrzymujemy si\u0119 dzisiaj w miejscu, kt\u00f3re mo\u017cemy por\u00f3wna\u0107 do oazy. Oaza jest szczeg\u00f3lnym miejscem na pustyni. Przyci\u0105ga zieleni\u0105, przyci\u0105ga szumem wody, bo oazy powstaj\u0105 tam, gdzie jest \u017ar\u00f3d\u0142o tryskaj\u0105ce, bij\u0105ce wod\u0105. I chocia\u017c ta woda gdzie\u015b po jakim\u015b czasie wysycha na pustyni, to jednak wok\u00f3\u0142 \u017ar\u00f3d\u0142a, wok\u00f3\u0142 tego strumienia zaczynaj\u0105 rosn\u0105\u0107 powoli trawy, krzewy, ro\u015bliny, pi\u0119kne drzewa, palmy daktylowe. W\u0119drowiec, kt\u00f3ry idzie przez pustyni\u0119, gdy widzi ziele\u0144 z daleka, przyspiesza kroku, aby jak najszybciej doj\u015b\u0107 do oazy, zanurzy\u0107 si\u0119 w jej cieniu, napi\u0107 si\u0119 o\u017cywczej \u017ar\u00f3dlanej wody, odpocz\u0105\u0107. Chocia\u017c nosimy \u015bwiadomo\u015b\u0107, \u017ce nie mo\u017cna na zawsze pozosta\u0107 w oazie, jednak ten moment odpoczynku jest bardzo wa\u017cny. Zach\u0119ca do tego, aby podj\u0105\u0107 dalej drog\u0119 przez pustyni\u0119, aby i\u015b\u0107 do celu. Do tego celu, kt\u00f3ry B\u00f3g nam wyznaczy\u0142. Taka oaza wyrasta na naszej pustyni wok\u00f3\u0142 \u015bwi\u0119tego Kazimierza. Jego imi\u0119 jest niezwyk\u0142e. Kazimierz \u2013 ten, kt\u00f3ry kazi pok\u00f3j. W j\u0119zyku staropolskim oznacza\u0142o kt\u00f3ry wznieca pok\u00f3j, wok\u00f3\u0142 kt\u00f3rego rozwija si\u0119 pok\u00f3j. Ten, kt\u00f3ry przez sw\u00f3j pobyt, swoj\u0105 obecno\u015b\u0107 sprawia, \u017ce ziemia zamienia si\u0119 w radosne miejsce, na kt\u00f3rym przebywaj\u0105 ludzie.<br \/>\nKazimierz rzeczywi\u015bcie od dziecka by\u0142 takim kazicielem pokoju. Kaza\u0107 pok\u00f3j, wznieca\u0107 pok\u00f3j. Urodzi\u0142 si\u0119 3 pa\u017adziernika 1458 roku. Jego ojcem by\u0142 Kazimierz Jagiello\u0144czyk, matk\u0105 \u2013 El\u017cbieta Rakuska. Mia\u0142 wielu braci. Mia\u0142 te\u017c siostry. By\u0142a to bardzo liczna rodzina. Kazimierz od dziecka odznacza\u0142 si\u0119 wielka inteligencj\u0105. Ale nie to go wyr\u00f3\u017cnia\u0142o spo\u015br\u00f3d braci. Odznacza\u0142 si\u0119 niezwyk\u0142\u0105 pobo\u017cno\u015bci\u0105. M\u00f3wiono, \u017ce jako ma\u0142e dziecko, ju\u017c pod opiek\u0105 kanonika Jana D\u0142ugosza wymyka\u0142 si\u0119 z Wawelu, aby uczestniczy\u0107 we Mszy \u015bwi\u0119tej porannej w mie\u015bcie. Chodzi\u0142 do ko\u015bcio\u0142a \u015bw. Marii Magdaleny \u2013 dzisiaj na placu \u015bw. Marii Magdaleny, gdzie stoi pomnik ks. Piotra Skargi. Sta\u0142 u drzwi ko\u015bcio\u0142a, czekaj\u0105c, a\u017c mu otworz\u0105. Ojciec przygotowywa\u0142 go do wielkich zada\u0144 politycznych. Wysy\u0142a\u0142 na wyprawy wojenne, wysy\u0142a\u0142 z misj\u0105 dyplomatyczn\u0105, uczyni\u0142 go wsp\u00f3\u0142rz\u0105dc\u0105 pa\u0144stwa. Ksi\u0105\u017c\u0119 rezydowa\u0142 w Grodnie, w Wilnie cz\u0119sto. W m\u0142odym wieku ujawni\u0142a si\u0119 u niego choroba gru\u017alicy \u2013 w\u00f3wczas choroba nieuleczalna. Zmar\u0142 w bardzo m\u0142odym wieku 4 marca 1484 roku. Szybko rozwin\u0105\u0142 si\u0119 kult wok\u00f3\u0142 grobu \u015bw. Kazimierza. W 1521 roku by\u0142a pierwsza bulla, kt\u00f3ra niestety zagin\u0119\u0142a, w 1602 \u2013 druga bulla kanonizacyjna, potwierdzaj\u0105ca kult i \u015bwi\u0119to\u015b\u0107 \u015bw. Kazimierza.<br \/>\nDlaczego po dzi\u015b dzie\u0144 przyci\u0105ga \u2013 jeden z bardziej popularnych polskich \u015bwi\u0119tych? W\u0142a\u015bnie tym, \u017ce wok\u00f3\u0142 niego, przy nim mo\u017cna odpocz\u0105\u0107. R\u00f3wnie\u017c i dzi\u015b w tym zwariowanym \u015bwiecie, p\u0119dz\u0105cym nie wiadomo dok\u0105d, Kazimierz przypomina o tym, \u017ce liczy si\u0119 mi\u0142o\u015b\u0107. Mo\u017cna by do niego zastosowa\u0107 s\u0142owa Ewangelii wed\u0142ug \u015bwi\u0119tego Jana. S\u0105 to s\u0142owa z mowy Pana Jezusa z wieczernika, z mowy Pana Jezusa, kt\u00f3r\u0105 mia\u0142 w wieczerniku. Tam m\u00f3wi\u0142 o zasadach przyja\u017ani z Nim. Tym, kt\u00f3rzy chodzili d\u0142ugo za Nim, uczniom, aposto\u0142om: przykazanie Pana Jezusa jest, aby\u015bmy si\u0119 wzajemnie mi\u0142owali (J 15,12).<br \/>\nKazimierz zrozumia\u0142 to. Mi\u0142o\u015b\u0107 od dziecka by\u0142a zasada naczeln\u0105. Mi\u0142o\u015b\u0107 najpierw do Boga. To jest fundament. Bez mi\u0142o\u015bci do Boga nie da si\u0119 budowa\u0107 mi\u0142o\u015bci mi\u0119dzy lud\u017ami, bo ta nasza mi\u0142o\u015b\u0107 przeradza si\u0119 w egoizm. Mo\u017ce by\u0107 zaborcza, posesywna. Mo\u017ce by\u0107 mi\u0142o\u015bci\u0105 niszcz\u0105c\u0105, nawet bardzo bliska osob\u0119, ograniczaj\u0105c\u0105 jej wolno\u015b\u0107. Dlatego Kazimierz wiedzia\u0142, \u017ce trzeba zaczyna\u0107 od mi\u0142o\u015bci Boga. A mi\u0142o\u015b\u0107 Boga, to mi\u0142o\u015b\u0107 ukrzy\u017cowana. To mi\u0142o\u015b\u0107, kt\u00f3ra daje si\u0119 a\u017c do ostatecznych granic. Nie ma wi\u0119kszej mi\u0142o\u015bci, jak odda\u0107 \u017cycie za przyjaci\u00f3\u0142 swoich (J 15,13) \u2013 m\u00f3wi Pan Jezus. I to jest w\u0142a\u015bnie granica mi\u0142o\u015bci. Jak m\u00f3wi\u0142 \u015bw. Bernard z Clairveaux &#8211; granic\u0105 mi\u0142o\u015bci jest mi\u0142o\u015b\u0107 bez granic. Tylko w Chrystusie mo\u017cemy zrozumie\u0107 czym jest ta mi\u0142o\u015b\u0107.<br \/>\nRzeczywi\u015bcie wok\u00f3\u0142 \u015bw. Kazimierza w sensie duchowym powsta\u0142a wspania\u0142a oaza mi\u0142o\u015bci. Wielu ludzi zatrzymuje si\u0119 dzisiaj w to \u015bwi\u0119to \u2013 czy id\u0105 do Reformat\u00f3w, patrz\u0105c na obraz \u015bw. Kazimierza, bo kult \u015bw. Kazimierza jest w Krakowie bardzo du\u017cy od samego pocz\u0105tku. Ka\u017cdy z nas my\u015bli sobie jak jest ta nasza mi\u0142o\u015b\u0107. Czy potrafiliby\u015bmy tak kocha\u0107 jak \u015bw. Kazimierz \u2013 rodzic\u00f3w, rodze\u0144stwo, kocha\u0107 Chrystusa, kocha\u0107 bli\u017anich? To jest to wyzwanie, przed kt\u00f3rym dzisiaj stajemy.<br \/>\nDzi\u0119kujmy Bogu za t\u0119 oaz\u0119, kt\u00f3ra wyrasta w Wielkim Po\u015bcie. Niech ona b\u0119dzie zach\u0119t\u0105 dla odwa\u017cnego chodzenia za Chrystusem po krzy\u017cowych wielkopostnych drogach.<\/span><\/p>\n","protected":false},"excerpt":{"rendered":"<p>Kazimierz Jagiello\u0144czyk, kt\u00f3rego w 1602 roku\u00a0papie\u017c\u00a0Klemens VIII og\u0142osi\u0142 \u015bwi\u0119tym, urodzi\u0142 si\u0119 3 pa\u017adziernika 1458 roku na Wawelu w Krakowie, jako syn Kazimierza Jagiello\u0144czyka i El\u017cbiety Rakuszanki. Wychowawcami kr\u00f3lewicza byli\u00a0Jan D\u0142ugosz\u00a0i Stanis\u0142aw Szyd\u0142owiecki, a do bierzmowania przygotowywa\u0142 go\u00a0\u015bw. Jan Kanty. Od najm\u0142odszych lat Kazimierza cechowa\u0142a niezwyk\u0142a pobo\u017cno\u015b\u0107, roztropno\u015b\u0107 i wra\u017cliwo\u015b\u0107 na ludzk\u0105 bied\u0119. Prowadzi\u0142 ascetyczny tryb \u017cycia, kt\u00f3rego nie zmieni\u0142 nawet podczas ci\u0119\u017ckiej choroby p\u0142uc. W lutym 1484 roku nast\u0105pi\u0142o znaczne pogorszenie jego zdrowia, a 4 marca, na pocz\u0105tku Wielkiego Postu, kr\u00f3lewicz zmar\u0142 w wieku 26 lat. Pogrzeb odby\u0142 si\u0119 w Wilnie, a cia\u0142o zosta\u0142o z\u0142o\u017cone w kaplicy Naj\u015bwi\u0119tszej Maryi Panny\u00a0katedry \u015bw. Stanis\u0142awa. Zaraz po \u015bmierci gr\u00f3b Kazimierza sta\u0142 si\u0119 miejscem licznych pielgrzymek z Litwy i Korony. Starania o kanonizacj\u0119 podj\u0105\u0142 w 1487 roku biskup wile\u0144ski Wojciech Radziwi\u0142\u0142 przy poparciu brata Kazimierza \u2013 kr\u00f3la Zygmunta I Starego. Biografi\u0119 Kazimierza, wraz z opisem cud\u00f3w, maj\u0105cych miejsce dzi\u0119ki jego wstawiennictwu, napisa\u0142 biskup Zachariasz&hellip;<\/p>\n<p> <a class=\"more-link\" href=\"http:\/\/www.franciszek-walcz.pl\/?p=23432\">Czytaj dalej<\/a><\/p>\n","protected":false},"author":1,"featured_media":0,"comment_status":"closed","ping_status":"closed","sticky":false,"template":"","format":"standard","meta":{"footnotes":""},"categories":[5],"tags":[],"class_list":{"0":"post-23432","1":"post","2":"type-post","3":"status-publish","4":"format-standard","6":"category-artykuly"},"brizy_media":[],"_links":{"self":[{"href":"http:\/\/www.franciszek-walcz.pl\/index.php?rest_route=\/wp\/v2\/posts\/23432","targetHints":{"allow":["GET"]}}],"collection":[{"href":"http:\/\/www.franciszek-walcz.pl\/index.php?rest_route=\/wp\/v2\/posts"}],"about":[{"href":"http:\/\/www.franciszek-walcz.pl\/index.php?rest_route=\/wp\/v2\/types\/post"}],"author":[{"embeddable":true,"href":"http:\/\/www.franciszek-walcz.pl\/index.php?rest_route=\/wp\/v2\/users\/1"}],"replies":[{"embeddable":true,"href":"http:\/\/www.franciszek-walcz.pl\/index.php?rest_route=%2Fwp%2Fv2%2Fcomments&post=23432"}],"version-history":[{"count":1,"href":"http:\/\/www.franciszek-walcz.pl\/index.php?rest_route=\/wp\/v2\/posts\/23432\/revisions"}],"predecessor-version":[{"id":23433,"href":"http:\/\/www.franciszek-walcz.pl\/index.php?rest_route=\/wp\/v2\/posts\/23432\/revisions\/23433"}],"wp:attachment":[{"href":"http:\/\/www.franciszek-walcz.pl\/index.php?rest_route=%2Fwp%2Fv2%2Fmedia&parent=23432"}],"wp:term":[{"taxonomy":"category","embeddable":true,"href":"http:\/\/www.franciszek-walcz.pl\/index.php?rest_route=%2Fwp%2Fv2%2Fcategories&post=23432"},{"taxonomy":"post_tag","embeddable":true,"href":"http:\/\/www.franciszek-walcz.pl\/index.php?rest_route=%2Fwp%2Fv2%2Ftags&post=23432"}],"curies":[{"name":"wp","href":"https:\/\/api.w.org\/{rel}","templated":true}]}}