{"id":23444,"date":"2023-03-04T22:35:12","date_gmt":"2023-03-04T21:35:12","guid":{"rendered":"http:\/\/www.franciszek-walcz.pl\/?p=23444"},"modified":"2023-03-04T22:35:12","modified_gmt":"2023-03-04T21:35:12","slug":"komunikat-na-ii-niedziele-wielkiego-postu-ad-gentes","status":"publish","type":"post","link":"http:\/\/www.franciszek-walcz.pl\/?p=23444","title":{"rendered":"Komunikat na II Niedziel\u0119 Wielkiego Postu \u201eAd Gentes\u201d"},"content":{"rendered":"<p><strong>Komunikat na II Niedziel\u0119 Wielkiego Postu \u201eAd Gentes\u201d\u00a0<\/strong><strong>5 III 2023 r. <\/strong><\/p>\n<p><strong>Dzie\u0144 Modlitwy, Postu i Solidarno\u015bci z Misjonarzami <\/strong><\/p>\n<p><em><strong>Z misjonarzami budujemy Ko\u015bci\u00f3\u0142<\/strong><\/em><\/p>\n<p><strong>Bracia i siostry!<\/strong><\/p>\n<p>Troska o dzie\u0142o misyjne Ko\u015bcio\u0142a sprawi\u0142a, \u017ce od 2006 roku druga niedziela Wielkiego Postu w Polsce jest <em>Dniem Modlitwy, Postu i Solidarno\u015bci<\/em> <em>z Misjonarzami<\/em>. Dzie\u0144 ten jest sposobno\u015bci\u0105, by wesprze\u0107 modlitewnie i finansowo 1 743 polskich misjonarzy pos\u0142uguj\u0105cych w 99 krajach \u015bwiata. Ich codzienne dzie\u0142a ewangelizacyjne, charytatywne, edukacyjne i medyczne mog\u0105 rozwija\u0107 si\u0119 dzi\u0119ki naszej modlitwie i ja\u0142mu\u017cnie.<\/p>\n<p>W tym roku Niedziel\u0119 \u201eAd Gentes\u201d obchodzimy pod has\u0142em \u201eZ misjonarzami budujemy Ko\u015bci\u00f3\u0142\u201d. Miejmy \u015bwiadomo\u015b\u0107, \u017ce misjonarze s\u0105 pos\u0142ani przez Ko\u015bci\u00f3\u0142 i jako \u015bwiadkowie wiary g\u0142osz\u0105 Ewangeli\u0119, tworz\u0105c wsp\u00f3lnoty nowych uczni\u00f3w Jezusa Chrystusa, naszego Pana i Odkupiciela. Dzi\u0119ki ich ofiarnej s\u0142u\u017cbie, modlitwie, cierpieniu i wytrwa\u0142ej pracy wzrastaj\u0105 i umacniaj\u0105 si\u0119 m\u0142ode wsp\u00f3lnoty misyjne.<\/p>\n<p>Misjonarki i misjonarze s\u0105 budowniczymi tak\u017ce Ko\u015bcio\u0142a w Polsce, bowiem otwieraj\u0105 nasze serca i oczy na potrzeby Ko\u015bcio\u0142a powszechnego, pomagaj\u0105 nam w realizacji chrzcielnego powo\u0142ania uczni\u00f3w-misjonarzy (zob. <em>Redemptoris missio<\/em>, 77). Ukazuj\u0105 pi\u0119kno bezinteresownej ofiarno\u015bci i solidarno\u015bci z ubogimi. Pozwalaj\u0105 nam wierzy\u0107, \u017ce w Jezusie Chrystusie, pod wszystkimi szeroko\u015bciami geograficznymi, na wszystkich kontynentach, tworzymy jeden, \u015bwi\u0119ty, powszechny i apostolski Ko\u015bci\u00f3\u0142 (zob. <em>Credo<\/em>). Jest on wsp\u00f3lnot\u0105 wiary, na r\u00f3\u017cne sposoby wyra\u017caj\u0105c\u0105 sw\u0105 wierno\u015b\u0107 or\u0119dziu ewangelicznemu, kt\u00f3rego istot\u0105 jest mi\u0142o\u015b\u0107 Boga i bli\u017aniego.<\/p>\n<p><strong>Nasze zaanga\u017cowanie misyjne<\/strong><\/p>\n<p>Aby misyjne dzie\u0142o Ko\u015bcio\u0142a mog\u0142o si\u0119 rozwija\u0107 i przynosi\u0107 b\u0142ogos\u0142awione owoce, trzeba z naszej strony dojrzenia w wierze, aby z niej rodzi\u0142o si\u0119 nasze misyjne zaanga\u017cowania. Dlatego zwracam si\u0119 do wszystkich tworz\u0105cych wsp\u00f3lnot\u0119 Ko\u015bcio\u0142a na polskiej ziemi, tak duchownych, jak i \u015bwieckich, z pro\u015bb\u0105 o modlitw\u0119 i wsparcie misji. \u201eA zatem, dop\u00f3ki mamy czas, czy\u0144my dobrze wszystkim, a zw\u0142aszcza naszym braciom w wierze\u201d (Ga 6,10).<\/p>\n<p>Szczeg\u00f3ln\u0105 pro\u015bb\u0119 o rozbudzenie w sobie ducha misyjnego kieruj\u0119 do os\u00f3b chorych, cierpi\u0105cych i starszych. Z d\u017awigania waszego krzy\u017ca cierpienia i samotno\u015bci uczy\u0144cie osobisty dar dla polskich misjonarzy.<\/p>\n<p>Kap\u0142an\u00f3w oraz osoby \u017cycia konsekrowanego zach\u0119cam, by nadali swemu powo\u0142aniu misyjn\u0105 dynamik\u0119, i uczynili odpowiedzialno\u015b\u0107 za misje drog\u0105 wzrastania w \u015bwi\u0119to\u015bci nie tylko osobistej, ale wszystkich cz\u0142onk\u00f3w powierzonych sobie wsp\u00f3lnot.<\/p>\n<p>Prosz\u0119 tak\u017ce dzieci i m\u0142odzie\u017c, aby w swoim entuzjazmie m\u0142odo\u015bci i solidarno\u015bci ze swoimi r\u00f3wie\u015bnikami zainteresowali si\u0119 potrzebami duchowymi i materialnymi i w\u0142\u0105czyli si\u0119 w dzia\u0142alno\u015b\u0107 parafialnych lub szkolnych k\u00f3\u0142 misyjnych. Przejawem zainteresowania si\u0119 prac\u0105 misjonarzy jest coraz liczniejszy wolontariat misyjny w Polsce, kt\u00f3rego ikon\u0105 na zawsze pozostanie m\u0142odziutka Helenka Kmie\u0107, kt\u00f3ra swoje \u017cycie ofiarowa\u0142a w s\u0142u\u017cbie misjom. Misje zawsze przyczyni\u0105 si\u0119 do duchowego wzrostu ka\u017cdego cz\u0142owieka, a jednocze\u015bnie ubogac\u0105 nasze spojrzenie na \u015bwiat.<\/p>\n<p><strong>Razem z misjonarzami<\/strong><\/p>\n<p>Z uznaniem patrzymy, jak misjonarki misjonarze z oddaniem realizuj\u0105 swoje zadania misyjne. Nierzadko prze\u017cywaj\u0105 trudno\u015bci z powodu niedostatku, do\u015bwiadczaj\u0105 oboj\u0119tno\u015bci lub odrzucenia. Przygniata ich ogrom ludzkiej n\u0119dzy, kt\u00f3rej nie s\u0105 w stanie zaradzi\u0107. Do\u015bwiadczaj\u0105 swej bezsilno\u015bci i niekiedy pokusy, by si\u0119 podda\u0107. Nagl\u0105co potrzebuj\u0105 naszej modlitwy i duchowych ofiar, aby wytrwa\u0107 w swym powo\u0142aniu. By pozosta\u0107 wiernymi nakazowi Chrystusa: \u201eId\u017acie na ca\u0142y \u015bwiat i g\u0142o\u015bcie Ewangeli\u0119 wszelkiemu stworzeniu\u201d (Mk 16,15).<\/p>\n<p>Do\u0142\u0105czmy do nich w modlitwach i duchowych ofiarach. Pro\u015bmy Chrystusa, Boskiego Misjonarza, kt\u00f3ry jest G\u0142ow\u0105 Ko\u015bcio\u0142a, o liczne i \u015bwi\u0119te, oddane Bogu i ludziom powo\u0142ania misyjne w\u015br\u00f3d duchownych i \u015bwieckich.<\/p>\n<p>Wyrazem naszego zaanga\u017cowania misyjnego jest ja\u0142mu\u017cna na rzecz misji. Misjonarze bowiem potrzebuj\u0105 \u015brodk\u00f3w finansowych i materialnych, by tworzy\u0107 i rozwija\u0107 dzie\u0142a charytatywne, solidarno\u015bci i braterstwa z ubogimi, chorymi i potrzebuj\u0105cymi pomocy. Z Ewangeli\u0105 mi\u0142osierdzia docieraj\u0105 do rodzin \u017cyj\u0105cych w ub\u00f3stwie, dzieci ulicy, os\u00f3b chorych i wykluczonych spo\u0142ecznie. Dzisiaj wi\u0119c mamy okazj\u0119 do wsparcia ich naszym darem serca poprzez Dzie\u0142o Pomocy \u201eAd Gentes\u201d, kt\u00f3re przez Komisj\u0119 Episkopatu Polski ds. Misji jest \u201ed\u0142ug\u0105 r\u0119k\u0105\u201d Ko\u015bcio\u0142a w Polsce i wspiera wysi\u0142ki polskich misjonarzy. W roku 2022, dzi\u0119ki Darczy\u0144com, szczeg\u00f3lnie z naszych polskich parafii, Dzie\u0142o sfinansowa\u0142o 124 projekty pomocowe na misjach o warto\u015bci prawie 140 tys. euro. Pomoc finansow\u0105 otrzyma\u0142o 59 si\u00f3str zakonnych, 29 zakonnik\u00f3w, 30 ksi\u0119\u017cy fideidonist\u00f3w oraz 5 misjonarzy \u015bwieckich.<\/p>\n<p>Dlatego b\u0105d\u017amy z naszymi misjonarzami zar\u00f3wno dzisiaj, jak i przez ca\u0142y rok. Niech nasz\u0105 b\u0119dzie rado\u015b\u0107 z czynienia dobra na misjach i wspierania misjonarzy. Dzi\u015b, w <em>Dniu Modlitwy, Postu i Solidarno\u015bci z Misjonarzami<\/em>, gor\u0105co dzi\u0119kuj\u0119 za trosk\u0119 o misyjne dzie\u0142o Ko\u015bcio\u0142a, za wszystkie modlitwy i ofiary, za pami\u0119\u0107 o polskich misjonarzach. Niech \u015bwiadomo\u015b\u0107, \u017ce z misjonarzami budujemy Ko\u015bci\u00f3\u0142 i czynimy dobro w \u015bwiecie towarzyszy Waszym modlitwom i wysi\u0142kom.<\/p>\n<p>Zapewniaj\u0105c o wdzi\u0119czno\u015bci za zaanga\u017cowanie misyjne wiernych Ko\u015bcio\u0142a w Polsce, wszystkim z serca b\u0142ogos\u0142awi\u0119: w Imi\u0119 Ojca i Syna, i Ducha \u015awi\u0119tego.<\/p>\n<p>\u2020 <strong>Jan Piotrowski<\/strong><\/p>\n<p><strong>Przewodnicz\u0105cy Komisji Episkopatu Polski ds. Misji<\/strong><\/p>\n","protected":false},"excerpt":{"rendered":"<p>Komunikat na II Niedziel\u0119 Wielkiego Postu \u201eAd Gentes\u201d\u00a05 III 2023 r. Dzie\u0144 Modlitwy, Postu i Solidarno\u015bci z Misjonarzami Z misjonarzami budujemy Ko\u015bci\u00f3\u0142 Bracia i siostry! Troska o dzie\u0142o misyjne Ko\u015bcio\u0142a sprawi\u0142a, \u017ce od 2006 roku druga niedziela Wielkiego Postu w Polsce jest Dniem Modlitwy, Postu i Solidarno\u015bci z Misjonarzami. Dzie\u0144 ten jest sposobno\u015bci\u0105, by wesprze\u0107 modlitewnie i finansowo 1 743 polskich misjonarzy pos\u0142uguj\u0105cych w 99 krajach \u015bwiata. Ich codzienne dzie\u0142a ewangelizacyjne, charytatywne, edukacyjne i medyczne mog\u0105 rozwija\u0107 si\u0119 dzi\u0119ki naszej modlitwie i ja\u0142mu\u017cnie. W tym roku Niedziel\u0119 \u201eAd Gentes\u201d obchodzimy pod has\u0142em \u201eZ misjonarzami budujemy Ko\u015bci\u00f3\u0142\u201d. Miejmy \u015bwiadomo\u015b\u0107, \u017ce misjonarze s\u0105 pos\u0142ani przez Ko\u015bci\u00f3\u0142 i jako \u015bwiadkowie wiary g\u0142osz\u0105 Ewangeli\u0119, tworz\u0105c wsp\u00f3lnoty nowych uczni\u00f3w Jezusa Chrystusa, naszego Pana i Odkupiciela. Dzi\u0119ki ich ofiarnej s\u0142u\u017cbie, modlitwie, cierpieniu i wytrwa\u0142ej pracy wzrastaj\u0105 i umacniaj\u0105 si\u0119 m\u0142ode wsp\u00f3lnoty misyjne. Misjonarki i misjonarze s\u0105 budowniczymi tak\u017ce Ko\u015bcio\u0142a w Polsce, bowiem otwieraj\u0105 nasze serca i&hellip;<\/p>\n<p> <a class=\"more-link\" href=\"http:\/\/www.franciszek-walcz.pl\/?p=23444\">Czytaj dalej<\/a><\/p>\n","protected":false},"author":1,"featured_media":0,"comment_status":"closed","ping_status":"closed","sticky":false,"template":"","format":"standard","meta":{"footnotes":""},"categories":[1],"tags":[],"class_list":{"0":"post-23444","1":"post","2":"type-post","3":"status-publish","4":"format-standard","6":"category-uncategorized"},"brizy_media":[],"_links":{"self":[{"href":"http:\/\/www.franciszek-walcz.pl\/index.php?rest_route=\/wp\/v2\/posts\/23444","targetHints":{"allow":["GET"]}}],"collection":[{"href":"http:\/\/www.franciszek-walcz.pl\/index.php?rest_route=\/wp\/v2\/posts"}],"about":[{"href":"http:\/\/www.franciszek-walcz.pl\/index.php?rest_route=\/wp\/v2\/types\/post"}],"author":[{"embeddable":true,"href":"http:\/\/www.franciszek-walcz.pl\/index.php?rest_route=\/wp\/v2\/users\/1"}],"replies":[{"embeddable":true,"href":"http:\/\/www.franciszek-walcz.pl\/index.php?rest_route=%2Fwp%2Fv2%2Fcomments&post=23444"}],"version-history":[{"count":1,"href":"http:\/\/www.franciszek-walcz.pl\/index.php?rest_route=\/wp\/v2\/posts\/23444\/revisions"}],"predecessor-version":[{"id":23445,"href":"http:\/\/www.franciszek-walcz.pl\/index.php?rest_route=\/wp\/v2\/posts\/23444\/revisions\/23445"}],"wp:attachment":[{"href":"http:\/\/www.franciszek-walcz.pl\/index.php?rest_route=%2Fwp%2Fv2%2Fmedia&parent=23444"}],"wp:term":[{"taxonomy":"category","embeddable":true,"href":"http:\/\/www.franciszek-walcz.pl\/index.php?rest_route=%2Fwp%2Fv2%2Fcategories&post=23444"},{"taxonomy":"post_tag","embeddable":true,"href":"http:\/\/www.franciszek-walcz.pl\/index.php?rest_route=%2Fwp%2Fv2%2Ftags&post=23444"}],"curies":[{"name":"wp","href":"https:\/\/api.w.org\/{rel}","templated":true}]}}