{"id":23589,"date":"2023-03-25T11:21:47","date_gmt":"2023-03-25T10:21:47","guid":{"rendered":"http:\/\/www.franciszek-walcz.pl\/?p=23589"},"modified":"2023-03-25T11:21:47","modified_gmt":"2023-03-25T10:21:47","slug":"5-niedziela-wielkiego-postu-rok-wskrzeszenie-lazarza","status":"publish","type":"post","link":"http:\/\/www.franciszek-walcz.pl\/?p=23589","title":{"rendered":"5 niedziela Wielkiego Postu Rok &#8211; Wskrzeszenie \u0141azarza"},"content":{"rendered":"<p class=\"western\" align=\"left\"><span style=\"font-size: large;\">Ewangelia pi\u0105tej niedzieli Wielkiego Postu pokazuje nam opowie\u015b\u0107 o wskrzeszeniu \u0141azarza, si\u00f3dmym znaku lub cudzie opowiedzianym nam przez \u015bwi\u0119tego Jana, ostatnim i najwi\u0119kszym spo\u015br\u00f3d nich, kt\u00f3ry objawia Jezusa jako pana \u017cycia i \u015bmierci. <\/span><span style=\"font-size: large;\">Ewangelia niejako zmusza nas do refleksji nad tajemnic\u0105 \u015bmierci. W perspektywie biblijnej nie jest ona ostatnim, tragicznym akordem w naszym \u017cyciu, ale momentem, kt\u00f3ry mo\u017ce zrodzi\u0107 owoc si\u0119gaj\u0105cy wieczno\u015bci.<\/span><\/p>\n<p align=\"left\"><span style=\"font-size: large;\">Oto w pi\u0119kny s\u0142oneczny dzie\u0144 m\u0142ody cz\u0142owiek jecha\u0142 ze swoimi dzie\u0107mi na pogrzeb \u017cony. Przeje\u017cd\u017caj\u0105c przez miasto zatrzymali si\u0119 na czerwonych \u015bwiat\u0142ach. Przed nimi sta\u0142a olbrzymia ci\u0119\u017car\u00f3wka. Po prawej stronie, na ziemi rozci\u0105ga\u0142 si\u0119 d\u0142ugi cie\u0144 ci\u0119\u017car\u00f3wki. Ojciec powiedzia\u0142 wtedy do dzieci: \u201ePopatrzcie na ten olbrzymi samoch\u00f3d oraz jego cie\u0144 i pomy\u015blcie, co bardziej mo\u017ce was zrani\u0107; uderzenie ci\u0119\u017car\u00f3wki, czy uderzenie jej cienia?\u201d <\/span><\/p>\n<p align=\"left\"><span style=\"font-size: large;\">Najm\u0142odszy syn odpowiedzia\u0142: \u201eCie\u0144 nikogo nie mo\u017ce zrani\u0107\u201d. \u201eS\u0142usznie \u2013 \u015bmier\u0107 jest jak ci\u0119\u017car\u00f3wka, ale w chrze\u015bcijanina uderza tylko jej cie\u0144. W Chrystusa uderzy\u0142a \u015bmier\u0107, ale On przez swoje zmartwychwstanie pokona\u0142 j\u0105. Dzi\u0119ki temu zwyci\u0119stwu, wasz\u0105 mam\u0119 dotkn\u0105\u0142 tylko cie\u0144 \u015bmierci. Ona \u017cyje, bo cie\u0144 nie mo\u017ce nikogo zrani\u0107.\u201d<\/span><\/p>\n<p align=\"left\"><span style=\"font-size: large;\">Wiara w zmartwychwstanie i \u017cycie wieczne jest obecna tak\u017ce na kartach Starego Testamentu. W pierwszym czytaniu us\u0142yszeli\u015bmy s\u0142owa: \u201eOto otwieram wasze groby i wydobywam was z grob\u00f3w, ludu m\u00f3j, i wiod\u0119 was do kraju Izraela, i poznacie, \u017ce Ja jestem Pan, gdy wasze groby otworz\u0119 i z grob\u00f3w was wydob\u0119d\u0119, ludu m\u00f3j. Udziel\u0119 wam Mego ducha po to, by\u015bcie o\u017cyli\u201d. Te s\u0142owa zosta\u0142y zapisane w niewoli babilo\u0144skiej, kt\u00f3ra wed\u0142ug proroka Ezechiela by\u0142a kar\u0105 zes\u0142an\u0105 na Nar\u00f3d Wybrany za grzechy, szczeg\u00f3lnie grzechy ba\u0142wochwalstwa. Okres niewoli by\u0142 trudnym czasem dla ludu, wielu za\u0142amywa\u0142o si\u0119, traci\u0142o wiar\u0119, a s\u0142owa proroka, zapowiadaj\u0105ce odrodzenie Izraela mia\u0142y podnie\u015b\u0107 na duchu rodak\u00f3w. Jednak wizja prorocka Ezechiela przekracza wymiar doczesnej rzeczywisto\u015bci i kieruje uwag\u0119 na Boga, kt\u00f3ry otwiera groby i o\u017cywia cz\u0142owieka. Niekt\u00f3rzy Ojcowie Ko\u015bcio\u0142a interpretowali t\u0119 wizj\u0119 jako zapowied\u017a powszechnego zmartwychwstania, kt\u00f3ra wype\u0142ni si\u0119 w obietnicy Chrystusa o zmartwychwstaniu.<\/span><\/p>\n<p align=\"left\"><span style=\"font-size: large;\">Prawda o \u017cyciu i \u015bmierci staje przed nami w ca\u0142ej ostro\u015bci, gdy odwiedzamy cmentarze i zatrzymujemy si\u0119 przy grobach naszych bliskich. Wspominaj\u0105c wtedy najpi\u0119kniejsze chwile sp\u0119dzone z nimi nie jeste\u015bmy pogodzeni ze \u015bwiadomo\u015bci\u0105, \u017ce to wszystko mia\u0142oby bezpowrotnie przemin\u0105\u0107. Nieraz w oku pojawi si\u0119 \u0142za a serce przeszyje b\u00f3l. To jest takie normalne i ludzkie. Jednak na grobach naszych bliskich s\u0105 krzy\u017ce, przywo\u0142uj\u0105ce na pami\u0119\u0107 Chrystusa, kt\u00f3ry pokona\u0142 na krzy\u017cu \u015bmier\u0107 i trzeciego dnia zmartwychwsta\u0142. I tu w\u0142a\u015bnie rodzi si\u0119 nadzieja naszego zmartwychwstania. W pi\u0105t\u0105 niedziel\u0119 Wielkiego Postu, Chrystus prowadzi nas na cmentarz, aby tam, przy grobie \u0141azarza pouczy\u0107 nas o \u017cyciu i zmartwychwstaniu. Marta, op\u0142akuj\u0105ca brata wysz\u0142a na spotkanie Jezusa i jakby z wyrzutem, ale i nadziej\u0105 powiedzia\u0142a do Niego: \u201ePanie, gdyby\u015b tu by\u0142, m\u00f3j brat by nie umar\u0142. Lecz i teraz wiem, \u017ce B\u00f3g da Ci wszystko, o cokolwiek by\u015b prosi\u0142 Boga\u201d. Jezus jej odpowiedzia\u0142: \u201eBrat tw\u00f3j zmartwychwstanie\u201d. \u201eWiem, \u017ce zmartwychwstanie w czasie zmartwychwstania w dniu ostatecznym\u201d. <\/span><\/p>\n<p align=\"left\"><span style=\"font-size: large;\">Jednak oczekiwa\u0142a czego\u015b wi\u0119cej. Zapewne pragn\u0119\u0142a, aby jej brat tak jak dawniej, po pracowitym dniu wszed\u0142 do domu i usiad\u0142 razem ze wszystkimi do wsp\u00f3lnego posi\u0142ku. A mo\u017ce te\u017c oczekiwa\u0142a jakiego\u015b cudu, kt\u00f3ry umocni\u0142by jej wiar\u0119 w zmartwychwstanie.<\/span><\/p>\n<p align=\"left\"><span style=\"font-size: large;\">Jezus wychodz\u0105c naprzeciw oczekiwaniom zgromadzonego t\u0142umu przy grobie \u0141azarza uczyni\u0142 cud, kt\u00f3ry umocni\u0142 wiar\u0119 Marty . Jezus wskaza\u0142 tak\u017ce na siebie jako \u017ar\u00f3d\u0142o zmartwychwstania i \u017cycia wiecznego: \u201eJa jestem zmartwychwstaniem i \u017cyciem. Kto we Mnie wierzy, cho\u0107by i umar\u0142, \u017cy\u0107 b\u0119dzie. Ka\u017cdy, kto \u017cyje i wierzy we Mnie, nie umrze na wieki\u201d.<\/span><\/p>\n<p align=\"left\"><span style=\"font-size: large;\">I aby nie by\u0107 go\u0142os\u0142ownym, przyszed\u0142 do grobu, w kt\u00f3rym od czterech dni spoczywa\u0142 \u0141azarz i powiedzia\u0142: \u201e\u0141azarzu, wyjd\u017a na zewn\u0105trz!\u201d. I sta\u0142a si\u0119 rzecz niewyobra\u017calna. \u0141azarz na oczach licznych \u015bwiadk\u00f3w wyszed\u0142 z grobu. A\u017c trudno sobie wyobrazi\u0107, co si\u0119 dzia\u0142o w sercach naocznych \u015bwiadk\u00f3w tego wydarzenia. <\/span><\/p>\n<p align=\"left\"><span style=\"font-size: large;\">A zatem Jezus jest rzeczywi\u015bcie Panem \u017cycia i \u015bmierci. Stajemy si\u0119 uczestnikami zmartwychwstania Chrystusa, gdy uwierzymy Mu i przyjmiemy Go oraz wype\u0142nimy nim swoje \u017cycie. \u015awi\u0119ty Pawe\u0142 w li\u015bcie do Rzymian pisze: \u201eJe\u017celi natomiast Chrystus w was mieszka, cia\u0142o wprawdzie podlega \u015bmierci , duch jednak posiada \u017cycie na skutek usprawiedliwienia. <\/span><\/p>\n<p align=\"left\"><span style=\"font-size: large;\">Okres Wielkiego Postu to czas r\u00f3\u017cnych praktyk religijnych, kt\u00f3re otwieraj\u0105 nasze serca i dusze na Chrystusa. Wyciszenie wewn\u0119trzne, pobo\u017cna lektura Pisma \u015bwi\u0119tego, modlitwa,, to tylko niekt\u00f3re sposoby otwierania duszy na Chrystusa, kt\u00f3ry przez sw\u0105 obecno\u015b\u0107 w nas, staje si\u0119 naszym zmartwychwstaniem <\/span><\/p>\n","protected":false},"excerpt":{"rendered":"<p>Ewangelia pi\u0105tej niedzieli Wielkiego Postu pokazuje nam opowie\u015b\u0107 o wskrzeszeniu \u0141azarza, si\u00f3dmym znaku lub cudzie opowiedzianym nam przez \u015bwi\u0119tego Jana, ostatnim i najwi\u0119kszym spo\u015br\u00f3d nich, kt\u00f3ry objawia Jezusa jako pana \u017cycia i \u015bmierci. Ewangelia niejako zmusza nas do refleksji nad tajemnic\u0105 \u015bmierci. W perspektywie biblijnej nie jest ona ostatnim, tragicznym akordem w naszym \u017cyciu, ale momentem, kt\u00f3ry mo\u017ce zrodzi\u0107 owoc si\u0119gaj\u0105cy wieczno\u015bci. Oto w pi\u0119kny s\u0142oneczny dzie\u0144 m\u0142ody cz\u0142owiek jecha\u0142 ze swoimi dzie\u0107mi na pogrzeb \u017cony. Przeje\u017cd\u017caj\u0105c przez miasto zatrzymali si\u0119 na czerwonych \u015bwiat\u0142ach. Przed nimi sta\u0142a olbrzymia ci\u0119\u017car\u00f3wka. Po prawej stronie, na ziemi rozci\u0105ga\u0142 si\u0119 d\u0142ugi cie\u0144 ci\u0119\u017car\u00f3wki. Ojciec powiedzia\u0142 wtedy do dzieci: \u201ePopatrzcie na ten olbrzymi samoch\u00f3d oraz jego cie\u0144 i pomy\u015blcie, co bardziej mo\u017ce was zrani\u0107; uderzenie ci\u0119\u017car\u00f3wki, czy uderzenie jej cienia?\u201d Najm\u0142odszy syn odpowiedzia\u0142: \u201eCie\u0144 nikogo nie mo\u017ce zrani\u0107\u201d. \u201eS\u0142usznie \u2013 \u015bmier\u0107 jest jak ci\u0119\u017car\u00f3wka, ale w chrze\u015bcijanina uderza tylko jej cie\u0144. W Chrystusa uderzy\u0142a \u015bmier\u0107,&hellip;<\/p>\n<p> <a class=\"more-link\" href=\"http:\/\/www.franciszek-walcz.pl\/?p=23589\">Czytaj dalej<\/a><\/p>\n","protected":false},"author":1,"featured_media":0,"comment_status":"closed","ping_status":"closed","sticky":false,"template":"","format":"standard","meta":{"footnotes":""},"categories":[5],"tags":[],"class_list":{"0":"post-23589","1":"post","2":"type-post","3":"status-publish","4":"format-standard","6":"category-artykuly"},"brizy_media":[],"_links":{"self":[{"href":"http:\/\/www.franciszek-walcz.pl\/index.php?rest_route=\/wp\/v2\/posts\/23589","targetHints":{"allow":["GET"]}}],"collection":[{"href":"http:\/\/www.franciszek-walcz.pl\/index.php?rest_route=\/wp\/v2\/posts"}],"about":[{"href":"http:\/\/www.franciszek-walcz.pl\/index.php?rest_route=\/wp\/v2\/types\/post"}],"author":[{"embeddable":true,"href":"http:\/\/www.franciszek-walcz.pl\/index.php?rest_route=\/wp\/v2\/users\/1"}],"replies":[{"embeddable":true,"href":"http:\/\/www.franciszek-walcz.pl\/index.php?rest_route=%2Fwp%2Fv2%2Fcomments&post=23589"}],"version-history":[{"count":1,"href":"http:\/\/www.franciszek-walcz.pl\/index.php?rest_route=\/wp\/v2\/posts\/23589\/revisions"}],"predecessor-version":[{"id":23590,"href":"http:\/\/www.franciszek-walcz.pl\/index.php?rest_route=\/wp\/v2\/posts\/23589\/revisions\/23590"}],"wp:attachment":[{"href":"http:\/\/www.franciszek-walcz.pl\/index.php?rest_route=%2Fwp%2Fv2%2Fmedia&parent=23589"}],"wp:term":[{"taxonomy":"category","embeddable":true,"href":"http:\/\/www.franciszek-walcz.pl\/index.php?rest_route=%2Fwp%2Fv2%2Fcategories&post=23589"},{"taxonomy":"post_tag","embeddable":true,"href":"http:\/\/www.franciszek-walcz.pl\/index.php?rest_route=%2Fwp%2Fv2%2Ftags&post=23589"}],"curies":[{"name":"wp","href":"https:\/\/api.w.org\/{rel}","templated":true}]}}