{"id":2365,"date":"2018-11-24T11:33:09","date_gmt":"2018-11-24T10:33:09","guid":{"rendered":"http:\/\/www.franciszek-walcz.pl\/?p=2365"},"modified":"2018-11-24T11:33:24","modified_gmt":"2018-11-24T10:33:24","slug":"to-co-wieczne-trwa","status":"publish","type":"post","link":"http:\/\/www.franciszek-walcz.pl\/?p=2365","title":{"rendered":"TO, CO WIECZNE TRWA"},"content":{"rendered":"<p>S\u0142owo Bo\u017ce jest s\u0142owem, kt\u00f3re ma moc uratowa\u0107 cz\u0142owieka. Dzisiejsza Ewangelia nie jest wyj\u0105tkiem. A je\u015bli w spos\u00f3b barwny przedstawia sytuacj\u0119 kataklizmu i grozy, zapowiadaj\u0105c koniec czego\u015b, do czego przecie\u017c tak bardzo si\u0119 przyzwyczaili\u015bmy, zapominaj\u0105c o tym, \u017ce \u201enajwa\u017cniejsze jest niewidoczne dla oczu\u201d, to po to, by cz\u0142owiekiem wstrz\u0105sn\u0105\u0107, pobudzi\u0107 go do my\u015blenia, a przede wszystkim pom\u00f3c mu si\u0119 zbawi\u0107.<\/p>\n<p>Rok liturgiczny, kt\u00f3ry powoli dobiega ko\u0144ca uzmys\u0142awia nam, \u017ce pielgrzymowanie ziemskie czy to indywidualne, czy ca\u0142ej zbiorowo\u015bci ludzkiej r\u00f3wnie\u017c zmierza do kresu. To, co ziemskie i tylko doczesne przeminie, a pozostanie jedynie S\u0142owo, kt\u00f3re trwa wiecznie, kt\u00f3re \u201eby\u0142o na pocz\u0105tku\u201d i przez kt\u00f3re wszystko si\u0119 sta\u0142o. Wtedy objawi si\u0119 Ono na ob\u0142okach jako Syn Cz\u0142owieczy, a to, co przez Nie zosta\u0142o stworzone zostanie wstrz\u0105\u015bni\u0119te. Na tych, kt\u00f3rzy Go nie przyj\u0119li, padnie strach i trwoga, natomiast ci, kt\u00f3rzy byli Mu wierni \u201eb\u0119d\u0105 \u015bwieci\u0107 jak gwiazdy na wieki i na zawsze\u201d.<\/p>\n<h2>Koniec \u015bwiata, o kt\u00f3rym Chrystus m\u00f3wi dzisiaj otwarcie, nie b\u0119dzie czym\u015b strasznym dla \u201edzieci \u015bwiat\u0142o\u015bci\u201d. Przeciwnie, b\u0119dzie czym\u015b upragnionym, a t\u0119sknota za nim b\u0119dzie tym wi\u0119ksza im wi\u0119kszego do\u015bwiadcz\u0105 ucisku. Dla cz\u0142owieka wierz\u0105cego ten koniec jest pocz\u0105tkiem czego\u015b lepszego i trwa\u0142ego: \u201ezapisani w ksi\u0119dze \u017cycia dost\u0105pi\u0105 zbawienia\u201d. Dlatego ka\u017cde cierpienie, niezrozumienie czy umieranie po\u0142\u0105czone z Jezusem ma sens i zaowocuje \u015bwi\u0119to\u015bci\u0105.<\/h2>\n<p>ks. Marek Was\u0105g<\/p>\n","protected":false},"excerpt":{"rendered":"<p>S\u0142owo Bo\u017ce jest s\u0142owem, kt\u00f3re ma moc uratowa\u0107 cz\u0142owieka. Dzisiejsza Ewangelia nie jest wyj\u0105tkiem. A je\u015bli w spos\u00f3b barwny przedstawia sytuacj\u0119 kataklizmu i grozy, zapowiadaj\u0105c koniec czego\u015b, do czego przecie\u017c tak bardzo si\u0119 przyzwyczaili\u015bmy, zapominaj\u0105c o tym, \u017ce \u201enajwa\u017cniejsze jest niewidoczne dla oczu\u201d, to po to, by cz\u0142owiekiem wstrz\u0105sn\u0105\u0107, pobudzi\u0107 go do my\u015blenia, a przede wszystkim pom\u00f3c mu si\u0119 zbawi\u0107. Rok liturgiczny, kt\u00f3ry powoli dobiega ko\u0144ca uzmys\u0142awia nam, \u017ce pielgrzymowanie ziemskie czy to indywidualne, czy ca\u0142ej zbiorowo\u015bci ludzkiej r\u00f3wnie\u017c zmierza do kresu. To, co ziemskie i tylko doczesne przeminie, a pozostanie jedynie S\u0142owo, kt\u00f3re trwa wiecznie, kt\u00f3re \u201eby\u0142o na pocz\u0105tku\u201d i przez kt\u00f3re wszystko si\u0119 sta\u0142o. Wtedy objawi si\u0119 Ono na ob\u0142okach jako Syn Cz\u0142owieczy, a to, co przez Nie zosta\u0142o stworzone zostanie wstrz\u0105\u015bni\u0119te. Na tych, kt\u00f3rzy Go nie przyj\u0119li, padnie strach i trwoga, natomiast ci, kt\u00f3rzy byli Mu wierni \u201eb\u0119d\u0105 \u015bwieci\u0107 jak gwiazdy na wieki i na zawsze\u201d. Koniec&hellip;<\/p>\n<p> <a class=\"more-link\" href=\"http:\/\/www.franciszek-walcz.pl\/?p=2365\">Czytaj dalej<\/a><\/p>\n","protected":false},"author":1,"featured_media":0,"comment_status":"open","ping_status":"open","sticky":false,"template":"","format":"standard","meta":{"footnotes":""},"categories":[5],"tags":[],"class_list":{"0":"post-2365","1":"post","2":"type-post","3":"status-publish","4":"format-standard","6":"category-artykuly"},"brizy_media":[],"_links":{"self":[{"href":"http:\/\/www.franciszek-walcz.pl\/index.php?rest_route=\/wp\/v2\/posts\/2365","targetHints":{"allow":["GET"]}}],"collection":[{"href":"http:\/\/www.franciszek-walcz.pl\/index.php?rest_route=\/wp\/v2\/posts"}],"about":[{"href":"http:\/\/www.franciszek-walcz.pl\/index.php?rest_route=\/wp\/v2\/types\/post"}],"author":[{"embeddable":true,"href":"http:\/\/www.franciszek-walcz.pl\/index.php?rest_route=\/wp\/v2\/users\/1"}],"replies":[{"embeddable":true,"href":"http:\/\/www.franciszek-walcz.pl\/index.php?rest_route=%2Fwp%2Fv2%2Fcomments&post=2365"}],"version-history":[{"count":1,"href":"http:\/\/www.franciszek-walcz.pl\/index.php?rest_route=\/wp\/v2\/posts\/2365\/revisions"}],"predecessor-version":[{"id":2366,"href":"http:\/\/www.franciszek-walcz.pl\/index.php?rest_route=\/wp\/v2\/posts\/2365\/revisions\/2366"}],"wp:attachment":[{"href":"http:\/\/www.franciszek-walcz.pl\/index.php?rest_route=%2Fwp%2Fv2%2Fmedia&parent=2365"}],"wp:term":[{"taxonomy":"category","embeddable":true,"href":"http:\/\/www.franciszek-walcz.pl\/index.php?rest_route=%2Fwp%2Fv2%2Fcategories&post=2365"},{"taxonomy":"post_tag","embeddable":true,"href":"http:\/\/www.franciszek-walcz.pl\/index.php?rest_route=%2Fwp%2Fv2%2Ftags&post=2365"}],"curies":[{"name":"wp","href":"https:\/\/api.w.org\/{rel}","templated":true}]}}