{"id":23728,"date":"2023-04-07T14:13:20","date_gmt":"2023-04-07T12:13:20","guid":{"rendered":"http:\/\/www.franciszek-walcz.pl\/?p=23728"},"modified":"2023-04-07T14:15:12","modified_gmt":"2023-04-07T12:15:12","slug":"otwarte-serce","status":"publish","type":"post","link":"http:\/\/www.franciszek-walcz.pl\/?p=23728","title":{"rendered":"OTWARTE SERCE"},"content":{"rendered":"<p class=\"western\" align=\"left\"><span style=\"font-size: large;\"><i>Lecz kiedy podeszli do Jezusa i zobaczyli, \u017ce ju\u017c umar\u0142, nie \u0142amali Mu goleni, tylko jeden z \u017co\u0142nierzy w\u0142\u00f3czni\u0105 przebi\u0142 Mu bok i natychmiast wyp\u0142yn\u0119\u0142a krew i woda\u00a0<\/i><\/span><span style=\"font-size: large;\">(J 19, 34)<\/span><span style=\"font-size: large;\"><i>.<\/i><\/span><\/p>\n<p class=\"western\" align=\"left\">\u00a0\u00a0 <span style=\"font-size: large;\">Ca\u0142y Wielki Pi\u0105tek i liturgia M\u0119ki Pa\u0144skiej ma bogat\u0105 symbolik\u0119. Co roku wchodzimy na t\u0119 drog\u0119, co roku inaczej. Pomagamy sobie postem, modlitw\u0105, prac\u0105. Podczas s\u0142uchania opisu m\u0119ki Pa\u0144skiej wed\u0142ug \u015bwi\u0119tego Jana zatrzymujemy si\u0119 w chwili milczenia na Kalwarii.\u00a0Na s\u0142owa: \u201eI sk\u0142oniwszy g\u0142ow\u0119, wyzion\u0105\u0142 ducha\u201d (J 19, 30) wszyscy kl\u0119kaj\u0105 i przez chwil\u0119 zachowuj\u0105 milczenie. Po czym powstajemy\u00a0 i s\u0142yszymy jak po \u015bmierci Jezusa jeden z \u017co\u0142nierzy w\u0142\u00f3czni\u0105 przebija Mu bok. W\u0142\u00f3czni\u0105 otwiera serce. Ca\u0142a wielkopi\u0105tkowa droga zatrzymuje si\u0119 przed otwartym sercem Jezusa.<\/span><\/p>\n<p class=\"western\" align=\"left\">\u00a0\u00a0 <span style=\"font-size: large;\">W Jerozolimie w bazylice \u015bmierci i zmartwychwstania Chrystusa w dolnej jej cz\u0119\u015bci znajduje si\u0119 symboliczny gr\u00f3b Adama, pierwszego cz\u0142owieka. Tradycja tak go umie\u015bci\u0142a, \u017ce krew z otwartego boku Jezusa sp\u0142yn\u0119\u0142a po krzy\u017cu do wn\u0119trza ziemi i dotar\u0142a do czaszki Adama. W ten spos\u00f3b grzech Adama, grzech pierworodny zosta\u0142 obmyty krwi\u0105 Zbawiciela. Papie\u017c Franciszek w Roku mi\u0142osierdzia pisa\u0142: \u201eNigdzie moc owego mi\u0142osierdzia nie zaja\u015bnia\u0142a w takiej pe\u0142ni jak na Golgocie. To w\u0142a\u015bnie w otwartym Sercu Jezusa zamyka si\u0119, znajduje rozwi\u0105zanie dramat cz\u0142owieka rozpocz\u0119ty w rajskim ogrodzie\u201d.<\/span><\/p>\n<p class=\"western\" align=\"left\">\u00a0\u00a0 <span style=\"font-size: large;\">Jacek Woroniecki w biblijnych rozwa\u017caniach powie, \u017ce mi\u0142osierdzie Boga daje cz\u0142owiekowi wi\u0119cej ni\u017c potrzeba do naprawy, wi\u0119cej ni\u017c si\u0119 nale\u017cy. \u015aw. Augustyn i \u015bw. Tomasz powt\u00f3rz\u0105 my\u015bl, \u017ce serce Jezusa, otwarte po \u015bmierci, ju\u017c nigdy si\u0119 nie zagoi, zawsze b\u0119dzie dost\u0119pne, tak jak w momencie przebicia. \u015aw. Jan Chryzostom wyzna: \u201e\u017bo\u0142nierz otworzy\u0142 wej\u015bcie do \u015bwi\u0105tyni, a ja tam znalaz\u0142em cudowny skarb\u201d.<\/span><\/p>\n<p class=\"western\" align=\"left\">\u00a0\u00a0 <span style=\"font-size: large;\">Pod\u0105\u017cajmy zatem za \u015bwi\u0119tymi, aby czerpa\u0107 z otwartego Serca Jezusa. Na krzy\u017cu Mi\u0142o\u015b\u0107 rodzi Ko\u015bci\u00f3\u0142, Mi\u0142o\u015b\u0107 rodzi Sakramenty, Mi\u0142o\u015b\u0107 rodzi Chrzest i Eucharysti\u0119.<\/span><\/p>\n<p class=\"western\" align=\"left\">\u00a0 <span style=\"font-size: large;\">Otwarte Serce Jezusa zaprasza, aby do niego si\u0119 dzisiaj przybli\u017cy\u0107, a mo\u017ce nawet wej\u015b\u0107 do tej szczeg\u00f3lnej \u015bwi\u0105tyni. Rozpi\u0119to\u015b\u0107 tego serca obejmuje ca\u0142\u0105 ludzko\u015b\u0107. Serce Jezusa Chrystusa to serce Syna Bo\u017cego i serce Syna Cz\u0142owieczego. Serce Syna Bo\u017cego by\u0142o zawsze najbli\u017cej serca Ojca. Serce Syna Cz\u0142owieczego na krzy\u017cu oddali\u0142o si\u0119 na sam horyzont ludzkiego odej\u015bcia poprzez grzech. To z tego kra\u0144ca ludzkiego odej\u015bcia, b\u00f3lu i buntu Jezus wo\u0142a przed \u015bmierci\u0105:\u00a0<\/span><span style=\"font-size: large;\"><i>Bo\u017ce m\u00f3j, Bo\u017ce m\u00f3j, czemu\u015b mnie opu\u015bci\u0142?\u00a0<\/i><\/span><span style=\"font-size: large;\">(Mt 27, 46). <\/span><\/p>\n<p class=\"western\" align=\"left\"><span style=\"font-size: large;\">Nie ma wi\u0119kszej rozpi\u0119to\u015bci serca pomi\u0119dzy Bogiem i cz\u0142owiekiem, nie ma wi\u0119kszego rozdarcia ludzkiego serca. Nie ma te\u017c szerszego otwarcia Bo\u017cego serca dla cz\u0142owieka!<\/span><\/p>\n<p class=\"western\" align=\"left\">\u00a0\u00a0 <span style=\"font-size: large;\">Kardyna\u0142 Ravasi, chc\u0105c ukaza\u0107 rozpi\u0119to\u015b\u0107 serca Jezusa i Maryi stoj\u0105cej pod krzy\u017cem, cytuje strofy wiersza w\u0142oskiego poety, Jakuba z Todi. \u017by\u0142 w XIII wieku, g\u0142\u0119boko prze\u017cy\u0142 \u015bmier\u0107 swojej umi\u0142owanej \u017cony. Po jej \u015bmierci zosta\u0142 bratem w zakonie franciszkan\u00f3w. W jednym z wierszy rozwija rozmow\u0119 Jezusa z Matk\u0105. W jego wierszu Matka, Maryja wyznaje Jezusowi, \u017ce chce razem z Nim umrze\u0107 na Kalwarii. Jezus odpowiada: \u201eMamo, w lamencie ca\u0142a\/ chc\u0119, by\u015b pozosta\u0142a, by\u015b uczni\u00f3w zachowa\u0142a,\/ com na \u015bwiecie zdobywa\u0142\/. (\u2026) Mamo rozdarta w m\u0119ce, daj\u0119 Ci\u0119 w Jana r\u0119ce,\/ kt\u00f3regom kocha\u0142 wi\u0119cej:\/ jako syna we\u017a Twego. Janie,\/ to Matka moja, przygarnij J\u0105 jak twoj\u0105.\/ Miej mi\u0142o\u015b\u0107 dla Niej w znoju,\/ dla serca przebitego.<\/span><\/p>\n<p class=\"western\" align=\"left\">\u00a0\u00a0 <span style=\"font-size: large;\">Jezus rozszerza serce swojej Matki. Do tej pory obejmowa\u0142o tylko Jego \u017cycie. Teraz zadanie jest wi\u0119ksze, trzeba obj\u0105\u0107 Jana, a z nim ca\u0142y Ko\u015bci\u00f3\u0142.<\/span><\/p>\n<p class=\"western\" align=\"left\">\u00a0\u00a0 <span style=\"font-size: large;\">Jakie s\u0105 dzisiaj ludzkie serca? Kiedy patrzymy na otwarte Serce Jezusa, pytamy o nasze serce, na ile jest otwarte, zdolne do mi\u0142o\u015bci? Papie\u017c Franciszek m\u00f3wi, \u017ce w dzisiejszym \u015bwiecie pojawi\u0142o si\u0119 zjawisko egolatrii, ub\u00f3stwienia w\u0142asnego ego, w\u0142asne \u201eja\u201d staje si\u0119 bo\u017ckiem.<\/span><\/p>\n<p class=\"western\" align=\"left\">\u00a0 <span style=\"font-size: large;\">Ludzkie serca s\u0105 cz\u0119sto zamkni\u0119te. Co je zamyka? Nasze serce zamyka gniew, nasze serce zamyka zawi\u015b\u0107, nasze serce zamyka nienawi\u015b\u0107 drugiego cz\u0142owieka, jego pogl\u0105d\u00f3w politycznych. Tak du\u017co w naszym \u015bwiecie jest zamkni\u0119tych serc. Dzieci zamykaj\u0105 serca nawet dla swoich rodzic\u00f3w, nie m\u00f3wi\u0105c ju\u017c o wielu m\u0142odych, kt\u00f3rzy wr\u0119cz wyrzucili ze swych serc obecno\u015b\u0107 matki, ojca. Oddali serca anonimowym pogl\u0105dom kom\u00f3rkowych sieci i doznaj\u0105 nieznanego dot\u0105d zamkni\u0119cia w bezradnej samotno\u015bci.<\/span><\/p>\n<p class=\"western\" align=\"left\"><a name=\"_GoBack\"><\/a> \u00a0\u00a0 <span style=\"font-size: large;\">Dzisiaj Jezus szczeg\u00f3lnie chce pokaza\u0107 Swoje serce. Zaprasza nas pod Krzy\u017c. Niech ten\u00a0 krzy\u017c wisz\u0105cy na \u015bcianach naszych mieszka\u0144, by\u0107 mo\u017ce na co dzie\u0144 zapomniany, dzisiaj w spos\u00f3b szczeg\u00f3lny b\u0119dzie adorowany. Niech czytany w domach opis m\u0119ki Pa\u0144skiej wg \u015bw. Jana, \u015bwiadka tamtych wydarze\u0144, zach\u0119ci nas do refleksji i wdzi\u0119cznej modlitwy za dar odkupienia i zbawienia.\u00a0\u00a0 Jezus dzisiaj otwiera Swoje\u00a0 Serce!!! . A co zrobi\u0119 z moim\u2026?<\/span><\/p>\n","protected":false},"excerpt":{"rendered":"<p>Lecz kiedy podeszli do Jezusa i zobaczyli, \u017ce ju\u017c umar\u0142, nie \u0142amali Mu goleni, tylko jeden z \u017co\u0142nierzy w\u0142\u00f3czni\u0105 przebi\u0142 Mu bok i natychmiast wyp\u0142yn\u0119\u0142a krew i woda\u00a0(J 19, 34). \u00a0\u00a0 Ca\u0142y Wielki Pi\u0105tek i liturgia M\u0119ki Pa\u0144skiej ma bogat\u0105 symbolik\u0119. Co roku wchodzimy na t\u0119 drog\u0119, co roku inaczej. Pomagamy sobie postem, modlitw\u0105, prac\u0105. Podczas s\u0142uchania opisu m\u0119ki Pa\u0144skiej wed\u0142ug \u015bwi\u0119tego Jana zatrzymujemy si\u0119 w chwili milczenia na Kalwarii.\u00a0Na s\u0142owa: \u201eI sk\u0142oniwszy g\u0142ow\u0119, wyzion\u0105\u0142 ducha\u201d (J 19, 30) wszyscy kl\u0119kaj\u0105 i przez chwil\u0119 zachowuj\u0105 milczenie. Po czym powstajemy\u00a0 i s\u0142yszymy jak po \u015bmierci Jezusa jeden z \u017co\u0142nierzy w\u0142\u00f3czni\u0105 przebija Mu bok. W\u0142\u00f3czni\u0105 otwiera serce. Ca\u0142a wielkopi\u0105tkowa droga zatrzymuje si\u0119 przed otwartym sercem Jezusa. \u00a0\u00a0 W Jerozolimie w bazylice \u015bmierci i zmartwychwstania Chrystusa w dolnej jej cz\u0119\u015bci znajduje si\u0119 symboliczny gr\u00f3b Adama, pierwszego cz\u0142owieka. Tradycja tak go umie\u015bci\u0142a, \u017ce krew z otwartego boku Jezusa sp\u0142yn\u0119\u0142a po krzy\u017cu do wn\u0119trza ziemi&hellip;<\/p>\n<p> <a class=\"more-link\" href=\"http:\/\/www.franciszek-walcz.pl\/?p=23728\">Czytaj dalej<\/a><\/p>\n","protected":false},"author":1,"featured_media":0,"comment_status":"closed","ping_status":"closed","sticky":false,"template":"","format":"standard","meta":{"footnotes":""},"categories":[1],"tags":[],"class_list":{"0":"post-23728","1":"post","2":"type-post","3":"status-publish","4":"format-standard","6":"category-uncategorized"},"brizy_media":[],"_links":{"self":[{"href":"http:\/\/www.franciszek-walcz.pl\/index.php?rest_route=\/wp\/v2\/posts\/23728","targetHints":{"allow":["GET"]}}],"collection":[{"href":"http:\/\/www.franciszek-walcz.pl\/index.php?rest_route=\/wp\/v2\/posts"}],"about":[{"href":"http:\/\/www.franciszek-walcz.pl\/index.php?rest_route=\/wp\/v2\/types\/post"}],"author":[{"embeddable":true,"href":"http:\/\/www.franciszek-walcz.pl\/index.php?rest_route=\/wp\/v2\/users\/1"}],"replies":[{"embeddable":true,"href":"http:\/\/www.franciszek-walcz.pl\/index.php?rest_route=%2Fwp%2Fv2%2Fcomments&post=23728"}],"version-history":[{"count":1,"href":"http:\/\/www.franciszek-walcz.pl\/index.php?rest_route=\/wp\/v2\/posts\/23728\/revisions"}],"predecessor-version":[{"id":23732,"href":"http:\/\/www.franciszek-walcz.pl\/index.php?rest_route=\/wp\/v2\/posts\/23728\/revisions\/23732"}],"wp:attachment":[{"href":"http:\/\/www.franciszek-walcz.pl\/index.php?rest_route=%2Fwp%2Fv2%2Fmedia&parent=23728"}],"wp:term":[{"taxonomy":"category","embeddable":true,"href":"http:\/\/www.franciszek-walcz.pl\/index.php?rest_route=%2Fwp%2Fv2%2Fcategories&post=23728"},{"taxonomy":"post_tag","embeddable":true,"href":"http:\/\/www.franciszek-walcz.pl\/index.php?rest_route=%2Fwp%2Fv2%2Ftags&post=23728"}],"curies":[{"name":"wp","href":"https:\/\/api.w.org\/{rel}","templated":true}]}}