{"id":23742,"date":"2023-04-07T14:16:04","date_gmt":"2023-04-07T12:16:04","guid":{"rendered":"http:\/\/www.franciszek-walcz.pl\/?p=23742"},"modified":"2023-04-07T14:16:04","modified_gmt":"2023-04-07T12:16:04","slug":"wielka-sobota","status":"publish","type":"post","link":"http:\/\/www.franciszek-walcz.pl\/?p=23742","title":{"rendered":"Wielka Sobota"},"content":{"rendered":"<p class=\"western\"><span style=\"font-size: large;\">Przez ca\u0142y dzie\u0144 w Wielk\u0105 Sobot\u0119 adorujemy Chrystusa z\u0142o\u017conego w grobie. Przychodzimy do \u015bwi\u0105tyni po\u015bwieci\u0107 pokarmy przygotowane do spo\u017cycia podczas uroczystego \u015bniadania w Niedziel\u0119 Zmartwychwstania. Przygotowujemy si\u0119 i oczekujemy tej najwa\u017cniejszej w dziejach ludzko\u015bci nocy \u2013 Wielkiej Nocy, kt\u00f3r\u0105 rozpocznie sprawowana p\u00f3\u017anym wieczorem uroczysta Liturgia Wigilii Paschalnej.<\/span><\/p>\n<p class=\"western\"><span style=\"font-size: large;\">Wigilia Paschalna rozpoczyna si\u0119 w mroku Wielkiej Soboty &#8211; Liturgi\u0105 \u015awiat\u0142a. Poza \u015bwi\u0105tyni\u0105 rozpalane jest ognisko, przy kt\u00f3rym kap\u0142an dokonuje uroczystego po\u015bwi\u0119cenia ognia, od kt\u00f3rego zapalany jest Pascha\u0142 naznaczony znakiem krzy\u017ca. Ogie\u0144 symbolizuje \u015bwiat\u0142o, a zapalony Pascha\u0142, kt\u00f3ry pod\u0105\u017ca na przodzie procesji obrazuje Chrystusa roz\u015bwietlaj\u0105cego mrok, w kt\u00f3rym rozpoczyna\u0142a si\u0119 Wigilia Paschalna. Po wprowadzeniu do \u015bwi\u0105tyni i umieszczeniu Pascha\u0142u w widocznym miejscu nast\u0119puje uroczyste od\u015bpiewanie Or\u0119dzia Wielkanocnego, b\u0119d\u0105cego pie\u015bni\u0105 pochwaln\u0105 Boga Ojca i Jego Syna, kt\u00f3ry jest \u201e\u015awiat\u0142o\u015bci\u0105 \u015awiata\u201d.<\/span><\/p>\n<p class=\"western\"><span style=\"font-size: large;\">Wyj\u0105tkowym wydarzeniem jest r\u00f3wnie\u017c nast\u0119puj\u0105ca po Liturgii \u015awiat\u0142a niecodzienna Liturgia S\u0142owa, na kt\u00f3r\u0105 sk\u0142ada si\u0119 siedem czyta\u0144 ze Starego Testamentu oraz dwa czytania z Nowego Testamentu (w niekt\u00f3rych okoliczno\u015bciach cz\u0119\u015b\u0107 z nich mo\u017cna pomin\u0105\u0107). Pe\u0142ny zestaw tekst\u00f3w przybli\u017ca nam ca\u0142\u0105 histori\u0119 opieki, kt\u00f3r\u0105 B\u00f3g sprawuje nad cz\u0142owiekiem. Od stworzenia \u015bwiata przez przymierze zawarte z Abrahamem, wyprowadzenie narodu wybranego z Egiptu, utwierdzanie i trwanie w przymierzu Boga i cz\u0142owieka a\u017c do odkupienia cz\u0142owieka przez \u015bmier\u0107 i Zmartwychwstanie Syna Bo\u017cego. Po zako\u0144czeniu cz\u0119\u015bci starotestamentalnej zapalane s\u0105 \u015bwiece na o\u0142tarzu i wybrzmiewa hymn \u201eChwa\u0142a na wysoko\u015bci Bogu\u201d, podczas kt\u00f3rego rozlegaj\u0105 si\u0119 na powr\u00f3t wszystkie dzwony, wkraczamy w radosny nastr\u00f3j Niedzieli Zmartwychwstania. Po odczytaniu fragmentu nowego testamentu kap\u0142an intonuje \u015bpiew \u201eAlleluja\u201d, kt\u00f3ry powtarzaj\u0105 wszyscy wierni, po czym nast\u0119puje odczytanie fragmentu Ewangelii o tym, \u017ce gr\u00f3b jest ju\u017c pusty.<\/span><\/p>\n<p class=\"western\"><span style=\"font-size: large;\">Liturgia S\u0142owa przygotowuje nas do kolejnej wa\u017cnej cz\u0119\u015bci tej uroczysto\u015bci \u2013 Liturgii Chrzcielnej, podczas kt\u00f3rej wszyscy wierni odnawiaj\u0105 przyrzeczenia chrzcielne przypominaj\u0105c sobie swoje osobiste przymierze, jakie zawarli z Bogiem w tym sakramencie. Wspominaj\u0105 ile dzi\u0119ki temu zyskali, ale r\u00f3wnie\u017c jakie obowi\u0105zki na siebie przyj\u0119li. Odnowienie przyrzecze\u0144 chrzcielnych poprzedza b\u0142ogos\u0142awie\u0144stwo wody chrzcielnej, kt\u00f3ra pos\u0142u\u017cy do pokropieni wiernych na zako\u0144czenie tej liturgii <\/span><span style=\"font-size: large;\">oraz b\u0119dzie u\u017cywana przez ca\u0142y rok w \u015bwi\u0105tyni. B\u0119dzie j\u0105 te\u017c mo\u017cna zabra\u0107 do dom\u00f3w po zako\u0144czeniu Wigilii Paschalnej.<\/span><\/p>\n<p class=\"western\"><span style=\"font-size: large;\">Ca\u0142o\u015b\u0107 uroczysto\u015bci dope\u0142nia Liturgia Eucharystyczna, po zako\u0144czeniu kt\u00f3rej nast\u0119puje wystawienie Naj\u015bwi\u0119tszego Sakramentu i podnios\u0142a procesja Rezurekcyjna (mo\u017cna j\u0105 przenie\u015b\u0107 na Poranek Wielkanocny), maj\u0105ca og\u0142osi\u0107 ca\u0142emu \u015bwiatu triumf Chrystusa Zmartwychwsta\u0142ego. Procesj\u0119 prowadzi Krzy\u017c ozdobiony czerwon\u0105 stu\u0142\u0105 oraz figurka Zmartwychwsta\u0142ego. Najlepiej, je\u017celi procesja okr\u0105\u017ca \u015bwi\u0105tyni\u0119 trzy razy po czym wraca do g\u0142\u00f3wnego o\u0142tarza gdzie uroczysto\u015bci ko\u0144czy uwielbienie Boga w hymnie \u201eCiebie Boga wys\u0142awiamy\u201d oraz b\u0142ogos\u0142awie\u0144stwo Naj\u015bwi\u0119tszym Sakramentem.<\/span><\/p>\n<p class=\"western\"><span style=\"font-size: large;\">Tak rozpoczyna si\u0119 Niedziela Zmartwychwstania &#8211; okres rado\u015bci i \u015bwi\u0119towania. Przy wielkanocnym stole pami\u0119tajmy o Zwyci\u0119zcy \u015bmierci, piek\u0142a i szatana oraz wdzi\u0119czno\u015bci Bogu za to, \u017ce \u201e(\u2026)tak umi\u0142owa\u0142 \u015bwiat \u017ce Syna Swego Jednorodzonego da\u0142, aby ka\u017cdy kto w niego wierzy, nie zgina\u0142, ale mia\u0142 \u017cycie wieczne\u201d (J 3,16).<\/span><\/p>\n","protected":false},"excerpt":{"rendered":"<p>Przez ca\u0142y dzie\u0144 w Wielk\u0105 Sobot\u0119 adorujemy Chrystusa z\u0142o\u017conego w grobie. Przychodzimy do \u015bwi\u0105tyni po\u015bwieci\u0107 pokarmy przygotowane do spo\u017cycia podczas uroczystego \u015bniadania w Niedziel\u0119 Zmartwychwstania. Przygotowujemy si\u0119 i oczekujemy tej najwa\u017cniejszej w dziejach ludzko\u015bci nocy \u2013 Wielkiej Nocy, kt\u00f3r\u0105 rozpocznie sprawowana p\u00f3\u017anym wieczorem uroczysta Liturgia Wigilii Paschalnej. Wigilia Paschalna rozpoczyna si\u0119 w mroku Wielkiej Soboty &#8211; Liturgi\u0105 \u015awiat\u0142a. Poza \u015bwi\u0105tyni\u0105 rozpalane jest ognisko, przy kt\u00f3rym kap\u0142an dokonuje uroczystego po\u015bwi\u0119cenia ognia, od kt\u00f3rego zapalany jest Pascha\u0142 naznaczony znakiem krzy\u017ca. Ogie\u0144 symbolizuje \u015bwiat\u0142o, a zapalony Pascha\u0142, kt\u00f3ry pod\u0105\u017ca na przodzie procesji obrazuje Chrystusa roz\u015bwietlaj\u0105cego mrok, w kt\u00f3rym rozpoczyna\u0142a si\u0119 Wigilia Paschalna. Po wprowadzeniu do \u015bwi\u0105tyni i umieszczeniu Pascha\u0142u w widocznym miejscu nast\u0119puje uroczyste od\u015bpiewanie Or\u0119dzia Wielkanocnego, b\u0119d\u0105cego pie\u015bni\u0105 pochwaln\u0105 Boga Ojca i Jego Syna, kt\u00f3ry jest \u201e\u015awiat\u0142o\u015bci\u0105 \u015awiata\u201d. Wyj\u0105tkowym wydarzeniem jest r\u00f3wnie\u017c nast\u0119puj\u0105ca po Liturgii \u015awiat\u0142a niecodzienna Liturgia S\u0142owa, na kt\u00f3r\u0105 sk\u0142ada si\u0119 siedem czyta\u0144 ze Starego Testamentu oraz dwa czytania z&hellip;<\/p>\n<p> <a class=\"more-link\" href=\"http:\/\/www.franciszek-walcz.pl\/?p=23742\">Czytaj dalej<\/a><\/p>\n","protected":false},"author":1,"featured_media":0,"comment_status":"closed","ping_status":"closed","sticky":false,"template":"","format":"standard","meta":{"footnotes":""},"categories":[5],"tags":[],"class_list":{"0":"post-23742","1":"post","2":"type-post","3":"status-publish","4":"format-standard","6":"category-artykuly"},"brizy_media":[],"_links":{"self":[{"href":"http:\/\/www.franciszek-walcz.pl\/index.php?rest_route=\/wp\/v2\/posts\/23742","targetHints":{"allow":["GET"]}}],"collection":[{"href":"http:\/\/www.franciszek-walcz.pl\/index.php?rest_route=\/wp\/v2\/posts"}],"about":[{"href":"http:\/\/www.franciszek-walcz.pl\/index.php?rest_route=\/wp\/v2\/types\/post"}],"author":[{"embeddable":true,"href":"http:\/\/www.franciszek-walcz.pl\/index.php?rest_route=\/wp\/v2\/users\/1"}],"replies":[{"embeddable":true,"href":"http:\/\/www.franciszek-walcz.pl\/index.php?rest_route=%2Fwp%2Fv2%2Fcomments&post=23742"}],"version-history":[{"count":1,"href":"http:\/\/www.franciszek-walcz.pl\/index.php?rest_route=\/wp\/v2\/posts\/23742\/revisions"}],"predecessor-version":[{"id":23743,"href":"http:\/\/www.franciszek-walcz.pl\/index.php?rest_route=\/wp\/v2\/posts\/23742\/revisions\/23743"}],"wp:attachment":[{"href":"http:\/\/www.franciszek-walcz.pl\/index.php?rest_route=%2Fwp%2Fv2%2Fmedia&parent=23742"}],"wp:term":[{"taxonomy":"category","embeddable":true,"href":"http:\/\/www.franciszek-walcz.pl\/index.php?rest_route=%2Fwp%2Fv2%2Fcategories&post=23742"},{"taxonomy":"post_tag","embeddable":true,"href":"http:\/\/www.franciszek-walcz.pl\/index.php?rest_route=%2Fwp%2Fv2%2Ftags&post=23742"}],"curies":[{"name":"wp","href":"https:\/\/api.w.org\/{rel}","templated":true}]}}