{"id":23820,"date":"2023-04-08T12:35:42","date_gmt":"2023-04-08T10:35:42","guid":{"rendered":"http:\/\/www.franciszek-walcz.pl\/?p=23820"},"modified":"2023-04-08T12:35:42","modified_gmt":"2023-04-08T10:35:42","slug":"wielkanocna-radosc","status":"publish","type":"post","link":"http:\/\/www.franciszek-walcz.pl\/?p=23820","title":{"rendered":"WIELKANOCNA RADO\u015a\u0106"},"content":{"rendered":"<p>Prze\u017cywamy Wielkanoc , kt\u00f3ra jest najwa\u017cniejszym, najstarszym i najbardziej radosnym \u015bwi\u0119tem chrze\u015bcija\u0144skim. Ca\u0142y rok liturgiczny jest przygotowaniem do tego dnia. Chrze\u015bcijanie od samych pocz\u0105tk\u00f3w czcili pami\u0105tk\u0119 zmartwychwstania Chrystusa.<\/p>\n<p>Wiemy, \u017ce Chrystus powsta\u0142 z martwych w pierwszy dzie\u0144 po szabacie, a wi\u0119c z soboty na niedziel\u0119. W pierwszych wiekach by\u0142 problem z ustaleniem konkretnego dnia zmartwychwstania. St\u0105d te\u017c Sob\u00f3r Nicejski w roku 325 postanowi\u0142, \u017ce odt\u0105d Pasch\u0119 chrze\u015bcija\u0144sk\u0105 obchodzi\u0107 si\u0119 b\u0119dzie w niedziel\u0119 po pierwszej pe\u0142ni ksi\u0119\u017cyca, zaraz po zr\u00f3wnaniu wiosennym.. A zatem najwcze\u015bniejszy mo\u017cliwy termin Wielkanocy wypada na 22 marca. Zdarzy\u0142o to si\u0119 w roku 1918 i ponownie zdarzy si\u0119 w roku 2285. Najp\u00f3\u017aniejszy mo\u017cliwy termin to 25 kwietnia, ostatnio w roku 1943, powt\u00f3rzy si\u0119 za\u015b w roku 2038.<\/p>\n<p>wielkanocna rado\u015b\u0107 zaczyna si\u0119 ju\u017c w Wielk\u0105 Sobot\u0119 rano.. T\u0119 od\u015bwi\u0119tno\u015b\u0107 mo\u017cna zauwa\u017cy\u0107 na zewn\u0105trz, wyziera ona z ka\u017cdego zak\u0105tka domu.. O wyznaczonej godzinie wszyscy z koszykami w r\u0119ku id\u0105 na po\u015bwiecenie pokarm\u00f3w. Kap\u0142an odmawia\u0142 modlitwy i kropi\u0142 \u015bwiecon\u0105 wod\u0105 odkryte koszyki pe\u0142ne pokarm\u00f3w. W s\u0142owach, jakie kieruje do wiernych wskazywa\u0142 na religijny charakter tego typowo polskiego obrz\u0119du.<\/p>\n<p>Wspomina, \u017ce Jezus przed \u015bmierci\u0105 kaza\u0142 uczniom przygotowa\u0107 paschaln\u0105 wieczerz\u0119, w dzie\u0144 Zmartwychwstania przyj\u0105\u0142 zaproszenie dw\u00f3ch uczni\u00f3w i zasiad\u0142 z nimi do sto\u0142u, a p\u00f3\u017anym wieczorem przyszed\u0142 do Aposto\u0142\u00f3w, aby spo\u017cywa\u0107 z nimi posi\u0142ek.<\/p>\n<p>A zatem nasz \u015bwi\u0105teczny posi\u0142ek jest upami\u0119tnieniem i niejako kontynuacj\u0105, tamtych spotka\u0144. Zmartwychwsta\u0142y Chrystus jest obecny w\u015br\u00f3d nas, gdy zasiadamy do wielkanocnego sto\u0142u. Po\u015bwi\u0119cony chleb jest pami\u0105tk\u0105 chleba, kt\u00f3ry Jezus po swoim zmartwychwstaniu przygotowa\u0142 nad jeziorem dla swych uczni\u00f3w, oraz pami\u0105tk\u0105 chleba, kt\u00f3ry staje si\u0119 Cia\u0142em Chrystusa w Komunii \u015awi\u0119tej. Jajka s\u0105 symbolem nowego \u017cycia, kt\u00f3re bierze sw\u00f3j pocz\u0105tek w Chrystusie. Dziel\u0105c si\u0119 jajkiem chcemy dzieli\u0107 si\u0119 tym \u017cyciem z innymi. Pozosta\u0142e pokarmy s\u0105 pami\u0105tk\u0105 baranka paschalnego i innych potraw, kt\u00f3re Jezus spo\u017cywa\u0142 z Aposto\u0142ami w czasie Ostatniej Wieczerzy.<\/p>\n<p>W taki to spos\u00f3b polski zwyczaj przybli\u017ca nam tajemnic\u0119 \u015bwi\u0105t Wielkanocnych.<\/p>\n<p>W ten poranek cofamy si\u0119 my\u015bl\u0105 prawie dwa tysi\u0105ce lat wstecz i przenosimy si\u0119 do Jerozolimy, do Grobu Jezusa, do kt\u00f3rego w \u015bwitem, w pierwszy dzie\u0144 po szabacie zd\u0105\u017ca\u0142y kobiety. By\u0142y one \u015bwiadkami pustego grobu Jezusa i widzia\u0142y anio\u0142a, kt\u00f3ry oznajmi\u0142 im zmartwychwstanie Chrystusa, widzia\u0142y tak\u017ce samego Chrystusa, kt\u00f3ry ukaza\u0142 si\u0119 im i jak i te\u017c swoim uczniom.<\/p>\n<p>Mo\u017cna im pozazdro\u015bci\u0107 tej \u0142aski. My nie widzieli\u015bmy, ale wierzymy. Nasza wiara w zmartwychwstanie Chrystusa opiera si\u0119 na fakcie pustego grobu, \u015bwiadectwie naocznych \u015bwiadk\u00f3w, s\u0142owach Pisma \u015bwi\u0119tego, naszej refleksji i \u0142asce otrzymanej od Boga.<\/p>\n<p>Ma\u0142y ch\u0142opiec wraz ze swoim dziadkiem puszcza\u0142 latawca. Latawiec szybowa\u0142 wysoko na niebie, gdy nagle nadci\u0105gn\u0119\u0142a chmura i latawiec znik\u0142 im z oczu. Po kilku minutach dziadek m\u00f3wi do wnuka: \u201eTomku, mo\u017ce z\u0142odziej ukrad\u0142 ci w chmurach latawca\u201d &#8211; jak ty mo\u017cesz mie\u0107 pewno\u015b\u0107, \u017ce na ko\u0144cu twego sznurka jest nadal uczepiony latawiec?\u201d Ch\u0142opiec odpowiedzia\u0142: \u201ePoniewa\u017c ja czuj\u0119 jak latawiec szarpie m\u00f3j sznurek\u201d.<\/p>\n<p>Id\u0105c w procesji wielkanocnej czujemy nadprzyrodzone \u201eszarpni\u0119cie\u201d z nieba i dlatego radujemy si\u0119 i pozdrawiamy wzajemnie: \u201eChrystus zmartwychwsta\u0142- prawdziwie zmartwychwsta\u0142\u201d.<\/p>\n<p>La Reveilhere- Lepeaux (1743-1824), jeden z przyw\u00f3dc\u00f3w rewolucji francuskiej, postanowi\u0142 stworzy\u0107 now\u0105 religi\u0119 republika\u0144sk\u0105. S\u0105dzi\u0142, \u017ce uda\u0142o mu si\u0119 stworzy\u0107 doskona\u0142\u0105 religi\u0119. Jednak nowa religia nie znalaz\u0142a wielu zwolennik\u00f3w. Skar\u017cy\u0142 si\u0119 swym kolegom, \u017ce jego religia nie rozwija si\u0119 tak jak chrze\u015bcija\u0144stwo. Jeden z nich odpowiedzia\u0142 mu: \u201eDaj si\u0119 ukrzy\u017cowa\u0107, przez trzy dni pozosta\u0144 w grobie, a potem zmartwychwsta\u0144, a zobaczysz ilu znajdziesz zwolennik\u00f3w\u201d .<\/p>\n<p>Nasza wiara zasadza si\u0119 na fakcie pustego grobu Jezusa. Jednak w umacnianiu wielkanocnej wiary w zmartwychwstanie, najwa\u017cniejsze s\u0105 nasze spotkania z Chrystusem, kt\u00f3ry jest obecny po\u015br\u00f3d nas na r\u00f3\u017cnorakie sposoby. Najbardziej realn\u0105 form\u0119 swojej obecno\u015bci pozostawi\u0142 nam Jezus w czasie Ostatniej Wieczerzy. Pozosta\u0142 z nami pod postaciami Eucharystycznymi. St\u0105d te\u017c tak wa\u017cne jest uczestnictwo we Mszy \u015bwi\u0119tej.<\/p>\n<p>Wielkanoc to tak\u017ce \u015bwi\u0119to nadziei. Chrystus zmartwychwsta\u0142 jako pierwszy. My r\u00f3wnie\u017c zmartwychwstaniemy. Nie jeste\u015bmy tylko istotami biologicznymi, kt\u00f3rych byt ko\u0144czy si\u0119 wraz ze \u015bmierci\u0105.<\/p>\n<p>Jeste\u015bmy osobami, w kt\u00f3rych odbity jest duchowy obraz i pi\u0119kno Boga. B\u00f3g jest nie\u015bmiertelny. My r\u00f3wnie\u017c mamy udzia\u0142 w wieczno\u015bci.<\/p>\n<p>Zmartwychwstanie jest wiecznym \u017cyciem. Dlatego jeden z teolog\u00f3w nazwa\u0142 Wielkanoc \u201ezrywem ku \u017cyciu\u201d.<\/p>\n<p>W Wielkanoc sk\u0142adamy sobie \u017cyczenia radosnych \u015bwi\u0105t. Rosyjski \u015bwi\u0119ty Serafin z Sarowa przebywa\u0142 przez wiele lat na pustkowiu.<\/p>\n<p>W tym czasie nie rozmawia\u0142 z nikim, nawet z zakonnikami, kt\u00f3rzy przynosili mu czasem po\u017cywienie. Po wielu latach modlitwy i ca\u0142kowitego milczenia, poczu\u0142, \u017ce B\u00f3g posy\u0142a go do wsp\u00f3\u0142braci do klasztoru i do ludzi.<\/p>\n<p>Wiele os\u00f3b s\u0142ysza\u0142o o jego \u015bwi\u0105tobliwym \u017cyciu i przychodzi\u0142o, by prosi\u0107 go o rad\u0119. \u015aw. Serafin powtarza\u0142 w\u00f3wczas jedno zdanie: \u201eMoj\u0105 rado\u015bci\u0105 jest Chrystus zmartwychwsta\u0142y!\u201d. To jedno zdanie przywraca\u0142o wiar\u0119, nadziej\u0119 i mi\u0142o\u015b\u0107 .<\/p>\n<p>\u017bycz\u0119 wam r\u00f3wnie\u017c, by wasz\u0105 codzienn\u0105 rado\u015bci\u0105 by\u0142 Chrystus zmartwychwsta\u0142y. By on sam prowadzi\u0142 was w wierze, nadziei i mi\u0142o\u015bci do zmartwychwstania i \u017cycia wiecznego w niebie.<\/p>\n","protected":false},"excerpt":{"rendered":"<p>Prze\u017cywamy Wielkanoc , kt\u00f3ra jest najwa\u017cniejszym, najstarszym i najbardziej radosnym \u015bwi\u0119tem chrze\u015bcija\u0144skim. Ca\u0142y rok liturgiczny jest przygotowaniem do tego dnia. Chrze\u015bcijanie od samych pocz\u0105tk\u00f3w czcili pami\u0105tk\u0119 zmartwychwstania Chrystusa. Wiemy, \u017ce Chrystus powsta\u0142 z martwych w pierwszy dzie\u0144 po szabacie, a wi\u0119c z soboty na niedziel\u0119. W pierwszych wiekach by\u0142 problem z ustaleniem konkretnego dnia zmartwychwstania. St\u0105d te\u017c Sob\u00f3r Nicejski w roku 325 postanowi\u0142, \u017ce odt\u0105d Pasch\u0119 chrze\u015bcija\u0144sk\u0105 obchodzi\u0107 si\u0119 b\u0119dzie w niedziel\u0119 po pierwszej pe\u0142ni ksi\u0119\u017cyca, zaraz po zr\u00f3wnaniu wiosennym.. A zatem najwcze\u015bniejszy mo\u017cliwy termin Wielkanocy wypada na 22 marca. Zdarzy\u0142o to si\u0119 w roku 1918 i ponownie zdarzy si\u0119 w roku 2285. Najp\u00f3\u017aniejszy mo\u017cliwy termin to 25 kwietnia, ostatnio w roku 1943, powt\u00f3rzy si\u0119 za\u015b w roku 2038. wielkanocna rado\u015b\u0107 zaczyna si\u0119 ju\u017c w Wielk\u0105 Sobot\u0119 rano.. T\u0119 od\u015bwi\u0119tno\u015b\u0107 mo\u017cna zauwa\u017cy\u0107 na zewn\u0105trz, wyziera ona z ka\u017cdego zak\u0105tka domu.. O wyznaczonej godzinie wszyscy z koszykami w r\u0119ku id\u0105 na&hellip;<\/p>\n<p> <a class=\"more-link\" href=\"http:\/\/www.franciszek-walcz.pl\/?p=23820\">Czytaj dalej<\/a><\/p>\n","protected":false},"author":1,"featured_media":0,"comment_status":"closed","ping_status":"closed","sticky":false,"template":"","format":"standard","meta":{"footnotes":""},"categories":[5],"tags":[],"class_list":{"0":"post-23820","1":"post","2":"type-post","3":"status-publish","4":"format-standard","6":"category-artykuly"},"brizy_media":[],"_links":{"self":[{"href":"http:\/\/www.franciszek-walcz.pl\/index.php?rest_route=\/wp\/v2\/posts\/23820","targetHints":{"allow":["GET"]}}],"collection":[{"href":"http:\/\/www.franciszek-walcz.pl\/index.php?rest_route=\/wp\/v2\/posts"}],"about":[{"href":"http:\/\/www.franciszek-walcz.pl\/index.php?rest_route=\/wp\/v2\/types\/post"}],"author":[{"embeddable":true,"href":"http:\/\/www.franciszek-walcz.pl\/index.php?rest_route=\/wp\/v2\/users\/1"}],"replies":[{"embeddable":true,"href":"http:\/\/www.franciszek-walcz.pl\/index.php?rest_route=%2Fwp%2Fv2%2Fcomments&post=23820"}],"version-history":[{"count":1,"href":"http:\/\/www.franciszek-walcz.pl\/index.php?rest_route=\/wp\/v2\/posts\/23820\/revisions"}],"predecessor-version":[{"id":23821,"href":"http:\/\/www.franciszek-walcz.pl\/index.php?rest_route=\/wp\/v2\/posts\/23820\/revisions\/23821"}],"wp:attachment":[{"href":"http:\/\/www.franciszek-walcz.pl\/index.php?rest_route=%2Fwp%2Fv2%2Fmedia&parent=23820"}],"wp:term":[{"taxonomy":"category","embeddable":true,"href":"http:\/\/www.franciszek-walcz.pl\/index.php?rest_route=%2Fwp%2Fv2%2Fcategories&post=23820"},{"taxonomy":"post_tag","embeddable":true,"href":"http:\/\/www.franciszek-walcz.pl\/index.php?rest_route=%2Fwp%2Fv2%2Ftags&post=23820"}],"curies":[{"name":"wp","href":"https:\/\/api.w.org\/{rel}","templated":true}]}}