{"id":23932,"date":"2023-04-15T10:53:00","date_gmt":"2023-04-15T08:53:00","guid":{"rendered":"http:\/\/www.franciszek-walcz.pl\/?p=23932"},"modified":"2023-04-15T11:07:04","modified_gmt":"2023-04-15T09:07:04","slug":"milosierdzie-boze","status":"publish","type":"post","link":"http:\/\/www.franciszek-walcz.pl\/?p=23932","title":{"rendered":"Niedziela Mi\u0142osierdzia Bo\u017cego"},"content":{"rendered":"<p class=\"western\"><span style=\"color: #ffffff;\"><span style=\"font-size: large;\"><b>\u015awi\u0119to Mi\u0142osierdzia Bo\u017cego obchodzone jest w pierwsz\u0105 niedziel\u0119 po Wielkanocy, czyli II Niedziel\u0119 Wielkanocn\u0105, zwan\u0105 obecnie Niedziel\u0105 Mi\u0142osierdzia Bo\u017cego<\/b><\/span><span style=\"font-size: large;\">.\u00a0Wpisa\u0142 je do kalendarza liturgicznego najpierw Franciszek kard. Macharski dla archidiecezji krakowskiej (1985), a potem niekt\u00f3rzy biskupi polscy w swoich diecezjach. Na pro\u015bb\u0119 Episkopatu Polski Ojciec \u015awi\u0119ty Jan Pawe\u0142 II w 1995 roku wprowadzi\u0142 to \u015bwi\u0119to dla wszystkich diecezji w Polsce. W dniu kanonizacji Siostry Faustyny 30 kwietnia 2000 roku Papie\u017c og\u0142osi\u0142 to \u015bwi\u0119to dla ca\u0142ego Ko\u015bcio\u0142a.\u00a0<\/span><\/span><\/p>\n<p class=\"western\"><span style=\"color: #ffffff;\"><span style=\"font-size: large;\">Inspiracj\u0105 dla ustanowienia tego \u015bwi\u0119ta by\u0142o pragnienie Jezusa, kt\u00f3re przekaza\u0142a Siostra Faustyna. Pan Jezus powiedzia\u0142 do niej:\u00a0<\/span><span style=\"font-size: large;\"><i><b>Pragn\u0119, a\u017ceby pierwsza niedziela po Wielkanocy by\u0142a \u015bwi\u0119tem Mi\u0142osierdzia<\/b><\/i><\/span><span style=\"font-size: large;\">\u00a0(Dz. 299).\u00a0<\/span><span style=\"font-size: large;\"><i><b>Pragn\u0119, aby \u015bwi\u0119to Mi\u0142osierdzia, by\u0142o ucieczk\u0105 i schronieniem dla wszystkich dusz, a szczeg\u00f3lnie dla biednych grzesznik\u00f3w. W dniu tym otwarte s\u0105 wn\u0119trzno\u015bci mi\u0142osierdzia Mego, wylewam ca\u0142e morze \u0142ask na dusze, kt\u00f3re si\u0119 zbli\u017c\u0105 do \u017ar\u00f3d\u0142a\u00a0 mi\u0142osierdzia\u00a0 Mojego.\u00a0 Kt\u00f3ra dusza\u00a0 przyst\u0105pi\u00a0 do\u00a0 spowiedzi i Komunii \u015bwi\u0119tej, dost\u0105pi zupe\u0142nego odpuszczenia win i kar. W dniu tym otwarte s\u0105 wszystkie upusty Bo\u017ce, przez kt\u00f3re p\u0142yn\u0105 \u0142aski<\/b><\/i><\/span><span style=\"font-size: large;\"><b>\u00a0<\/b><\/span><span style=\"font-size: large;\">(Dz. 699).\u00a0<\/span><\/span><\/p>\n<p class=\"western\"><span style=\"color: #ffffff;\">\u00a0<\/span><\/p>\n<p class=\"western\"><span style=\"color: #ffffff;\"><span style=\"font-size: large;\"><b>Jakie \u0142aski mo\u017cna otrzyma\u0107 w niedziel\u0119 Mi\u0142osierdzia Bo\u017cego?<\/b><\/span><\/span><\/p>\n<p class=\"western\"><span style=\"color: #ffffff;\">\u00a0<span style=\"font-size: large;\">W wielu objawieniach Pan Jezus okre\u015bli\u0142 nie tylko miejsce \u015bwi\u0119ta w kalendarzu liturgicznym Ko\u015bcio\u0142a, ale tak\u017ce motyw i cel jego ustanowienia, spos\u00f3b przygotowania i obchodzenia oraz wielkie obietnice.\u00a0<\/span><span style=\"font-size: large;\"><b>Najwi\u0119ksz\u0105 z nich jest \u0142aska \u201ezupe\u0142nego odpuszczenia win i kar\u201d zwi\u0105zana z Komuni\u0105 \u015bwi\u0119t\u0105 przyj\u0119t\u0105 w tym dniu po dobrze odprawionej spowiedzi (bez przywi\u0105zania do najmniejszego grzechu), w duchu nabo\u017ce\u0144stwa do Mi\u0142osierdzia Bo\u017cego, czyli w postawie ufno\u015bci wobec Boga i czynnej mi\u0142o\u015bci bli\u017aniego.<\/b><\/span><span style=\"font-size: large;\">\u00a0Jest to \u2013 jak t\u0142umaczy ks. prof. Ignacy R\u00f3\u017cycki \u2013 \u0142aska wi\u0119ksza od odpustu zupe\u0142nego. Ten polega bowiem tylko na darowaniu kar doczesnych nale\u017cnych za pope\u0142nione grzechy, ale nie jest nigdy odpuszczeniem samych\u017ce win. Najszczeg\u00f3lniejsza \u0142aska jest zasadniczo r\u00f3wnie\u017c wi\u0119ksza ni\u017c \u0142aski sze\u015bciu sakrament\u00f3w z wyj\u0105tkiem sakramentu chrztu: albowiem odpuszczenie wszystkich win i kar jest tylko sakramentaln\u0105 \u0142ask\u0105 chrztu \u015bwi\u0119tego. W przytoczonych za\u015b obietnicach Chrystus zwi\u0105za\u0142 odpuszczenie win i kar z Komuni\u0105 \u015bwi\u0119t\u0105 przyj\u0119t\u0105 w \u015bwi\u0119to Mi\u0142osierdzia, czyli pod tym wzgl\u0119dem podni\u00f3s\u0142 j\u0105 do rz\u0119du \u201edrugiego chrztu\u201d.<\/span><\/span><\/p>\n<p class=\"western\"><span style=\"color: #ffffff;\">\u00a0<span style=\"font-size: large;\"><b>Pan Jezus obieca\u0142 tak\u017ce \u0142aski doczesne<\/b><\/span><\/span><\/p>\n<p class=\"western\"><span style=\"color: #ffffff;\">\u00a0<span style=\"font-size: large;\">Pan Jezus powiedzia\u0142, \u017ce w tym dniu otwarte s\u0105 wszystkie upusty Bo\u017ce, przez kt\u00f3re p\u0142yn\u0105 \u0142aski; niech si\u0119 nie l\u0119ka zbli\u017cy\u0107 do Mnie \u017cadna dusza, chocia\u017cby grzechy jej by\u0142y jako szkar\u0142at (Dz. 699). W tym dniu wszyscy ludzie, nawet ci, kt\u00f3rzy wcze\u015bniej nie mieli nabo\u017ce\u0144stwa do Mi\u0142osierdzia Bo\u017cego i dopiero si\u0119 nawracaj\u0105, mog\u0105 uczestniczy\u0107 we wszystkich \u0142askach, jakie Pan Jezus na to \u015bwi\u0119to przygotowa\u0142.\u00a0<\/span><span style=\"font-size: large;\"><b>Jego obietnice dotycz\u0105 nie tylko \u0142ask nadprzyrodzonych, ale i doczesnych dobrodziejstw, kt\u00f3rych zakres nie zosta\u0142 ograniczony. Ludzie ufaj\u0105cy mog\u0105 prosi\u0107 o wszystko dla siebie i innych, byleby przedmiot modlitwy zgodny by\u0142 z wol\u0105 Bo\u017c\u0105, czyli dobry dla cz\u0142owieka w perspektywie wieczno\u015bci.<\/b><\/span><span style=\"font-size: large;\">\u00a0\u0141aski potrzebne do zbawienia s\u0105 zawsze zgodne z wol\u0105 Bo\u017c\u0105, bo B\u00f3g niczego tak nie pragnie, jak zbawienia dusz, za kt\u00f3re Jezus odda\u0142 swoje \u017cycie. Tak wi\u0119c w \u015bwi\u0119to Mi\u0142osierdzia wszystkie \u0142aski i dobrodziejstwa s\u0105 dost\u0119pne dla wszystkich ludzi i wsp\u00f3lnot, byleby o nie prosili z ufno\u015bci\u0105.<\/span><\/span><\/p>\n<p class=\"western\"><span style=\"color: #ffffff;\">\u00a0<span style=\"font-size: large;\"><b>Zadanie dla wiernych<\/b><\/span><\/span><\/p>\n<p class=\"western\"><span style=\"color: #ffffff;\">\u00a0<span style=\"font-size: large;\">W dniu \u015bwi\u0119ta (pierwsza niedziela po Wielkanocy) obraz Mi\u0142osierdzia ma by\u0107 uroczy\u015bcie po\u015bwi\u0119cony i publicznie uczczony, a kap\u0142ani maj\u0105 m\u00f3wi\u0107 kazania o mi\u0142osierdziu Bo\u017cym i budzi\u0107 ufno\u015b\u0107 w duszach. Wierni winni ten dzie\u0144 prze\u017cywa\u0107 z czystym sercem, w duchu tego nabo\u017ce\u0144stwa, a wi\u0119c w postawie ufno\u015bci wobec Pana Boga i mi\u0142osierdzia wzgl\u0119dem bli\u017anich. Pierwsza niedziela po Wielkanocy jest \u015bwi\u0119tem Mi\u0142osierdzia, ale musi by\u0107 i czyn; i \u017c\u0105dam czci dla Mojego mi\u0142osierdzia przez obchodzenie uroczy\u015bcie tego \u015bwi\u0119ta i przez cze\u015b\u0107 tego obrazu (Dz. 742).<\/span><\/span><\/p>\n<p class=\"western\"><span style=\"color: #ffffff;\">\u00a0<span style=\"font-size: large;\"><b>Dlaczego Niedziela Mi\u0142osierdzia to akurat ten dzie\u0144?<\/b><\/span><\/span><\/p>\n<p class=\"western\"><span style=\"color: #ffffff;\">\u00a0<span style=\"font-size: large;\">Wyb\u00f3r pierwszej niedzieli po Wielkanocy nie jest przypadkowy \u2013 na ten dzie\u0144 przypada bowiem oktawa Zmartwychwstania Pa\u0144skiego, kt\u00f3re wie\u0144czy obchody Misterium Paschalnego Chrystusa. Ten okres w liturgii Ko\u015bcio\u0142a wyra\u017aniej ni\u017c pozosta\u0142e ukazuje tajemnic\u0119 mi\u0142osierdzia Bo\u017cego, kt\u00f3ra najpe\u0142niej zosta\u0142a objawiona w\u0142a\u015bnie w m\u0119ce, \u015bmierci i zmartwychwstaniu Chrystusa. Ustanowienie \u015bwi\u0119ta Mi\u0142osierdzia Bo\u017cego w bezpo\u015brednim s\u0105siedztwie liturgii m\u0119ki i zmartwychwstania Chrystusa podkre\u015bla \u017ar\u00f3d\u0142o i motyw prze\u017cywanych tajemnic wiary. Jest nim, oczywi\u015bcie, mi\u0142osierdzie Boga. Inaczej m\u00f3wi\u0105c \u2013 nie by\u0142oby dzie\u0142a odkupienia, gdyby nie by\u0142o mi\u0142osierdzia Boga. Ten zwi\u0105zek dostrzeg\u0142a \u015bw. Siostra Faustyna, kt\u00f3ra w \u201eDzienniczku\u201d napisa\u0142a: Widz\u0119, \u017ce z\u0142\u0105czone jest dzie\u0142o odkupienia z dzie\u0142em mi\u0142osierdzia, kt\u00f3rego \u017c\u0105da Pan (Dz. 89).<\/span><\/span><\/p>\n<p class=\"western\"><span style=\"color: #ffffff;\"><span style=\"font-size: large;\">Po raz pierwszy Pan Jezus m\u00f3wi\u0142 o pragnieniu ustanowienia tego \u015bwi\u0119ta w P\u0142ocku, gdy przekazywa\u0142 sw\u0105 wol\u0119 co do powstania obrazu: Ja pragn\u0119 \u2013 m\u00f3wi\u0142 w lutym 1931 roku do Siostry Faustyny \u2013 aby by\u0142o Mi\u0142osierdzia \u015bwi\u0119to. Chc\u0119, aby ten obraz, kt\u00f3ry wymalujesz p\u0119dzlem, \u017ceby by\u0142 uroczy\u015bcie po\u015bwi\u0119cony w pierwsz\u0105 niedziel\u0119 po Wielkanocy, ta niedziela ma by\u0107 \u015bwi\u0119tem Mi\u0142osierdzia (Dz. 49). W nast\u0119pnych latach Pan Jezus powraca\u0142 do tej sprawy w kilkunastu objawieniach, w kt\u00f3rych nie tylko okre\u015bli\u0142 miejsce tego \u015bwi\u0119ta w kalendarzu liturgicznym, ale tak\u017ce poda\u0142 przyczyn\u0119 jego ustanowienia, spos\u00f3b przygotowania i obchodzenia oraz \u0142aski do niego przywi\u0105zane.<\/span><\/span><\/p>\n<p class=\"western\"><span style=\"color: #ffffff;\">\u00a0<\/span><\/p>\n<p class=\"western\" align=\"center\"><span style=\"color: #ffffff;\"><span style=\"font-size: large;\"><b>KORONKA DO MI\u0141OSIERDZIA BO\u017bEGO<br \/>\n<\/b><\/span><span style=\"font-size: large;\">(Odmawiamy na zwyk\u0142ej cz\u0105stce r\u00f3\u017ca\u0144ca)<\/span><\/span><\/p>\n<p class=\"western\" align=\"center\"><span style=\"color: #ffffff;\"><span style=\"font-size: large;\"><b>1 raz ( na pocz\u0105tku)<\/b><\/span><span style=\"font-size: large;\"><br \/>\nOjcze nasz&#8230; \u00a0Zdrowa\u015b Maryjo&#8230; Wierz\u0119 w Boga&#8230;<\/span><\/span><\/p>\n<p class=\"western\" align=\"center\"><span style=\"color: #ffffff;\"><span style=\"font-size: large;\"><b>Na du\u017cych paciorkach<\/b><\/span><span style=\"font-size: large;\"><br \/>\nOjcze przedwieczny, ofiaruj\u0119 Ci Cia\u0142o i Krew, Dusz\u0119 i B\u00f3stwo najmilszego Syna Twojego, a Pana naszego Jezusa Chrystusa, na przeb\u0142aganie za grzechy nasze i ca\u0142ego \u015bwiata.<\/span><\/span><\/p>\n<p><span style=\"color: #ffffff;\"><span style=\"font-size: large;\"><b>Na ma\u0142ych paciorkach<\/b><\/span><span style=\"font-size: large;\"><br \/>\nDla Jego bolesnej M\u0119ki, miej mi\u0142osierdzie dla nas i ca\u0142ego \u015bwiata<\/span><\/span><\/p>\n<p><span style=\"color: #ffffff;\"><span style=\"font-size: large;\"><b>3 razy (na zako\u0144czenie)<\/b><\/span><span style=\"font-size: large;\"><br \/>\n\u015awi\u0119ty Bo\u017ce, \u015awi\u0119ty Mocny, \u015awi\u0119ty Nie\u015bmiertelny, zmi\u0142uj si\u0119 nad nami i nad ca\u0142ym \u015bwiatem&#8230;<\/span><\/span><\/p>\n<p class=\"western\" align=\"center\"><span style=\"color: #ffffff;\">\u00a0<\/span><\/p>\n<p class=\"western\" align=\"center\"><span style=\"color: #ffffff;\"><span style=\"font-size: large;\"><b>Koronk\u0119 podyktowa\u0142 Pan Jezus \u015bw. Faustynie w Wilnie 13-14 wrze\u015bnia 1935 r. jako modlitw\u0119 na przeb\u0142aganie i u\u015bmierzenie gniewu Bo\u017cego, za grzechy nasze, naszych bliskich i ca\u0142ego \u015bwiata.<\/b><\/span><\/span><\/p>\n<p class=\"western\" align=\"center\"><span style=\"color: #ffffff;\"><span style=\"font-size: large;\"><b>Obietnice:<\/b><\/span><span style=\"font-size: large;\"><br \/>\n&#8222;Zach\u0119caj dusze do odmawiania tej koronki. Przez ni\u0105 podoba mi sie da\u0107 wszystko, o co mnie prosi\u0107 b\u0119d\u0105 zatwardziali grzesznicy. Gdy j\u0105 odmawia\u0107 b\u0119d\u0105, nape\u0142ni\u0119 dusze ich spokojem, a godzina ich \u015bmierci b\u0119dzie szcz\u0119\u015bliwa. Napisz to dla dusz strapionych: gdy dusza ujrzy i pozna cie\u017cko\u015b\u0107 swych grzech\u00f3w, gdy si\u0119 ods\u0142oni przed jej oczyma ca\u0142a przepa\u015b\u0107 n\u0119dzy, w jakiej si\u0119 pogr\u0105\u017cy\u0142a, niech nie rozpacza, ale z ufno\u015bci\u0105 niech si\u0119 rzuci w ramiona mojego Mi\u0142osierdzia, jak dziecko w obj\u0119cia ukochanej matki. Dusze te maj\u0105 pierwsze\u0144stwo dla mojego lito\u015bciwego Serca. One maj\u0105 pierwsze\u0144stwo do mojego Mi\u0142osierdzia. Powiedz, \u017ce \u017cadna dusza, kt\u00f3ra wzywa\u0142a Mi\u0142osierdzia mojego, nie zawiod\u0142a si\u0119, ani nie dozna\u0142a zawstydzenia. Mam szczeg\u00f3lne upodobanie w duszy, kt\u00f3ra zaufa\u0142a dobroci mojej. Napisz: gdy t\u0119 koronk\u0119 odmawia\u0107 b\u0119d\u0105 przy konaj\u0105cych, stan\u0119 pomi\u0119dzy Ojcem a dusz\u0105 konaj\u0105c\u0105 nie jako s\u0119dzia sprawiedliwy, ale jako Zbawiciel Mi\u0142osierny&#8221;\u00a0(Dz. 1541)<\/span><\/span><\/p>\n<p class=\"western\" align=\"center\"><span style=\"color: #ffffff;\"><span style=\"font-size: large;\">&#8222;Odmawiaj nieustannie t\u0119 koronk\u0119, kt\u00f3rej ci\u0119 nauczy\u0142em. Ktokolwiek b\u0119dzie j\u0105 odmawia\u0142, dost\u0105pi wielkiego mi\u0142osierdzia w godzin\u0119 \u015bmierci. Kap\u0142ani b\u0119d\u0105 podawa\u0107 grzesznikom jako ostatni\u0105 desk\u0119 ratunku; chocia\u017cby grzesznik by\u0142 najzatwardzialszy, je\u017celi tylko raz zm\u00f3wi t\u0119 koronk\u0119, dost\u0105pi \u0142aski z niesko\u0144czonego mi\u0142osierdzia mojego.&#8221;\u00a0(Dz. 687)<\/span><\/span><\/p>\n<p class=\"western\" align=\"center\"><span style=\"color: #ffffff;\"><span style=\"font-size: large;\">&#8222;Ka\u017cd\u0105 dusz\u0119, kt\u00f3ra odmawia\u0107 b\u0119dzie t\u0119 koronk\u0119, broni\u0119 w godzinie \u015bmierci jako swej chwa\u0142y. (&#8230;) Kiedy przy konaj\u0105cym inni odmawiaj\u0105 t\u0119 koronk\u0119, u\u015bmierza si\u0119 gniew Bo\u017cy, a mi\u0142osierdzie niezg\u0142\u0119bione ogarnia dusz\u0119.&#8221;\u00a0(Dz. 811)<\/span><\/span><\/p>\n","protected":false},"excerpt":{"rendered":"<p>\u015awi\u0119to Mi\u0142osierdzia Bo\u017cego obchodzone jest w pierwsz\u0105 niedziel\u0119 po Wielkanocy, czyli II Niedziel\u0119 Wielkanocn\u0105, zwan\u0105 obecnie Niedziel\u0105 Mi\u0142osierdzia Bo\u017cego.\u00a0Wpisa\u0142 je do kalendarza liturgicznego najpierw Franciszek kard. Macharski dla archidiecezji krakowskiej (1985), a potem niekt\u00f3rzy biskupi polscy w swoich diecezjach. Na pro\u015bb\u0119 Episkopatu Polski Ojciec \u015awi\u0119ty Jan Pawe\u0142 II w 1995 roku wprowadzi\u0142 to \u015bwi\u0119to dla wszystkich diecezji w Polsce. W dniu kanonizacji Siostry Faustyny 30 kwietnia 2000 roku Papie\u017c og\u0142osi\u0142 to \u015bwi\u0119to dla ca\u0142ego Ko\u015bcio\u0142a.\u00a0 Inspiracj\u0105 dla ustanowienia tego \u015bwi\u0119ta by\u0142o pragnienie Jezusa, kt\u00f3re przekaza\u0142a Siostra Faustyna. Pan Jezus powiedzia\u0142 do niej:\u00a0Pragn\u0119, a\u017ceby pierwsza niedziela po Wielkanocy by\u0142a \u015bwi\u0119tem Mi\u0142osierdzia\u00a0(Dz. 299).\u00a0Pragn\u0119, aby \u015bwi\u0119to Mi\u0142osierdzia, by\u0142o ucieczk\u0105 i schronieniem dla wszystkich dusz, a szczeg\u00f3lnie dla biednych grzesznik\u00f3w. W dniu tym otwarte s\u0105 wn\u0119trzno\u015bci mi\u0142osierdzia Mego, wylewam ca\u0142e morze \u0142ask na dusze, kt\u00f3re si\u0119 zbli\u017c\u0105 do \u017ar\u00f3d\u0142a\u00a0 mi\u0142osierdzia\u00a0 Mojego.\u00a0 Kt\u00f3ra dusza\u00a0 przyst\u0105pi\u00a0 do\u00a0 spowiedzi i Komunii \u015bwi\u0119tej, dost\u0105pi zupe\u0142nego odpuszczenia win i&hellip;<\/p>\n<p> <a class=\"more-link\" href=\"http:\/\/www.franciszek-walcz.pl\/?p=23932\">Czytaj dalej<\/a><\/p>\n","protected":false},"author":1,"featured_media":0,"comment_status":"closed","ping_status":"closed","sticky":false,"template":"","format":"standard","meta":{"footnotes":""},"categories":[1],"tags":[],"class_list":{"0":"post-23932","1":"post","2":"type-post","3":"status-publish","4":"format-standard","6":"category-uncategorized"},"brizy_media":[],"_links":{"self":[{"href":"http:\/\/www.franciszek-walcz.pl\/index.php?rest_route=\/wp\/v2\/posts\/23932","targetHints":{"allow":["GET"]}}],"collection":[{"href":"http:\/\/www.franciszek-walcz.pl\/index.php?rest_route=\/wp\/v2\/posts"}],"about":[{"href":"http:\/\/www.franciszek-walcz.pl\/index.php?rest_route=\/wp\/v2\/types\/post"}],"author":[{"embeddable":true,"href":"http:\/\/www.franciszek-walcz.pl\/index.php?rest_route=\/wp\/v2\/users\/1"}],"replies":[{"embeddable":true,"href":"http:\/\/www.franciszek-walcz.pl\/index.php?rest_route=%2Fwp%2Fv2%2Fcomments&post=23932"}],"version-history":[{"count":5,"href":"http:\/\/www.franciszek-walcz.pl\/index.php?rest_route=\/wp\/v2\/posts\/23932\/revisions"}],"predecessor-version":[{"id":23939,"href":"http:\/\/www.franciszek-walcz.pl\/index.php?rest_route=\/wp\/v2\/posts\/23932\/revisions\/23939"}],"wp:attachment":[{"href":"http:\/\/www.franciszek-walcz.pl\/index.php?rest_route=%2Fwp%2Fv2%2Fmedia&parent=23932"}],"wp:term":[{"taxonomy":"category","embeddable":true,"href":"http:\/\/www.franciszek-walcz.pl\/index.php?rest_route=%2Fwp%2Fv2%2Fcategories&post=23932"},{"taxonomy":"post_tag","embeddable":true,"href":"http:\/\/www.franciszek-walcz.pl\/index.php?rest_route=%2Fwp%2Fv2%2Ftags&post=23932"}],"curies":[{"name":"wp","href":"https:\/\/api.w.org\/{rel}","templated":true}]}}