{"id":23965,"date":"2023-04-22T11:19:36","date_gmt":"2023-04-22T09:19:36","guid":{"rendered":"http:\/\/www.franciszek-walcz.pl\/?p=23965"},"modified":"2023-04-22T11:19:48","modified_gmt":"2023-04-22T09:19:48","slug":"szukajcie-pana-w-dzieleniu-sie-chlebem","status":"publish","type":"post","link":"http:\/\/www.franciszek-walcz.pl\/?p=23965","title":{"rendered":"SZUKAJCIE PANA W DZIELENIU SI\u0118 CHLEBEM"},"content":{"rendered":"<p class=\"western\" align=\"justify\"><span style=\"color: #ff6600;\"><span style=\"font-size: large;\">Oto dwaj uczniowie Jezusa tego samego dnia, w pierwszy dzie\u0144 tygodnia, byli w drodze do wsi, zwanej Emaus, oddalonej sze\u015b\u0107dziesi\u0105t stadi\u00f3w od Jerozolimy. Rozmawiali oni ze sob\u0105 o tym wszystkim, co si\u0119 wydarzy\u0142o. Gdy tak rozmawiali i rozprawiali ze sob\u0105, sam Jezus przybli\u017cy\u0142 si\u0119 i szed\u0142 z nimi. Lecz oczy ich by\u0142y niejako na uwi\u0119zi, tak \u017ce Go nie poznali. On za\u015b ich zapyta\u0142: \u201eC\u00f3\u017c to za rozmowy prowadzicie ze sob\u0105 w drodze?\u201d. Zatrzymali si\u0119 smutni. A jeden z nich, imieniem Kleofas, odpowiedzia\u0142 Mu: \u201eTy jeste\u015b chyba jedynym z przebywaj\u0105cych w Jerozolimie, kt\u00f3ry nie wie, co si\u0119 tam w tych dniach sta\u0142o\u201d. Zapyta\u0142 ich: \u201eC\u00f3\u017c takiego?\u201d. Odpowiedzieli Mu: \u201eTo, co si\u0119 sta\u0142o z Jezusem z Nazaretu, kt\u00f3ry by\u0142 prorokiem pot\u0119\u017cnym w czynie i s\u0142owie wobec Boga i ca\u0142ego ludu; jak arcykap\u0142ani i nasi przyw\u00f3dcy wydali Go na \u015bmier\u0107 i ukrzy\u017cowali. A my\u015bmy si\u0119 spodziewali, \u017ce w\u0142a\u015bnie On mia\u0142 wyzwoli\u0107 Izraela. Teraz za\u015b po tym wszystkim dzi\u015b ju\u017c trzeci dzie\u0144, jak si\u0119 to sta\u0142o. Co wi\u0119cej, niekt\u00f3re z naszych kobiet przerazi\u0142y nas: by\u0142y rano u grobu, a nie znalaz\u0142szy Jego cia\u0142a, wr\u00f3ci\u0142y i opowiedzia\u0142y, \u017ce mia\u0142y widzenie anio\u0142\u00f3w, kt\u00f3rzy zapewniaj\u0105, i\u017c On \u017cyje. Poszli niekt\u00f3rzy z naszych do grobu i zastali wszystko tak, jak kobiety opowiada\u0142y, ale Jego nie widzieli\u201d. Na to On rzek\u0142 do nich: \u201eO, nierozumni, jak nieskore s\u0105 wasze serca do wierzenia we wszystko, co powiedzieli prorocy! Czy\u017c Mesjasz nie mia\u0142 tego cierpie\u0107, aby wej\u015b\u0107 do swojej chwa\u0142y?\u201d. I zaczynaj\u0105c od Moj\u017cesza poprzez wszystkich prorok\u00f3w wyk\u0142ada\u0142 im, co we wszystkich Pismach odnosi\u0142o si\u0119 do Niego. Tak przybli\u017cyli si\u0119 do wsi, do kt\u00f3rej zd\u0105\u017cali, a On okazywa\u0142, jakoby mia\u0142 i\u015b\u0107 dalej. Lecz przymusili Go, m\u00f3wi\u0105c: \u201eZosta\u0144 z nami, gdy\u017c ma si\u0119 ku wieczorowi i dzie\u0144 si\u0119 ju\u017c nachyli\u0142\u201d. Wszed\u0142 wi\u0119c, aby zosta\u0107 z nimi. Gdy zaj\u0105\u0142 z nimi miejsce u sto\u0142u, wzi\u0105\u0142 chleb, odm\u00f3wi\u0142 b\u0142ogos\u0142awie\u0144stwo, po\u0142ama\u0142 go i dawa\u0142 im, Wtedy otworzy\u0142y si\u0119 im oczy i poznali Go, lecz On znikn\u0105\u0142 im z oczu. I m\u00f3wili nawzajem do siebie: \u201eCzy serce nie pa\u0142a\u0142o w nas, kiedy rozmawia\u0142 z nami w drodze i Pisma nam wyja\u015bnia\u0142?\u201d. W tej samej godzinie wybrali si\u0119 i wr\u00f3cili do Jerozolimy. Tam zastali zebranych Jedenastu i innych z nimi, kt\u00f3rzy im oznajmili: \u201ePan rzeczywi\u015bcie zmartwychwsta\u0142 i ukaza\u0142 si\u0119 Szymonowi\u201d. Oni r\u00f3wnie\u017c opowiadali, co ich spotka\u0142o w drodze i jak Go poznali przy \u0142amaniu chleba (\u0141k 24,13\u201335).<\/span><\/span><\/p>\n<p class=\"western\" align=\"justify\"><span style=\"font-size: large;\">Holenderski malarz Rembrandt namalowa\u0142 wiele obraz\u00f3w o tematyce biblijnej. Jednym z nich jest obraz \u201eWieczerza w Emaus\u201d, nawi\u0105zuj\u0105cy do Ewangelii zacytowanej na wst\u0119pie. Malarz uchwyci\u0142 i wyeksponowa\u0142 ogromn\u0105 rado\u015b\u0107 na twarzach aposto\u0142\u00f3w bezpo\u015brednio po rozpoznaniu Chrystusa.<\/span><\/p>\n<p class=\"western\" align=\"justify\"><span style=\"font-size: large;\">Przewodnik muzeum, w kt\u00f3rym znajduje si\u0119 wspomniany obraz, oprowadzaj\u0105c turyst\u00f3w zatrzyma\u0142 si\u0119 przed \u201eWieczerz\u0105 w Emaus\u201d i rozpocz\u0105\u0142 opowie\u015b\u0107 o tym ewangelicznym zdarzeniu. W\u015br\u00f3d zwiedzaj\u0105cych by\u0142o pewne ma\u0142\u017ce\u0144stwo , kt\u00f3rych syn kilka dni temu zgin\u0105\u0142 w tragicznym wypadku samochodowym. Byli oni wewn\u0119trznie zdruzgotani tym wydarzeniem przyszli do muzeum w nadziei, \u017ce znajd\u0105 tutaj cho\u0107 troch\u0119 ukojenia. Na pocz\u0105tku bez wi\u0119kszego zainteresowania s\u0142uchali opowie\u015bci przewodnika. Ale powoli, z coraz wi\u0119ksz\u0105 uwag\u0105 zacz\u0119li ws\u0142uchiwa\u0107 si\u0119 w jego s\u0142owa, a pod koniec byli urzeczeni jego s\u0142owami. Po zako\u0144czeniu zwiedzania podeszli do przewodnika i powiedzieli: \u201eWiele razy s\u0142yszeli\u015bmy t\u0119 histori\u0119, ale nigdy nas tak nie poruszy\u0142a. Opowiedzia\u0142 j\u0105 pan z takim uczuciem i przekonaniem\u201d. <\/span><\/p>\n<p class=\"western\" align=\"justify\">\u201e<span style=\"font-size: large;\">By\u0142 czas, \u017ce robi\u0142em to inaczej; m\u00f3wi\u0142em bez serca, mechanicznie\u201d \u2013 odpowiedzia\u0142 przewodnik. \u201eTrzy lata temu- kontynuowa\u0142 \u2013 moja \u017cona zachorowa\u0142a na raka, jej agonia trwa\u0142a d\u0142ugie miesi\u0105ce. Patrzy\u0142em jak umiera z dnia na dzie\u0144. Nie mog\u0142em zrozumie\u0107 potwornego cierpienia i nieuchronnie zbli\u017caj\u0105cej si\u0119 \u015bmierci. By\u0142a wspania\u0142ym cz\u0142owiekiem. Nie zas\u0142u\u017cy\u0142a na to. By\u0142em za\u0142amany. Po jej \u015bmierci wydawa\u0142o mi si\u0119, \u017ce ca\u0142y \u015bwiat zd\u0105\u017ca ku ko\u0144cowi. Opanowa\u0142a mnie apatia. Zosta\u0142em jednak przez przyjaci\u00f3\u0142 przekonany, aby powr\u00f3ci\u0107 do pracy w muzeum. Zacz\u0105\u0142em tak samo jak przedtem, mo\u017ce jeszcze bardziej mechanicznie opowiada\u0107 histori\u0119 aposto\u0142\u00f3w zd\u0105\u017caj\u0105cych do Emaus.<\/span><\/p>\n<p class=\"western\" align=\"justify\"><span style=\"font-size: large;\">A\u017c pewnego razu, nagle co\u015b prze\u0142ama\u0142o si\u0119 w mnie. U\u015bwiadomi\u0142em sobie, \u017ce ta historia nie jest tylko histori\u0105 dw\u00f3ch uczni\u00f3w Jezusa, ona jest tak\u017ce moj\u0105 histori\u0105. Tak jak ci dwaj uczniowie by\u0142em za\u0142amany i smutny, samotny na swej drodze \u017cycia. By\u0142em wierz\u0105cym, ale Chrystus by\u0142 jakim\u015b bladym cieniem \u017cyj\u0105cym tylko na kartach Ewangelii. Teraz uzmys\u0142owi\u0142em sobie, \u017ce to dla mnie zamieszka\u0142 On w\u015br\u00f3d ludzi. Czu\u0142em Jego obecno\u015b\u0107 przy sobie, jak obecno\u015b\u0107 przyjaciela, kt\u00f3ry zna i rozumie najg\u0142\u0119bsze ludzkie cierpienie. Gdy opowiadam t\u0119 histori\u0119 to czuj\u0119 jak moje serce nabrzmiewa rado\u015bci\u0105, rodzi si\u0119 we mnie pe\u0142nia \u017cycia, kt\u00f3re wieczno\u015bci\u0105 obejmuje tych, kt\u00f3rzy odeszli z tej ziemi\u201d. Ma\u0142\u017ce\u0144stwo s\u0142uchaj\u0105c tej opowie\u015bci nie mogli powstrzyma\u0107 \u0142ez. \u201eTo dziwne- powiedzieli \u2013 ale jak pan opowiada\u0142 czuli\u015bmy, \u017ce w naszych sercach rodzi si\u0119 nadzieja, przychodzi pociecha, powraca rado\u015b\u0107 \u017cycia. Pan tak cudownie m\u00f3wi o tych sprawach\u201d.<\/span><\/p>\n<p class=\"western\" align=\"justify\"><span style=\"font-size: large;\">Opowie\u015b\u0107 o uczniach id\u0105cych do Emaus tchnie nadziej\u0105 i optymizmem. Mo\u017cemy sobie wyobrazi\u0107 prze\u017cycia uczni\u00f3w Chrystusa, kt\u00f3rzy patrzyli na \u015bmier\u0107 swojego Mistrza na krzy\u017cu. Tak wiele si\u0119 po Nim spodziewali. M\u00f3wi\u0105 o tym, gdy rozmawiaj\u0105 z nierozpoznanym Jezusem w drodze do Emaus: \u201eA my\u015bmy si\u0119 spodziewali\u201d. Spodziewali si\u0119, \u017ce Jezus, kt\u00f3ry by\u0142 tak pot\u0119\u017cny w s\u0142owie i czynie nie pozwoli, \u017ceby spotka\u0142 Go taki koniec. Spodziewali si\u0119 mo\u017ce, tak jak wielu w tamtym czasie, \u017ce Mesjasz odbuduje kr\u00f3lestwo Izraela tu na ziemi, a oni b\u0119d\u0105 mie\u0107 udzia\u0142 w chwale tego kr\u00f3lestwa. Sta\u0142o si\u0119 jednak inaczej. Chrystus umar\u0142 na krzy\u017cu, a wraz z nim umiera\u0142y wszelkie nadzieje aposto\u0142\u00f3w. Pozosta\u0142a rozpacz, l\u0119k i obawa przed aresztowaniem. Aposto\u0142owie ulegli rozproszeniu. Dwaj z nich chc\u0105 by\u0107 jak najdalej od miejsca tragedii, udaj\u0105 si\u0119 w kierunku Emaus. Nierozpoznany Chrystus do\u0142\u0105cza si\u0119 do nich. Wyja\u015bnia im Pisma, t\u0142umaczy, \u017ce to wszystko musia\u0142o si\u0119 sta\u0107, aby Mesjasz wype\u0142ni\u0142 swoj\u0105 misj\u0119. Zas\u0142uchani aposto\u0142owie prosz\u0105, aby zosta\u0142 z nimi na wieczerzy, gdy\u017c ma si\u0119 ju\u017c ku wieczorowi. S\u0105 szcz\u0119\u015bliwi, \u017ce mog\u0105 jeszcze w czasie wieczerzy s\u0142ucha\u0107 kogo\u015b, kto tak pi\u0119knie m\u00f3wi o bo\u017cych sprawach. Rado\u015b\u0107 si\u0119ga zenitu, gdy przy \u0142amaniu chleba rozpoznaj\u0105 w nieznajomym zmartwychwsta\u0142ego Jezusa. Ogromny smutek przemieni\u0142 si\u0119 w ogromn\u0105 rado\u015b\u0107, kt\u00f3r\u0105 tak \u015bwietnie uj\u0105\u0142 Rembrandt na swoim obrazie.<\/span><\/p>\n<p class=\"western\" align=\"justify\"><span style=\"font-size: large;\">Jak\u017ce cz\u0119sto droga uczni\u00f3w do Emaus powtarza si\u0119 w naszym \u017cyciu. Nie jeden raz r\u00f3\u017cne zdarzenia, a w\u015br\u00f3d nich najokrutniejsza \u015bmier\u0107 zabiera\u0142y rado\u015b\u0107 i pozbawia\u0142y nas nadziei. Mo\u017ce tak jak uczniowie uciekali\u015bmy od miejsca, gdzie rozegra\u0142a si\u0119 tragedia. Ale przed tymi prze\u017cyciami nie ma ucieczki. W takich wypadkach smutek i beznadzieja zawsze pod\u0105\u017caj\u0105 za nami. Potrzebujemy wtedy kogo\u015b, kto by z nami szed\u0142, okaza\u0142 mi\u0142o\u015b\u0107 i znalaz\u0142 dla nas m\u0105dre s\u0142owa pociechy. Gdy ludzkie s\u0142owa s\u0105 za ma\u0142e mo\u017cemy by\u0107 pewni, \u017ce idzie z nami Chrystus ze s\u0142owem pe\u0142nym mi\u0142o\u015bci i mocy. Ale \u017ceby odczu\u0107 Jego koj\u0105c\u0105 i zbawcz\u0105 obecno\u015b\u0107 musimy tak jak uczniowie w drodze do Emaus uwa\u017cnie ws\u0142uchiwa\u0107 si\u0119 w Jego s\u0142owa. On do nas m\u00f3wi na kartach Biblii, w modlitwie, przez mi\u0142o\u015b\u0107, zdarzenia. Nie wystarczy jednak tylko ws\u0142uchiwanie si\u0119, trzeba jeszcze tak jak aposto\u0142owie zaprosi\u0107 Go do domu swego \u017cycia. Zaprosi\u0107 Go do sto\u0142u, gdy On przychodzi do nas. <\/span><\/p>\n<p class=\"western\" align=\"justify\"><span style=\"color: #3e4c59;\"><span style=\"font-family: Arial;\"><span style=\"font-size: medium;\">O tym ostatnim zaproszeniu \u015bw. Augustyn pisze tymi s\u0142owami:<\/span><\/span><\/span><\/p>\n<p class=\"western\" align=\"justify\"><span style=\"color: #3e4c59;\"><span style=\"font-family: Arial;\"><span style=\"font-size: medium;\">Je\u015bli pragniesz zachowa\u0107 \u017cycie,\u00a0<\/span><\/span><\/span><span style=\"color: #3e4c59;\"><span style=\"font-family: Arial;\"><span style=\"font-size: medium;\">czy\u0144 to co aposto\u0142owie czynili.<\/span><\/span><\/span><\/p>\n<p class=\"western\" align=\"justify\"><span style=\"color: #3e4c59;\"><span style=\"font-family: Arial;\"><span style=\"font-size: medium;\">Oni ofiarowali Mu go\u015bcin\u0119.<\/span><\/span><\/span><\/p>\n<p class=\"western\" align=\"justify\"><span style=\"color: #3e4c59;\"><span style=\"font-family: Arial;\"><span style=\"font-size: medium;\">Pan chcia\u0142 kontynuowa\u0107 swoj\u0105 podr\u00f3\u017c,<\/span><\/span><\/span><\/p>\n<p class=\"western\" align=\"justify\"><span style=\"color: #3e4c59;\"><span style=\"font-family: Arial;\"><span style=\"font-size: medium;\">ale oni zatrzymali Go.\u00a0<\/span><\/span><\/span><span style=\"color: #3e4c59;\"><span style=\"font-family: Arial;\"><span style=\"font-size: medium;\">A pod koniec podr\u00f3\u017cy powiedzieli do Niego:<\/span><\/span><\/span><\/p>\n<p class=\"western\" align=\"justify\"><span style=\"color: #3e4c59;\">\u201e<span style=\"font-family: Arial;\"><span style=\"font-size: medium;\">Zosta\u0144 z nami, gdy\u017c dzie\u0144 nachyli\u0142 si\u0119 ku wieczorowi\u201d<\/span><\/span><\/span><\/p>\n<p class=\"western\" align=\"justify\"><span style=\"color: #3e4c59;\"><span style=\"font-family: Arial;\"><span style=\"font-size: medium;\">Pan objawi\u0142 samego siebie w \u0142amaniu chleba.<\/span><\/span><\/span><\/p>\n<p class=\"western\" align=\"justify\"><span style=\"color: #3e4c59;\"><span style=\"font-family: Arial;\"><span style=\"font-size: medium;\">Go\u015bcinno\u015b\u0107 przywr\u00f3ci\u0142a im utracon\u0105 wiar\u0119.<\/span><\/span><\/span><\/p>\n<p class=\"western\" align=\"justify\"><span style=\"color: #3e4c59;\"><span style=\"font-family: Arial;\"><span style=\"font-size: medium;\">Je\u015bli ty chcesz rozpozna\u0107 Zbawiciela,\u00a0<\/span><\/span><\/span><span style=\"color: #3e4c59;\"><span style=\"font-family: Arial;\"><span style=\"font-size: medium;\">przyjmij obcych.<\/span><\/span><\/span><\/p>\n<p class=\"western\" align=\"justify\"><span style=\"color: #3e4c59;\"><span style=\"font-family: Arial;\"><span style=\"font-size: medium;\">Szukaj Pana w dzieleniu si\u0119 chlebem (z ksi\u0105\u017cki Ku wolno\u015bci).<\/span><\/span><\/span><\/p>\n","protected":false},"excerpt":{"rendered":"<p>Oto dwaj uczniowie Jezusa tego samego dnia, w pierwszy dzie\u0144 tygodnia, byli w drodze do wsi, zwanej Emaus, oddalonej sze\u015b\u0107dziesi\u0105t stadi\u00f3w od Jerozolimy. Rozmawiali oni ze sob\u0105 o tym wszystkim, co si\u0119 wydarzy\u0142o. Gdy tak rozmawiali i rozprawiali ze sob\u0105, sam Jezus przybli\u017cy\u0142 si\u0119 i szed\u0142 z nimi. Lecz oczy ich by\u0142y niejako na uwi\u0119zi, tak \u017ce Go nie poznali. On za\u015b ich zapyta\u0142: \u201eC\u00f3\u017c to za rozmowy prowadzicie ze sob\u0105 w drodze?\u201d. Zatrzymali si\u0119 smutni. A jeden z nich, imieniem Kleofas, odpowiedzia\u0142 Mu: \u201eTy jeste\u015b chyba jedynym z przebywaj\u0105cych w Jerozolimie, kt\u00f3ry nie wie, co si\u0119 tam w tych dniach sta\u0142o\u201d. Zapyta\u0142 ich: \u201eC\u00f3\u017c takiego?\u201d. Odpowiedzieli Mu: \u201eTo, co si\u0119 sta\u0142o z Jezusem z Nazaretu, kt\u00f3ry by\u0142 prorokiem pot\u0119\u017cnym w czynie i s\u0142owie wobec Boga i ca\u0142ego ludu; jak arcykap\u0142ani i nasi przyw\u00f3dcy wydali Go na \u015bmier\u0107 i ukrzy\u017cowali. A my\u015bmy si\u0119 spodziewali, \u017ce w\u0142a\u015bnie On mia\u0142 wyzwoli\u0107 Izraela.&hellip;<\/p>\n<p> <a class=\"more-link\" href=\"http:\/\/www.franciszek-walcz.pl\/?p=23965\">Czytaj dalej<\/a><\/p>\n","protected":false},"author":1,"featured_media":0,"comment_status":"closed","ping_status":"closed","sticky":false,"template":"","format":"standard","meta":{"footnotes":""},"categories":[5],"tags":[],"class_list":{"0":"post-23965","1":"post","2":"type-post","3":"status-publish","4":"format-standard","6":"category-artykuly"},"brizy_media":[],"_links":{"self":[{"href":"http:\/\/www.franciszek-walcz.pl\/index.php?rest_route=\/wp\/v2\/posts\/23965","targetHints":{"allow":["GET"]}}],"collection":[{"href":"http:\/\/www.franciszek-walcz.pl\/index.php?rest_route=\/wp\/v2\/posts"}],"about":[{"href":"http:\/\/www.franciszek-walcz.pl\/index.php?rest_route=\/wp\/v2\/types\/post"}],"author":[{"embeddable":true,"href":"http:\/\/www.franciszek-walcz.pl\/index.php?rest_route=\/wp\/v2\/users\/1"}],"replies":[{"embeddable":true,"href":"http:\/\/www.franciszek-walcz.pl\/index.php?rest_route=%2Fwp%2Fv2%2Fcomments&post=23965"}],"version-history":[{"count":1,"href":"http:\/\/www.franciszek-walcz.pl\/index.php?rest_route=\/wp\/v2\/posts\/23965\/revisions"}],"predecessor-version":[{"id":23966,"href":"http:\/\/www.franciszek-walcz.pl\/index.php?rest_route=\/wp\/v2\/posts\/23965\/revisions\/23966"}],"wp:attachment":[{"href":"http:\/\/www.franciszek-walcz.pl\/index.php?rest_route=%2Fwp%2Fv2%2Fmedia&parent=23965"}],"wp:term":[{"taxonomy":"category","embeddable":true,"href":"http:\/\/www.franciszek-walcz.pl\/index.php?rest_route=%2Fwp%2Fv2%2Fcategories&post=23965"},{"taxonomy":"post_tag","embeddable":true,"href":"http:\/\/www.franciszek-walcz.pl\/index.php?rest_route=%2Fwp%2Fv2%2Ftags&post=23965"}],"curies":[{"name":"wp","href":"https:\/\/api.w.org\/{rel}","templated":true}]}}