{"id":2402,"date":"2018-12-01T11:56:45","date_gmt":"2018-12-01T10:56:45","guid":{"rendered":"http:\/\/www.franciszek-walcz.pl\/?p=2402"},"modified":"2018-12-01T11:58:07","modified_gmt":"2018-12-01T10:58:07","slug":"list-biskupa-polowego","status":"publish","type":"post","link":"http:\/\/www.franciszek-walcz.pl\/?p=2402","title":{"rendered":"List Biskupa Polowego"},"content":{"rendered":"<p style=\"text-align: center;\"><strong>List Biskupa Polowego<br \/>\nz okazji inauguracji jubileuszu setnej rocznicy ustanowienia<br \/>\nBiskupstwa Polowego w Polsce<\/strong><\/p>\n<p>\u201eOto nadchodz\u0105 dni, kiedy wype\u0142ni\u0119 pomy\u015bln\u0105 zapowied\u017a, jak\u0105 obwie\u015bci\u0142em domowi izraelskiemu i domowi judzkiemu. (\u2026) W owych dniach i w owym czasie wzbudz\u0119 Dawidowi potomstwo\u2026\u201d (por. Jr 33,14-16) \u2013 te s\u0142owa proroka s\u0142yszeli\u015bmy w dzisiejszym pierwszym czytaniu z Ksi\u0119gi Jeremiasza. Potomkowie rodu Dawida zostali wybrani przez Boga, aby po\u015br\u00f3d nich spe\u0142ni\u0142a si\u0119 Jego obietnica. Zanim jednak narodzi\u0142 si\u0119 Syn Bo\u017cy, Zbawiciel \u015bwiata, podejmowali wiele wysi\u0142k\u00f3w, aby przygotowa\u0107 si\u0119 na t\u0119 prze\u0142omow\u0105 chwil\u0119 w dziejach ludzko\u015bci. Jan Chrzciciel, ostatni z prorok\u00f3w Starego Przymierza, wo\u0142a\u0142: \u201eNawr\u00f3\u0107cie si\u0119, bo bliskie jest kr\u00f3lestwo niebieskie. (\u2026) Przygotujcie drog\u0119 Panu, dla Niego prostujcie \u015bcie\u017cki\u201d (Mt 3,2-3). Ten g\u0142os nie zosta\u0142 zlekcewa\u017cony. Wielkie rzesze przychodzi\u0142y nad Jordan i pyta\u0142y: \u201eCo mamy czyni\u0107?\u201d. Jan Chrzciciel wyja\u015bnia\u0142, \u017ce maj\u0105 si\u0119 nawr\u00f3ci\u0107, podejmowa\u0107 dzie\u0142a mi\u0142osierdzia, \u017cy\u0107 uczciwie i sprawiedliwie (por. \u0141k 3, 10-13). \u201ePytali go te\u017c i \u017co\u0142nierze: A my, co mamy czyni\u0107? On im odpowiada\u0142: Nad nikim si\u0119 nie zn\u0119cajcie i\u00a0nikogo nie uciskajcie, lecz poprzestawajcie na swoim \u017co\u0142dzie\u201d (\u0141k 3,14).<\/p>\n<p>Umi\u0142owani w Chrystusie Panu, Siostry i Bracia!<\/p>\n<p>Rozpoczyna si\u0119 kolejny Adwent w naszym \u017cyciu. Ponownie s\u0142yszymy wezwanie do przemiany naszych serc, aby nie by\u0142y oci\u0119\u017ca\u0142e wskutek trosk doczesnych (por. \u0141k 21,34). S\u0142yszymy te\u017c apel o czujno\u015b\u0107 i modlitw\u0119 oraz ponaglenie, aby\u015bmy na przyj\u015bcie Jezusa Chrystusa spot\u0119gowali nasz\u0105 mi\u0142o\u015b\u0107 i stawali si\u0119 coraz doskonalszymi (por. 1 Tes 3,12 \u2013 4,2). B\u00f3g pragnie naszego osobistego nawr\u00f3cenia. Tej zach\u0119ty nie mo\u017cna zlekcewa\u017cy\u0107!<\/p>\n<p>Przygotowanie na przyj\u015bcie Pana i nawr\u00f3cenie nie jest jednak wy\u0142\u0105cznie spraw\u0105 osobist\u0105, prywatn\u0105. Dokonuje si\u0119 ono w spo\u0142eczno\u015bci Ko\u015bcio\u0142a, poniewa\u017c \u201espodoba\u0142o si\u0119 Bogu zbawi\u0107 ludzi we wsp\u00f3lnocie\u201d \u2013 o czym przypomina soborowa Konstytucja dogmatyczna o Ko\u015bciele (por. KK 9). Jezus zawar\u0142 przymierze z Nowym Ludem Bo\u017cym, kt\u00f3remu powierzy\u0142 swoj\u0105\u00a0nauk\u0119 i sakramenty \u015bwi\u0119te. Odt\u0105d we wsp\u00f3lnocie Ko\u015bcio\u0142a, w poszczeg\u00f3lnych diecezjach i\u00a0parafiach, rozlega si\u0119 nawo\u0142ywanie do nawr\u00f3cenia, przemiany serc, spot\u0119gowania mi\u0142o\u015bci i\u00a0 stawania si\u0119 coraz doskonalszymi. Biskupi, kap\u0142ani i diakoni g\u0142osz\u0105c s\u0142owo Bo\u017ce i\u00a0sprawuj\u0105c sakramenty \u015bwi\u0119te s\u0142u\u017c\u0105 tym, kt\u00f3rzy przygotowuj\u0105 si\u0119 nie tylko na kolejne \u015bwi\u0119ta Bo\u017cego Narodzenia, ale tak\u017ce na ostateczne spotkanie z Bogiem.<\/p>\n<p>Dla diecezji wojskowej tegoroczny Adwent jest wyj\u0105tkowy. Rozpoczynamy bowiem jubileusz setnej rocznicy ustanowienia Biskupstwa Polowego w Polsce. W ko\u015bcio\u0142ach i\u00a0kaplicach garnizonowych zostan\u0105 uroczy\u015bcie ods\u0142oni\u0119te i po\u015bwi\u0119cone tablice, kt\u00f3re b\u0119d\u0105 przypomina\u0107 dat\u0119 5 lutego 1919 roku. Wtedy to papie\u017c Benedykt XV powo\u0142a\u0142 biskupa pomocniczego archidiecezji warszawskiej Stanis\u0142awa Galla na pierwszego biskupa polowego Wojsk Polskich.<\/p>\n<p>W chwili odzyskania niepodleg\u0142o\u015bci po 123 latach niewoli, jedn\u0105 z pierwszych i\u00a0najwa\u017cniejszych instytucji pa\u0144stwa, kt\u00f3re powo\u0142ano do istnienia, by\u0142o Wojsko Polskie. Zar\u00f3wno Naczelny W\u00f3dz J\u00f3zef Pi\u0142sudski, jak i \u00f3wcze\u015bni oficerowie Wojska Polskiego uznali, \u017ce w czasie pokoju i podczas wojny potrzebna jest sta\u0142a, zorganizowana opieka duszpasterska. Potrzebni s\u0105 kapelani, kt\u00f3rzy b\u0119d\u0105 towarzyszy\u0107 \u017co\u0142nierzom oraz kszta\u0142towa\u0107 ich sumienia do ofiarnej, pe\u0142nej po\u015bwi\u0119cenia s\u0142u\u017cby sprawie pokoju i bezpiecze\u0144stwa naszej Ojczyzny.<\/p>\n<p>Biskup Stanis\u0142aw Gall rozpocz\u0105\u0142 swoj\u0105 pos\u0142ug\u0119 w Wojsku Polskim ju\u017c 9\u00a0lutego 1919 roku, w kilka dni po otrzymaniu papieskiej nominacji. Da\u0142 si\u0119 pozna\u0107 jako gorliwy pasterz, kt\u00f3ry najpierw spotka\u0142 si\u0119 z kapelanami, a nast\u0119pnie odwiedzi\u0142 \u017co\u0142nierzy walcz\u0105cych na wielu frontach w obronie odrodzonego pa\u0144stwa polskiego. Zorganizowa\u0142 sie\u0107 parafii wojskowych oraz przyczyni\u0142 si\u0119 do budowy wielu ko\u015bcio\u0142\u00f3w i kaplic garnizonowych. Zapisa\u0142 si\u0119 w historii duszpasterstwa wojskowego jako pasterz niez\u0142omny, kt\u00f3ry bardziej s\u0142ucha\u0142 Boga, ani\u017celi ludzi.<\/p>\n<p>Tablice jubileuszowe b\u0119d\u0105 pobudza\u0107 do wdzi\u0119czno\u015bci wobec biskup\u00f3w polowych i\u00a0ksi\u0119\u017cy kapelan\u00f3w, kt\u00f3rzy na przestrzeni stu lat s\u0142u\u017cyli sprawie kr\u00f3lestwa Bo\u017cego i\u00a0Ojczy\u017anie ziemskiej. Potrafili oni \u0142\u0105czy\u0107 s\u0142u\u017cb\u0119 Bogu ze s\u0142u\u017cb\u0105 cz\u0142owiekowi, wierno\u015b\u0107 ewangelicznym zasadom z wierno\u015bci\u0105 z\u0142o\u017conej przysi\u0119dze wojskowej. Jako kap\u0142ani, sk\u0142adali na o\u0142tarzu chleb i wino, aby stawa\u0142y si\u0119 cia\u0142em i krwi\u0105 Chrystusa, a wielu z nich z\u0142o\u017cy\u0142o na o\u0142tarzu Ojczyzny swoje zdrowie, a nawet \u017cycie, nios\u0105c pos\u0142ug\u0119 duchow\u0105 \u017co\u0142nierzom na polu walki. Podczas powsta\u0144 i wojen ich heroiczna postawa by\u0142a nagradzana medalami i orderami wojskowymi, w\u00a0tym krzy\u017cem <em>Virtuti Militari<\/em>. Spo\u015br\u00f3d licznego grona kapelan\u00f3w wojskowych kilku zosta\u0142o dostrze\u017conych w szczeg\u00f3lny spos\u00f3b przez Ko\u015bci\u00f3\u0142 i ukazanych jako wz\u00f3r \u015bwi\u0119to\u015bci. Zostali zaliczeni w poczet b\u0142ogos\u0142awionych, wszak ich mi\u0142o\u015b\u0107 bli\u017aniego si\u0119gn\u0119\u0142a szczyt\u00f3w heroizmu. Duszpasterz marynarzy, b\u0142. ks. kmdr ppor. W\u0142adys\u0142aw Miego\u0144, po kl\u0119sce we wrze\u015bniu 1939 roku nie zostawi\u0142 \u017co\u0142nierzy, ale dobrowolnie uda\u0142 si\u0119 z nimi do niewoli niemieckiej. Zosta\u0142 zam\u0119czony w obozie koncentracyjnym w Dachau. B\u0142ogos\u0142awiony o. Micha\u0142 Czartoryski, dominikanin, uczestnik powstania warszawskiego, mia\u0142 powiedzie\u0107: \u201eSzkaplerza ze swej piersi nie zdejm\u0119 i rannego \u017co\u0142nierza nie zostawi\u0119\u201d. Zosta\u0142 rozstrzelany razem z rannymi powsta\u0144cami a jego cia\u0142o sp\u0142on\u0119\u0142o na stosie. Pi\u0119kn\u0105 kart\u0119 wierno\u015bci \u017co\u0142nierzowi zapisali tak\u017ce ksi\u0119\u017ca kapelani, kt\u00f3rzy zostali zamordowani w Katyniu i\u00a0innych miejscach ka\u017ani na Wschodzie.<\/p>\n<p>Tablice umieszczone w ko\u015bcio\u0142ach i kaplicach garnizonowych b\u0119d\u0105 znakiem przypominaj\u0105cym sto lat pos\u0142ugi duszpasterskiej po\u015br\u00f3d \u017co\u0142nierzy i jednocze\u015bnie wzywaj\u0105cym ksi\u0119\u017cy kapelan\u00f3w do dalszego towarzyszenia ludziom w mundurach oraz ich rodzinom. Wszyscy mamy \u015bwiadomo\u015b\u0107 tego, \u017ce na polu walki najwa\u017cniejszy jest \u017co\u0142nierz \u2013 dobrze wyszkolony i uzbrojony. Ale to nie wystarczy! Konieczne s\u0105 duch patriotyzmu oraz determinacja w obronie Ojczyzny. Do odnowy ducha i pog\u0142\u0119biania motywacji w du\u017cym stopniu przyczynia si\u0119 pos\u0142uga duszpasterska kapelan\u00f3w, kt\u00f3rzy g\u0142osz\u0105c s\u0142owo Bo\u017ce tak kszta\u0142tuj\u0105 serca i umys\u0142y \u017co\u0142nierzy, aby byli zdolni do heroicznych postaw w s\u0142u\u017cbie pokoju i\u00a0wolno\u015bci. Najwi\u0119ksze zwyci\u0119skie bitwy: pod Grunwaldem, pod Wiedniem, na przedpolach Warszawy latem 1920 roku, pod Monte Cassino i w wielu innych miejscach poprzedza\u0142a Msza \u015bwi\u0119ta i modlitwa wyruszaj\u0105cych do boju rycerzy i \u017co\u0142nierzy. Biskupi polowi i ksi\u0119\u017ca kapelani przypominali, \u017ce najwy\u017csz\u0105 miar\u0105 mi\u0142o\u015bci jest ofiara \u017cycia: \u201eNikt nie ma wi\u0119kszej mi\u0142o\u015bci od tej, gdy kto\u015b \u017cycie swoje oddaje za przyjaci\u00f3\u0142 swoich\u201d (J 15,13). Zadaniem kapelan\u00f3w Ordynariatu Polowego nie jest obrona terytorium i granic naszej Ojczyzny z\u00a0broni\u0105 w r\u0119ku, ale troska o takie kszta\u0142towanie sumienia ka\u017cdego \u017co\u0142nierza, aby zachowuj\u0105c m\u0119stwo na polu walki, obce mu by\u0142y przemoc, ch\u0119\u0107 nienawi\u015bci i odwetu. Po zako\u0144czonej bitwie nie ma ju\u017c wroga \u2013 jest cz\u0142owiek, kt\u00f3rego godno\u015b\u0107 nale\u017cy uszanowa\u0107.<\/p>\n<p>Umi\u0142owani w Chrystusie Panu, Siostry i Bracia!<\/p>\n<p>Na progu tego wspania\u0142ego jubileuszu pragn\u0119 wyrazi\u0107 wdzi\u0119czno\u015b\u0107 moim poprzednikom, arcybiskupom: Stanis\u0142awowi Gallowi i J\u00f3zefowi Gawlinie, kt\u00f3rzy pi\u0119knie zapisali si\u0119 w\u00a0sercach i umys\u0142ach polskiego wojska, jako dobrzy duszpasterze i znakomici organizatorzy, bliscy \u017co\u0142nierzowi w czasie pokoju i wojennej po\u017cogi. Godny wdzi\u0119czno\u015bci jest arcybiskup S\u0142awoj Leszek G\u0142\u00f3d\u017a, kt\u00f3ry po odzyskaniu przez Polsk\u0119 wolno\u015bci i suwerenno\u015bci, tworzy\u0142 na nowo struktury Ordynariatu Polowego. Mam tak\u017ce we wdzi\u0119cznej pami\u0119ci zaanga\u017cowanie w\u00a0duszpasterstwo wojskowe biskupa Tadeusz P\u0142oskiego, kt\u00f3ry zgin\u0105\u0142 w katastrofie lotniczej pod Smole\u0144skiem.<\/p>\n<p>Rozpoczynaj\u0105c \u015bwi\u0119towanie setnej rocznicy ustanowienia Biskupstwa Polowego, pragn\u0119 przede wszystkim przekaza\u0107 wyrazy szczerej wdzi\u0119czno\u015bci ksi\u0119\u017com kapelanom, pierwszym i\u00a0najwa\u017cniejszym pomocnikom ka\u017cdego biskupa polowego. S\u0142owa podzi\u0119kowania kieruj\u0119 do kadry kierowniczej Ministerstwa Obrony Narodowej, a tak\u017ce oficer\u00f3w i \u017co\u0142nierzy Wojska Polskiego, kt\u00f3rzy otworzyli drzwi koszar dla Chrystusa i duszpasterskiej pos\u0142ugi. Dzi\u0119kuj\u0119 wszystkim, kt\u00f3rzy dzi\u015b wspieraj\u0105 duszpasterstwo wojskowe. Podejmujmy wsp\u00f3lny wysi\u0142ek i\u00a0\u017cyczliw\u0105 wsp\u00f3\u0142prac\u0119 wok\u00f3\u0142 najwa\u017cniejszego celu, jakim jest dobro ka\u017cdego \u017co\u0142nierza, niepodleg\u0142o\u015b\u0107 i bezpiecze\u0144stwo naszej umi\u0142owanej Ojczyzny.<\/p>\n<p>Niech Maryja, Hetmanka \u017bo\u0142nierza Wojska Polskiego, wyprasza nam u Boga \u0142aski na czas pog\u0142\u0119bionej refleksji i radosnego prze\u017cywania jubileuszu setnej rocznicy utworzenia Biskupstwa Polowego.<\/p>\n<p>Z pasterskim b\u0142ogos\u0142awie\u0144stwem.<\/p>\n<p style=\"text-align: right;\">+ J\u00f3zef Guzdek<br \/>\nBiskup Polowy Wojska Polskiego<\/p>\n<p>Warszawa, 2 grudnia 2018 roku<\/p>\n","protected":false},"excerpt":{"rendered":"<p>List Biskupa Polowego z okazji inauguracji jubileuszu setnej rocznicy ustanowienia Biskupstwa Polowego w Polsce \u201eOto nadchodz\u0105 dni, kiedy wype\u0142ni\u0119 pomy\u015bln\u0105 zapowied\u017a, jak\u0105 obwie\u015bci\u0142em domowi izraelskiemu i domowi judzkiemu. (\u2026) W owych dniach i w owym czasie wzbudz\u0119 Dawidowi potomstwo\u2026\u201d (por. Jr 33,14-16) \u2013 te s\u0142owa proroka s\u0142yszeli\u015bmy w dzisiejszym pierwszym czytaniu z Ksi\u0119gi Jeremiasza. Potomkowie rodu Dawida zostali wybrani przez Boga, aby po\u015br\u00f3d nich spe\u0142ni\u0142a si\u0119 Jego obietnica. Zanim jednak narodzi\u0142 si\u0119 Syn Bo\u017cy, Zbawiciel \u015bwiata, podejmowali wiele wysi\u0142k\u00f3w, aby przygotowa\u0107 si\u0119 na t\u0119 prze\u0142omow\u0105 chwil\u0119 w dziejach ludzko\u015bci. Jan Chrzciciel, ostatni z prorok\u00f3w Starego Przymierza, wo\u0142a\u0142: \u201eNawr\u00f3\u0107cie si\u0119, bo bliskie jest kr\u00f3lestwo niebieskie. (\u2026) Przygotujcie drog\u0119 Panu, dla Niego prostujcie \u015bcie\u017cki\u201d (Mt 3,2-3). Ten g\u0142os nie zosta\u0142 zlekcewa\u017cony. Wielkie rzesze przychodzi\u0142y nad Jordan i pyta\u0142y: \u201eCo mamy czyni\u0107?\u201d. Jan Chrzciciel wyja\u015bnia\u0142, \u017ce maj\u0105 si\u0119 nawr\u00f3ci\u0107, podejmowa\u0107 dzie\u0142a mi\u0142osierdzia, \u017cy\u0107 uczciwie i sprawiedliwie (por. \u0141k 3, 10-13). \u201ePytali go te\u017c&hellip;<\/p>\n<p> <a class=\"more-link\" href=\"http:\/\/www.franciszek-walcz.pl\/?p=2402\">Czytaj dalej<\/a><\/p>\n","protected":false},"author":1,"featured_media":0,"comment_status":"open","ping_status":"open","sticky":false,"template":"","format":"standard","meta":{"footnotes":""},"categories":[4],"tags":[],"class_list":{"0":"post-2402","1":"post","2":"type-post","3":"status-publish","4":"format-standard","6":"category-ogloszenia"},"brizy_media":[],"_links":{"self":[{"href":"http:\/\/www.franciszek-walcz.pl\/index.php?rest_route=\/wp\/v2\/posts\/2402","targetHints":{"allow":["GET"]}}],"collection":[{"href":"http:\/\/www.franciszek-walcz.pl\/index.php?rest_route=\/wp\/v2\/posts"}],"about":[{"href":"http:\/\/www.franciszek-walcz.pl\/index.php?rest_route=\/wp\/v2\/types\/post"}],"author":[{"embeddable":true,"href":"http:\/\/www.franciszek-walcz.pl\/index.php?rest_route=\/wp\/v2\/users\/1"}],"replies":[{"embeddable":true,"href":"http:\/\/www.franciszek-walcz.pl\/index.php?rest_route=%2Fwp%2Fv2%2Fcomments&post=2402"}],"version-history":[{"count":2,"href":"http:\/\/www.franciszek-walcz.pl\/index.php?rest_route=\/wp\/v2\/posts\/2402\/revisions"}],"predecessor-version":[{"id":2404,"href":"http:\/\/www.franciszek-walcz.pl\/index.php?rest_route=\/wp\/v2\/posts\/2402\/revisions\/2404"}],"wp:attachment":[{"href":"http:\/\/www.franciszek-walcz.pl\/index.php?rest_route=%2Fwp%2Fv2%2Fmedia&parent=2402"}],"wp:term":[{"taxonomy":"category","embeddable":true,"href":"http:\/\/www.franciszek-walcz.pl\/index.php?rest_route=%2Fwp%2Fv2%2Fcategories&post=2402"},{"taxonomy":"post_tag","embeddable":true,"href":"http:\/\/www.franciszek-walcz.pl\/index.php?rest_route=%2Fwp%2Fv2%2Ftags&post=2402"}],"curies":[{"name":"wp","href":"https:\/\/api.w.org\/{rel}","templated":true}]}}