{"id":2409,"date":"2018-12-08T11:29:38","date_gmt":"2018-12-08T10:29:38","guid":{"rendered":"http:\/\/www.franciszek-walcz.pl\/?p=2409"},"modified":"2018-12-08T11:29:51","modified_gmt":"2018-12-08T10:29:51","slug":"glos-wolajacego-na-pustkowiu","status":"publish","type":"post","link":"http:\/\/www.franciszek-walcz.pl\/?p=2409","title":{"rendered":"G\u0142os wo\u0142aj\u0105cego na pustkowiu"},"content":{"rendered":"<p>Mo\u017cna odnie\u015b\u0107 wra\u017cenie, \u017ce we wsp\u00f3\u0142czesnym \u015bwiecie g\u0142os Ko\u015bcio\u0142a, to w\u0142a\u015bnie &#8222;<strong><em>g\u0142os wo\u0142aj\u0105cego na pustkowiu<\/em><\/strong>&#8222;, g\u0142os, kt\u00f3rego nikt nie s\u0142ucha, g\u0142os \u00a0ostrze\u017cenia, kt\u00f3ry przez wielu jest lekcewa\u017cony. Ko\u015bci\u00f3\u0142 stale i ustawicznie przypomina i nawo\u0142uje: &#8222;<strong><em>przygotujcie drogi dla Pana, prostujcie \u015bcie\u017cki waszego \u017cycia, czy\u0144cie je przejrzystym i klarownym, uczciwym i pe\u0142nym mi\u0142osierdzia<\/em><\/strong>&#8222;. Wszystkie papieskie encykliki i apostolskie podr\u00f3\u017ce, s\u0105 takim w\u0142a\u015bnie g\u0142osem nawo\u0142uj\u0105cym do nawr\u00f3cenie, do przemiany. Tylko, kto zwraca na to uwag\u0119, kto powa\u017cnie i dos\u0142ownie traktuje nawo\u0142ywanie Ko\u015bcio\u0142a? Poch\u0142oni\u0119ci doczesnymi sprawami i interesami, zanurzeni w codzienno\u015bci po uszy, nie mamy nieraz czasu lub si\u0142, aby si\u0119 w to wo\u0142anie Ko\u015bcio\u0142a ws\u0142ucha\u0107, aby go z refleksj\u0105 przyj\u0105\u0107 i przemy\u015ble\u0107. Albo jeszcze cz\u0119\u015bciej, s\u0142ysz\u0105c i rozumiej\u0105c to nawo\u0142ywanie, odrzucamy je jako niemodne, przestarza\u0142e, idealistyczne, konserwatywne, \u015bredniowieczne, klerykalne, zacofane, nie\u017cyciowe, &#8230; itd., itp. Papieskie pielgrzymki, po okresie radosnego i patetycznego uniesienia powszedniej\u0105, wra\u017cenia si\u0119 zacieraj\u0105, uniesienie mija, a \u017cycie zostaje, najcz\u0119\u015bciej takie jakie by\u0142o.<\/p>\n<p>Takie Janowe nawo\u0142ywanie: &#8222;<strong><em>prostujcie \u015bcie\u017cki waszego \u017cycia<\/em><\/strong>&#8222;, jest zawsze wymagaj\u0105ce, zawsze stwarza sytuacj\u0119 napi\u0119cia, konieczno\u015b\u0107 rewizji \u017cycia, czasami niewygodnie uwiera i staje si\u0119 jak kolec, kt\u00f3ry wbi\u0142 si\u0119 w palec i dokucza swoj\u0105 uci\u0105\u017cliw\u0105 obecno\u015bci\u0105. Najlepiej wi\u0119c nie zwraca\u0107 na to nawo\u0142ywanie uwagi, najlepiej przechodzi\u0107 obok oboj\u0119tnie, z u\u015bmieszkiem lekcewa\u017cenia i pob\u0142a\u017cania: &#8222;<strong><em>o takie gadanie dla dewotek<\/em><\/strong>&#8222;. Tylko, \u017ce problem pozostaje, moje \u017cycie nadal czeka na zmian\u0119, na odrodzenie, na nawr\u00f3cenie. Nadal mam jednak co\u015b do naprawienia, nadal par\u0119 spraw w moim \u017cyciu domaga si\u0119 <u>wyprostowania<\/u> &#8230;<\/p>\n<p>A Pan kiedy\u015b przyjdzie. Nie w s\u0142odkim i kiczowatym bo\u017conarodzeniowym obrazku, ale rzeczywi\u015bcie i z moc\u0105! A moje drogi nie s\u0105 nadal proste i \u015bcie\u017cki mojego \u017cycia nadal pogmatwane &#8230; <strong>CZY ZD\u0104\u017b\u0118 to wszystko jeszcze wyprostowa\u0107 ?!?!<\/strong><\/p>\n","protected":false},"excerpt":{"rendered":"<p>Mo\u017cna odnie\u015b\u0107 wra\u017cenie, \u017ce we wsp\u00f3\u0142czesnym \u015bwiecie g\u0142os Ko\u015bcio\u0142a, to w\u0142a\u015bnie &#8222;g\u0142os wo\u0142aj\u0105cego na pustkowiu&#8222;, g\u0142os, kt\u00f3rego nikt nie s\u0142ucha, g\u0142os \u00a0ostrze\u017cenia, kt\u00f3ry przez wielu jest lekcewa\u017cony. Ko\u015bci\u00f3\u0142 stale i ustawicznie przypomina i nawo\u0142uje: &#8222;przygotujcie drogi dla Pana, prostujcie \u015bcie\u017cki waszego \u017cycia, czy\u0144cie je przejrzystym i klarownym, uczciwym i pe\u0142nym mi\u0142osierdzia&#8222;. Wszystkie papieskie encykliki i apostolskie podr\u00f3\u017ce, s\u0105 takim w\u0142a\u015bnie g\u0142osem nawo\u0142uj\u0105cym do nawr\u00f3cenie, do przemiany. Tylko, kto zwraca na to uwag\u0119, kto powa\u017cnie i dos\u0142ownie traktuje nawo\u0142ywanie Ko\u015bcio\u0142a? Poch\u0142oni\u0119ci doczesnymi sprawami i interesami, zanurzeni w codzienno\u015bci po uszy, nie mamy nieraz czasu lub si\u0142, aby si\u0119 w to wo\u0142anie Ko\u015bcio\u0142a ws\u0142ucha\u0107, aby go z refleksj\u0105 przyj\u0105\u0107 i przemy\u015ble\u0107. Albo jeszcze cz\u0119\u015bciej, s\u0142ysz\u0105c i rozumiej\u0105c to nawo\u0142ywanie, odrzucamy je jako niemodne, przestarza\u0142e, idealistyczne, konserwatywne, \u015bredniowieczne, klerykalne, zacofane, nie\u017cyciowe, &#8230; itd., itp. Papieskie pielgrzymki, po okresie radosnego i patetycznego uniesienia powszedniej\u0105, wra\u017cenia si\u0119 zacieraj\u0105, uniesienie mija, a \u017cycie zostaje, najcz\u0119\u015bciej takie&hellip;<\/p>\n<p> <a class=\"more-link\" href=\"http:\/\/www.franciszek-walcz.pl\/?p=2409\">Czytaj dalej<\/a><\/p>\n","protected":false},"author":1,"featured_media":0,"comment_status":"open","ping_status":"open","sticky":false,"template":"","format":"standard","meta":{"footnotes":""},"categories":[5],"tags":[],"class_list":{"0":"post-2409","1":"post","2":"type-post","3":"status-publish","4":"format-standard","6":"category-artykuly"},"brizy_media":[],"_links":{"self":[{"href":"http:\/\/www.franciszek-walcz.pl\/index.php?rest_route=\/wp\/v2\/posts\/2409","targetHints":{"allow":["GET"]}}],"collection":[{"href":"http:\/\/www.franciszek-walcz.pl\/index.php?rest_route=\/wp\/v2\/posts"}],"about":[{"href":"http:\/\/www.franciszek-walcz.pl\/index.php?rest_route=\/wp\/v2\/types\/post"}],"author":[{"embeddable":true,"href":"http:\/\/www.franciszek-walcz.pl\/index.php?rest_route=\/wp\/v2\/users\/1"}],"replies":[{"embeddable":true,"href":"http:\/\/www.franciszek-walcz.pl\/index.php?rest_route=%2Fwp%2Fv2%2Fcomments&post=2409"}],"version-history":[{"count":1,"href":"http:\/\/www.franciszek-walcz.pl\/index.php?rest_route=\/wp\/v2\/posts\/2409\/revisions"}],"predecessor-version":[{"id":2410,"href":"http:\/\/www.franciszek-walcz.pl\/index.php?rest_route=\/wp\/v2\/posts\/2409\/revisions\/2410"}],"wp:attachment":[{"href":"http:\/\/www.franciszek-walcz.pl\/index.php?rest_route=%2Fwp%2Fv2%2Fmedia&parent=2409"}],"wp:term":[{"taxonomy":"category","embeddable":true,"href":"http:\/\/www.franciszek-walcz.pl\/index.php?rest_route=%2Fwp%2Fv2%2Fcategories&post=2409"},{"taxonomy":"post_tag","embeddable":true,"href":"http:\/\/www.franciszek-walcz.pl\/index.php?rest_route=%2Fwp%2Fv2%2Ftags&post=2409"}],"curies":[{"name":"wp","href":"https:\/\/api.w.org\/{rel}","templated":true}]}}