{"id":24100,"date":"2023-05-13T16:12:38","date_gmt":"2023-05-13T14:12:38","guid":{"rendered":"http:\/\/www.franciszek-walcz.pl\/?p=24100"},"modified":"2023-05-13T16:14:24","modified_gmt":"2023-05-13T14:14:24","slug":"ja-bede-go-milowal-i-objawie-mu-siebie","status":"publish","type":"post","link":"http:\/\/www.franciszek-walcz.pl\/?p=24100","title":{"rendered":"\u00abJa b\u0119d\u0119 go mi\u0142owa\u0142 i objawi\u0119 mu siebie\u00bb"},"content":{"rendered":"<p class=\"western\">VI Niedziela Wielkanocy<\/p>\n<p class=\"western\">\u00a0W owym czasie rzek\u0142 Jezus do uczni\u00f3w: \u00abJe\u017celi Mnie mi\u0142ujecie, b\u0119dziecie zachowywa\u0107 moje przykazania. Ja za\u015b b\u0119d\u0119 prosi\u0142 Ojca, a innego Pocieszyciela5 da wam, aby z wami by\u0142 na zawsze &#8211; Ducha Prawdy, kt\u00f3rego \u015bwiat przyj\u0105\u0107 nie mo\u017ce, poniewa\u017c Go nie widzi ani nie zna. Ale wy Go znacie, poniewa\u017c u was przebywa i w was b\u0119dzie. Nie zostawi\u0119 was sierotami: Przyjd\u0119 do was. Jeszcze chwila, a \u015bwiat nie b\u0119dzie ju\u017c Mnie ogl\u0105da\u0142. Ale wy Mnie widzicie, poniewa\u017c Ja \u017cyj\u0119 i wy \u017cy\u0107 b\u0119dziecie. W owym dniu poznacie, \u017ce Ja jestem w Ojcu moim, a wy we Mnie i Ja w was. Kto ma przykazania moje i zachowuje je, ten Mnie mi\u0142uje. Kto za\u015b Mnie mi\u0142uje, ten b\u0119dzie umi\u0142owany przez Ojca mego, a r\u00f3wnie\u017c Ja b\u0119d\u0119 go mi\u0142owa\u0142 i objawi\u0119 mu siebie\u00bb.<\/p>\n<p class=\"western\">\u00abJa b\u0119d\u0119 go mi\u0142owa\u0142 i objawi\u0119 mu siebie\u00bb<\/p>\n<p class=\"western\">Dzisiaj, Jezus \u2014jak to zrobi\u0142 ze swymi uczniami\u2014 \u017cegna si\u0119 i wraca do Ojca, aby by\u0107 uwielbiony. Wydaje si\u0119 to zasmuca\u0107 uczni\u00f3w, kt\u00f3rzy wci\u0105\u017c patrz\u0105 na Niego fizycznym, ludzkim wzrokiem, kt\u00f3ry wierzy, akceptuje i trzyma si\u0119 tylko tego, co widzi i czego dotyka. To uczucie na\u015bladuj\u0105cych, kt\u00f3re r\u00f3wnie\u017c dzi\u015b wyst\u0119puje u wielu chrze\u015bcijan, sk\u0142ania Pana do zapewnienia, \u017ce \u00abnie zostawi\u0119 was sierotami, On poprosi Ojca, aby wys\u0142a\u0142 nam \u00ab Pocieszyciela\u00bb , \u00abDucha Prawdy\u00bb ; i cho\u0107 \u015bwiat nie b\u0119dzie go \u201cwidzie\u0107\u201d, \u00abwy Mnie widzicie, poniewa\u017c Ja \u017cyj\u0119 i wy \u017cy\u0107 b\u0119dziecie\u00bb. I tak, zaufanie i zrozumienie tych s\u0142\u00f3w Jezusa, wzbudz\u0105 w prawdziwym uczniu mi\u0142o\u015b\u0107, kt\u00f3ra uwidoczni si\u0119 jasno w \u00abmieniu Jego przykaza\u0144\u00bb i \u00abzachowaniu ich\u00bb . I wi\u0119cej: kto tak \u017cyje, b\u0119dzie tak samo kochany przez Ojca, i On \u2014Syn \u2014 swego wiernego ucznia umi\u0142uje i mu si\u0119 objawi .<\/p>\n<p>W\u015br\u00f3d codziennych problem\u00f3w \u2014gdzie nasze serce przyt\u0142aczaj\u0105 cienie w\u0105tpliwo\u015bci, rozpaczy i zm\u0119czenia rzeczami, kt\u00f3re wydaj\u0105 si\u0119 nie mie\u0107 rozwi\u0105zania lub zabrn\u0119\u0142y w \u015blepy zau\u0142ek\u2014 Jezus zach\u0119ca nas, aby czu\u0107 zawsze Jego obecno\u015b\u0107, aby umie\u0107 odkry\u0107, \u017ce jest \u017cywy i kocha nas, a r\u00f3wnocze\u015bnie temu, kto zrobi stanowczy krok i b\u0119dzie zachowywa\u0142 Jego przykazania, gwarantuje ukaza\u0107 si\u0119 w pe\u0142ni w nowym i zmartwychwsta\u0142ym \u017cyciu.<\/p>\n<p>Dzi\u015b, objawia sie nam \u017cywy i obecny, w naukach Pisma kt\u00f3rego s\u0142uchamy i w Eucharystii, kt\u00f3r\u0105 otrzymamy. \u2014Niech twoja odpowied\u017a b\u0119dzie odpowiedzi\u0105 nowego \u017cycia, kt\u00f3re si\u0119 oddaje, by zachowa\u0107 Jego przykazania, a w szczeg\u00f3lno\u015bci przykazanie mi\u0142o\u015bci.<\/p>\n","protected":false},"excerpt":{"rendered":"<p>VI Niedziela Wielkanocy \u00a0W owym czasie rzek\u0142 Jezus do uczni\u00f3w: \u00abJe\u017celi Mnie mi\u0142ujecie, b\u0119dziecie zachowywa\u0107 moje przykazania. Ja za\u015b b\u0119d\u0119 prosi\u0142 Ojca, a innego Pocieszyciela5 da wam, aby z wami by\u0142 na zawsze &#8211; Ducha Prawdy, kt\u00f3rego \u015bwiat przyj\u0105\u0107 nie mo\u017ce, poniewa\u017c Go nie widzi ani nie zna. Ale wy Go znacie, poniewa\u017c u was przebywa i w was b\u0119dzie. Nie zostawi\u0119 was sierotami: Przyjd\u0119 do was. Jeszcze chwila, a \u015bwiat nie b\u0119dzie ju\u017c Mnie ogl\u0105da\u0142. Ale wy Mnie widzicie, poniewa\u017c Ja \u017cyj\u0119 i wy \u017cy\u0107 b\u0119dziecie. W owym dniu poznacie, \u017ce Ja jestem w Ojcu moim, a wy we Mnie i Ja w was. Kto ma przykazania moje i zachowuje je, ten Mnie mi\u0142uje. Kto za\u015b Mnie mi\u0142uje, ten b\u0119dzie umi\u0142owany przez Ojca mego, a r\u00f3wnie\u017c Ja b\u0119d\u0119 go mi\u0142owa\u0142 i objawi\u0119 mu siebie\u00bb. \u00abJa b\u0119d\u0119 go mi\u0142owa\u0142 i objawi\u0119 mu siebie\u00bb Dzisiaj, Jezus \u2014jak to zrobi\u0142 ze swymi&hellip;<\/p>\n<p> <a class=\"more-link\" href=\"http:\/\/www.franciszek-walcz.pl\/?p=24100\">Czytaj dalej<\/a><\/p>\n","protected":false},"author":1,"featured_media":0,"comment_status":"closed","ping_status":"closed","sticky":false,"template":"","format":"standard","meta":{"footnotes":""},"categories":[1],"tags":[],"class_list":{"0":"post-24100","1":"post","2":"type-post","3":"status-publish","4":"format-standard","6":"category-uncategorized"},"brizy_media":[],"_links":{"self":[{"href":"http:\/\/www.franciszek-walcz.pl\/index.php?rest_route=\/wp\/v2\/posts\/24100","targetHints":{"allow":["GET"]}}],"collection":[{"href":"http:\/\/www.franciszek-walcz.pl\/index.php?rest_route=\/wp\/v2\/posts"}],"about":[{"href":"http:\/\/www.franciszek-walcz.pl\/index.php?rest_route=\/wp\/v2\/types\/post"}],"author":[{"embeddable":true,"href":"http:\/\/www.franciszek-walcz.pl\/index.php?rest_route=\/wp\/v2\/users\/1"}],"replies":[{"embeddable":true,"href":"http:\/\/www.franciszek-walcz.pl\/index.php?rest_route=%2Fwp%2Fv2%2Fcomments&post=24100"}],"version-history":[{"count":2,"href":"http:\/\/www.franciszek-walcz.pl\/index.php?rest_route=\/wp\/v2\/posts\/24100\/revisions"}],"predecessor-version":[{"id":24102,"href":"http:\/\/www.franciszek-walcz.pl\/index.php?rest_route=\/wp\/v2\/posts\/24100\/revisions\/24102"}],"wp:attachment":[{"href":"http:\/\/www.franciszek-walcz.pl\/index.php?rest_route=%2Fwp%2Fv2%2Fmedia&parent=24100"}],"wp:term":[{"taxonomy":"category","embeddable":true,"href":"http:\/\/www.franciszek-walcz.pl\/index.php?rest_route=%2Fwp%2Fv2%2Fcategories&post=24100"},{"taxonomy":"post_tag","embeddable":true,"href":"http:\/\/www.franciszek-walcz.pl\/index.php?rest_route=%2Fwp%2Fv2%2Ftags&post=24100"}],"curies":[{"name":"wp","href":"https:\/\/api.w.org\/{rel}","templated":true}]}}