{"id":24126,"date":"2023-05-20T11:32:03","date_gmt":"2023-05-20T09:32:03","guid":{"rendered":"http:\/\/www.franciszek-walcz.pl\/?p=24126"},"modified":"2023-05-20T11:33:01","modified_gmt":"2023-05-20T09:33:01","slug":"ja-pozostalem-z-wami","status":"publish","type":"post","link":"http:\/\/www.franciszek-walcz.pl\/?p=24126","title":{"rendered":"JA POZOSTA\u0141EM Z WAMI\u00a0"},"content":{"rendered":"<p class=\"western\" align=\"left\"><span style=\"color: #ffffff;\"><span style=\"font-family: Arial;\"><span style=\"font-size: xx-large;\"><b>Niedziela Wniebowst\u0105pienia Pa\u0144skiego <\/b><\/span><\/span><\/span><\/p>\n<p class=\"western\" align=\"left\"><span style=\"color: #ff6600;\"><span style=\"font-family: Arial;\"><span style=\"font-size: large;\">Jedenastu uczni\u00f3w uda\u0142o si\u0119 do Galilei na g\u00f3r\u0119, tam gdzie Jezus im poleci\u0142. A gdy Go ujrzeli, oddali mu pok\u0142on. Niekt\u00f3rzy jednak w\u0105tpili. Wtedy Jezus zbli\u017cy\u0142 si\u0119 do nich i przem\u00f3wi\u0142 tymi s\u0142owami: \u201eDana Mi jest wszelka w\u0142adza w niebie i na ziemi. Id\u017acie wi\u0119c i nauczajcie wszystkie narody, udzielaj\u0105c im chrztu w imi\u0119 Ojca i Syna, i Ducha \u015awi\u0119tego. Uczcie je zachowywa\u0107 wszystko, co wam przykaza\u0142em. A oto Ja jestem z wami przez wszystkie dni, a\u017c do sko\u0144czenia \u015bwiata\u201d (Mt 28, 16-20).<\/span><\/span><\/span><\/p>\n<p class=\"western\" align=\"left\"><span style=\"color: #ff6600;\"><span style=\"font-family: Arial;\"><span style=\"font-size: x-large;\"><b>JA POZOSTA\u0141EM Z WAMI\u00a0\u00a0<\/b><\/span><\/span><\/span><\/p>\n<p class=\"western\" align=\"left\"><span style=\"font-size: large;\">Dzisiaj prze\u017cywamy uroczysto\u015b\u0107 Wniebowst\u0105pienia Pa\u0144skiego. Ta dzisiejsza uroczysto\u015b\u0107 jest troch\u0119 smutna, a\u00a0 troch\u0119\u00a0 radosna. Dlaczego?<br \/>\nSmutna, bo Pan Jezus dzi\u015b\u00a0 opuszcza ziemi\u0119 i nie mo\u017cna Go ju\u017c spotka\u0107 tak jak spotykamy innych ludzi. Nie mo\u017cna spojrze\u0107 Panu Jezusowi w oczy i porozmawia\u0107, jak rozmawia si\u0119 z przyjaci\u00f3\u0142mi.<br \/>\nRadosna, bo Pan Jezus wykona\u0142 swoje ziemskie zadanie, swoj\u0105 misj\u0119 i poszed\u0142 przygotowa\u0107 nam miejsce, by\u015bmy byli zawsze szcz\u0119\u015bliwi w niebie.<\/span><\/p>\n<p class=\"western\" align=\"left\"><span style=\"font-size: large;\"><br \/>\nMo\u017cemy powiedzie\u0107, \u017ce Pan Jezus stawia dzi\u015b ostatni krok w ziemskim \u017cyciu ? wst\u0119puje do Nieba. Od przyj\u015bcia na \u015bwiat w Betlejem, a\u017c do Wniebowst\u0105pienia, Pan Jezus przeszed\u0142 niezwyk\u0142\u0105 drog\u0119. Chcia\u0142 nam pokaza\u0107 jak trzeba \u017cy\u0107, aby nie zgubi\u0107 drogi do szcz\u0119\u015bcia wiecznego. Chcia\u0142 nam pokaza\u0107, \u017ce nie tylko zna t\u0119 drog\u0119, \u017ce wie w kt\u00f3rym kierunku trzeba i\u015b\u0107, ale sam t\u0119 drog\u0119 przeszed\u0142, aby\u015bmy si\u0119 nie obawiali zaufa\u0107 Mu i p\u00f3j\u015b\u0107 Jego \u015bladami.<br \/>\nPan Jezus\u00a0 powiedzia\u0142 o sobie: ?Ja jestem Drog\u0105?. Co to znaczy, \u017ce Pan Jezus jest drog\u0105? Jak\u0105 drog\u0105 i dok\u0105d ta droga prowadzi? Wyobra\u017amy sobie, \u017ce jeste\u015bmy gdzie\u015b w bardzo du\u017cym, zupe\u0142nie nieznanym mie\u015bcie i zagubili\u015bmy si\u0119, nie wiemy dok\u0105d i\u015b\u0107. Zapytany przechodzie\u0144 m\u00f3wi, \u017ce trzeba i\u015b\u0107 bardzo daleko, przez wiele ulic, skrzy\u017cowa\u0144 i most\u00f3w. Wtedy zapewne pomy\u015bleliby\u015bmy sobie, \u017ce nie trafimy do celu, \u017ce zab\u0142\u0105dzimy. A wyobra\u017amy sobie, \u017ce zapytany przechodzie\u0144 podaje nam r\u0119k\u0119 i m\u00f3wi do nas, \u017ce zaprowadzi nas do celu, \u017ce w\u0142a\u015bnie idzie w to samo miejsce. Wtedy z wielk\u0105 rado\u015bci\u0105\u00a0 w sercu i u\u015bmiechem na twarzy pomy\u015bleliby\u015bmy sobie, \u017ce to kto\u015b pomocny i uprzejmy, nie tylko pokaza\u0142 nam drog\u0119, ale sta\u0142 si\u0119 drog\u0105. Tak w\u0142a\u015bnie Pan Jezus sta\u0142 si\u0119 nasz\u0105 drog\u0105 do nieba. Cz\u0142owiek na ziemi \u017cyje tylko raz, cz\u0119sto nie wie jak post\u0105pi\u0107, co wybra\u0107, w kt\u00f3rym kierunku i\u015b\u0107. To troch\u0119 tak, jakby znalaz\u0142 si\u0119 w wielkim, nieznanym mie\u015bcie. I ka\u017cdy potrzebuje jakiego\u015b przewodnika, kt\u00f3ry wska\u017ce drog\u0119.<br \/>\nPan Jezus nie powiedzia\u0142, \u017ce tylko poka\u017ce drog\u0119, ale \u017ce On sam jest drog\u0105! Co wi\u0119cej, On prowadzi nas przez ca\u0142e \u017cycie drog\u0105 do nieba. Nie\u00a0 naj\u0142atwiejsz\u0105, czasem trudn\u0105,\u00a0 ale za to drog\u0105 ca\u0142kowicie pewn\u0105, drog\u0105, kt\u00f3r\u0105 sam przeszed\u0142.\u00a0 Drog\u0105, kt\u00f3r\u0105, powiedzieliby\u015bmy, osobi\u015bcie sprawdzi\u0142.<br \/>\nI dzisiejsza uroczysto\u015b\u0107 to jakby dope\u0142nienie tej Jezusowej drogi, to jakby ostatni krok do nieba. Popatrzmy, jak przedziwnie Jezus prowadzi nas przez ca\u0142e \u017cycie do nieba. Kiedy zostali\u015bmy ochrzczeni w imi\u0119 Boga w Tr\u00f3jcy \u015awi\u0119tej, w imi\u0119 Ojca, Syna i Ducha \u015awi\u0119tego, stali\u015bmy si\u0119 dzie\u0107mi Bo\u017cymi. Wtedy Pan Jezus po raz pierwszy poda\u0142 nam swoj\u0105 r\u0119k\u0119 i szepn\u0105\u0142 nam do ucha, \u017ce nas kocha i b\u0119dzie nas prowadzi\u0142 przez ca\u0142e \u017cycie, aby\u015bmy nie zab\u0142\u0105dzili, i nie zgubili drogi do nieba. W Pierwszej Komunii \u015awi\u0119tej staje si\u0119 dla nas Chlebem z Nieba, pokarmem, duchow\u0105 witamin\u0105, aby da\u0107 du\u017co si\u0142, by\u015bmy nie ustali w tej trudnej drodze. Kiedy wchodzimy w doros\u0142e \u017cycie Jezus zsy\u0142a nam Ducha \u015awi\u0119tego, aby Jego dary pomaga\u0142y nam m\u0119\u017cnie wyznawa\u0107 wiar\u0119, broni\u0107 jej i \u017cy\u0107 wed\u0142ug niej . Kiedy spotkamy na swojej drodze kogo\u015b wspania\u0142ego, kogo szczerze kochamy, Pan Jezus w Sakramencie Ma\u0142\u017ce\u0144stwa umacnia nasz\u0105 ludzk\u0105 mi\u0142o\u015b\u0107 i zapewni pomoc, aby ta mi\u0142o\u015b\u0107 nigdy si\u0119 nie sko\u0144czy\u0142a. A je\u015bli kto\u015b odkryje powo\u0142anie do s\u0142u\u017cby Bo\u017cej, to Pan Jezus w Sakramencie Kap\u0142a\u0144stwa obdarzy go niezwyk\u0142\u0105 \u0142ask\u0105, by by\u0142 szafarzem Bo\u017cych tajemnic, by g\u0142osi\u0142 S\u0142owo Bo\u017ce i rozdziela\u0142 Chleb Pa\u0144ski. Kiedy za\u015b nasze \u017cycie powoli b\u0119dzie gas\u0142o i zd\u0105\u017ca\u0142o ku ko\u0144cowi, kiedy b\u0119dzie nam brakowa\u0142o ju\u017c si\u0142 i zdrowia, Pan Jezus w Sakramencie Namaszczenia Chorych raz jeszcze zapewni nas o swojej mi\u0142o\u015bci, poprawi u\u015bcisk d\u0142oni i przeprowadzi nas na drug\u0105 stron\u0119 \u017cycia, do nieba.\u00a0 To w\u0142a\u015bnie znaczy, \u017ce Jezus jest nasz\u0105 drog\u0105 do nieba. On wst\u0105pi\u0142 do nieba, aby\u00a0 zapewni\u0107 nas, \u017ce dobrze zna t\u0119 drog\u0119 i aby nam przygotowa\u0107 miejsce przy Bogu.<br \/>\nGdy m\u00f3wimy o wej\u015bciu do nieba, to przypominaj\u0105 mi si\u0119 s\u0142owa \u015bw. Augustyna, kt\u00f3ry powiedzia\u0142: ? Do nieba nie wejdzie ani pycha, ani gniew, ani sk\u0105pstwo, ani nieczysto\u015b\u0107?. Te s\u0142owa m\u00f3wi\u0105, \u017ce id\u0105c z Jezusem przez \u017cycie, musimy wiele pracowa\u0107 nad sob\u0105, nad swoimi wadami. Trzeba pozby\u0107 si\u0119\u00a0 grzech\u00f3w, kt\u00f3re utrudniaj\u0105 w\u0119dr\u00f3wk\u0119 do nieba. Na pewno z Jezusem, dzi\u0119ki Jego \u0142asce i pomocy, mo\u017cemy si\u0119 stale przemienia\u0107 i udoskonala\u0107, aby sta\u0107 si\u0119 godnymi ogl\u0105dania Boga w niebie.<br \/>\nDzi\u015b mo\u017cemy powiedzie\u0107: Jak to dobrze, \u017ce nale\u017cymy do Pana Jezusa, \u017ce On nas kocha, \u017ce jest naszym Przewodnikiem w drodze do nieba. Jak to dobrze, \u017ce od momentu Chrztu \u015awi\u0119tego\u00a0 Pan Jezus trzyma nasz\u0105 r\u0119k\u0119 i pomaga nam pokona\u0107 wszystkie przeszkody, aby\u015bmy byli zbawieni.<br \/>\nDzi\u0119kujemy Ci, Chryste Panie,<br \/>\nza Twe w chwale przebywanie.<br \/>\nTam i na nas miejsce czeka,<br \/>\nBo masz wieczno\u015b\u0107 dla cz\u0142owieka.\u00a0 \u00a0<\/span><\/p>\n","protected":false},"excerpt":{"rendered":"<p>Niedziela Wniebowst\u0105pienia Pa\u0144skiego Jedenastu uczni\u00f3w uda\u0142o si\u0119 do Galilei na g\u00f3r\u0119, tam gdzie Jezus im poleci\u0142. A gdy Go ujrzeli, oddali mu pok\u0142on. Niekt\u00f3rzy jednak w\u0105tpili. Wtedy Jezus zbli\u017cy\u0142 si\u0119 do nich i przem\u00f3wi\u0142 tymi s\u0142owami: \u201eDana Mi jest wszelka w\u0142adza w niebie i na ziemi. Id\u017acie wi\u0119c i nauczajcie wszystkie narody, udzielaj\u0105c im chrztu w imi\u0119 Ojca i Syna, i Ducha \u015awi\u0119tego. Uczcie je zachowywa\u0107 wszystko, co wam przykaza\u0142em. A oto Ja jestem z wami przez wszystkie dni, a\u017c do sko\u0144czenia \u015bwiata\u201d (Mt 28, 16-20). JA POZOSTA\u0141EM Z WAMI\u00a0\u00a0 Dzisiaj prze\u017cywamy uroczysto\u015b\u0107 Wniebowst\u0105pienia Pa\u0144skiego. Ta dzisiejsza uroczysto\u015b\u0107 jest troch\u0119 smutna, a\u00a0 troch\u0119\u00a0 radosna. Dlaczego? Smutna, bo Pan Jezus dzi\u015b\u00a0 opuszcza ziemi\u0119 i nie mo\u017cna Go ju\u017c spotka\u0107 tak jak spotykamy innych ludzi. Nie mo\u017cna spojrze\u0107 Panu Jezusowi w oczy i porozmawia\u0107, jak rozmawia si\u0119 z przyjaci\u00f3\u0142mi. Radosna, bo Pan Jezus wykona\u0142 swoje ziemskie zadanie, swoj\u0105 misj\u0119 i poszed\u0142 przygotowa\u0107&hellip;<\/p>\n<p> <a class=\"more-link\" href=\"http:\/\/www.franciszek-walcz.pl\/?p=24126\">Czytaj dalej<\/a><\/p>\n","protected":false},"author":1,"featured_media":0,"comment_status":"closed","ping_status":"closed","sticky":false,"template":"","format":"standard","meta":{"footnotes":""},"categories":[1],"tags":[],"class_list":{"0":"post-24126","1":"post","2":"type-post","3":"status-publish","4":"format-standard","6":"category-uncategorized"},"brizy_media":[],"_links":{"self":[{"href":"http:\/\/www.franciszek-walcz.pl\/index.php?rest_route=\/wp\/v2\/posts\/24126","targetHints":{"allow":["GET"]}}],"collection":[{"href":"http:\/\/www.franciszek-walcz.pl\/index.php?rest_route=\/wp\/v2\/posts"}],"about":[{"href":"http:\/\/www.franciszek-walcz.pl\/index.php?rest_route=\/wp\/v2\/types\/post"}],"author":[{"embeddable":true,"href":"http:\/\/www.franciszek-walcz.pl\/index.php?rest_route=\/wp\/v2\/users\/1"}],"replies":[{"embeddable":true,"href":"http:\/\/www.franciszek-walcz.pl\/index.php?rest_route=%2Fwp%2Fv2%2Fcomments&post=24126"}],"version-history":[{"count":2,"href":"http:\/\/www.franciszek-walcz.pl\/index.php?rest_route=\/wp\/v2\/posts\/24126\/revisions"}],"predecessor-version":[{"id":24128,"href":"http:\/\/www.franciszek-walcz.pl\/index.php?rest_route=\/wp\/v2\/posts\/24126\/revisions\/24128"}],"wp:attachment":[{"href":"http:\/\/www.franciszek-walcz.pl\/index.php?rest_route=%2Fwp%2Fv2%2Fmedia&parent=24126"}],"wp:term":[{"taxonomy":"category","embeddable":true,"href":"http:\/\/www.franciszek-walcz.pl\/index.php?rest_route=%2Fwp%2Fv2%2Fcategories&post=24126"},{"taxonomy":"post_tag","embeddable":true,"href":"http:\/\/www.franciszek-walcz.pl\/index.php?rest_route=%2Fwp%2Fv2%2Ftags&post=24126"}],"curies":[{"name":"wp","href":"https:\/\/api.w.org\/{rel}","templated":true}]}}