{"id":24151,"date":"2023-05-31T16:39:19","date_gmt":"2023-05-31T14:39:19","guid":{"rendered":"http:\/\/www.franciszek-walcz.pl\/?p=24151"},"modified":"2023-05-31T16:42:21","modified_gmt":"2023-05-31T14:42:21","slug":"uroczystosc-zeslania-ducha-swietego-2","status":"publish","type":"post","link":"http:\/\/www.franciszek-walcz.pl\/?p=24151","title":{"rendered":"Uroczysto\u015b\u0107 Zes\u0142ania Ducha \u015awi\u0119tego"},"content":{"rendered":"<p class=\"western\"><span style=\"font-size: large;\">Dzi\u015b mija pi\u0119\u0107dziesi\u0105ty dzie\u0144 po Zmartwychwstaniu Pana Jezusa.\u00a0 Prze\u017cywamy Uroczysto\u015b\u0107 Zes\u0142ania Ducha \u015awi\u0119tego. Co wiemy o Duchu \u015awi\u0119tym?\u00a0 Z katechizmu pami\u0119tamy, \u017ce Duch \u015awi\u0119ty to Trzecia Osoba Tr\u00f3jcy \u015awi\u0119tej, kt\u00f3ra pochodzi od Ojca i Syna. W zasadzie to wszystko, co wielu chrze\u015bcijan, nie tylko tych najm\u0142odszych, wie o Duchu \u015awi\u0119tym. Prawda, \u017ce\u00a0 niewiele? Tote\u017c nic dziwnego, \u017ce niekt\u00f3rzy nazywaj\u0105 Ducha \u015awi\u0119tego Bogiem Nieznanym.<\/span><\/p>\n<p class=\"western\"><span style=\"font-size: large;\">Wiele wiemy o Bogu Ojcu, kt\u00f3ry stworzy\u0142 ca\u0142y \u015bwiat i opiekuje si\u0119 nim, kt\u00f3ry stworzy\u0142 cz\u0142owieka i ma wobec niego wspania\u0142y plan zbawienia, kt\u00f3ry stworzy\u0142 niebo, gdzie jest przygotowane miejsce dla nas. Wiele wiemy\u00a0 o Jezusie Chrystusie, kt\u00f3ry jest Synem Bo\u017cym, narodzonym w Betlejem z Maryi Panny, kt\u00f3ry g\u0142osi\u0142 Ewangeli\u0119, cierpia\u0142 za ludzkie grzechy, umar\u0142 i zmartwychwsta\u0142 dla naszego odkupienia, kt\u00f3ry wst\u0105pi\u0142 do nieba i siedzi po prawicy Ojca. A o Duchu \u015awi\u0119tym wiemy naprawd\u0119 niewiele. A przecie\u017c dzisiejsza Uroczysto\u015b\u0107 jest jedn\u0105 z najwa\u017cniejszych w ci\u0105gu ca\u0142ego roku!<br \/>\n\u017beby pozna\u0107 lepiej Ducha \u015awi\u0119tego, przypatrzmy si\u0119 co On takiego zdzia\u0142a\u0142, czego dokona\u0142 i co zmieni\u0142. Sp\u00f3jrzmy na Aposto\u0142\u00f3w przed Zes\u0142aniem i po Zes\u0142aniu Ducha \u015awi\u0119tego, zobaczmy co si\u0119 w ich \u017cyciu zmieni\u0142o. Poznamy w ten spos\u00f3b nieco lepiej Ducha \u015awi\u0119tego.<br \/>\nPo \u015bmierci Pana Jezusa na Krzy\u017cu, zanim Aposto\u0142owie otrzymali moc Ducha \u015awi\u0119tego, zamkn\u0119li si\u0119 w Wieczerniku, zwyczajnie po ludzku bali si\u0119, \u017ce zostan\u0105\u00a0 uwi\u0119zieni, a mo\u017ce nawet, tak jak Pan Jezus, zabici. Nie rozumieli wielu spraw, nie zrozumieli tego, co si\u0119 naprawd\u0119 wydarzy\u0142o, dlaczego Jezus cierpia\u0142,\u00a0 i umar\u0142.\u00a0 Byli bezradni, zagubieni, zasmuceni, za\u0142amani. Mo\u017cemy powiedzie\u0107, \u017ce nie by\u0142o w nich ducha, \u017ce nie by\u0142o w nich \u017cycia! I oto nagle, w jednej chwili wszystko si\u0119 zmieni\u0142o. Zst\u0105pi\u0142 na nich Duch \u015awi\u0119ty i Aposto\u0142owie zrozumieli to, co do tej pory by\u0142o dla nich zbyt trudne do poj\u0119cia. Otworzy\u0142y si\u0119 im oczy. Zrozumieli wszystko! Zrozumieli Ewangeli\u0119, zrozumieli, jak wspania\u0142e plany ma B\u00f3g wobec cz\u0142owieka. Otworzyli drzwi Wieczernika i wyszli na ulice, aby z moc\u0105 g\u0142osi\u0107 Ewangeli\u0119. Przestali si\u0119 ba\u0107. Duch \u015awi\u0119ty udzieli\u0142 im swoich dar\u00f3w: m\u0105dro\u015bci, rozumu, rady, m\u0119stwa, umiej\u0119tno\u015bci, pobo\u017cno\u015bci i boja\u017ani Bo\u017cej.\u00a0\u00a0 Aposto\u0142owie po Zes\u0142aniu na nich Ducha \u015awi\u0119tego stali si\u0119\u00a0 nowymi lud\u017ami, odnowionymi wewn\u0119trznie. Wszystko zrozumieli\u00a0 i nikogo si\u0119\u00a0 ju\u017c nie obawiali. Nikogo pr\u00f3cz Boga. Stan\u0119li przed s\u0105dem i m\u00f3wili odwa\u017cnie, \u017ce bardziej trzeba s\u0142ucha\u0107 Boga ni\u017c ludzi, nawet je\u017celi za to trzeba b\u0119dzie i\u015b\u0107 do wi\u0119zienia, nawet je\u017celi trzeba b\u0119dzie umrze\u0107. W Pi\u015bmie \u015awi\u0119tym czytamy, \u017ce Aposto\u0142owie\u00a0 odchodz\u0105c sprzed Sanhedrynu cieszyli si\u0119, \u017ce stali si\u0119 godni cierpie\u0107 dla imienia Jezusa. By\u0142a to dla nich okazja \u017ceby udowodni\u0107 swoj\u0105 mi\u0142o\u015b\u0107 do Boga. Co wi\u0119cej, wszyscy Aposto\u0142owie, z wyj\u0105tkiem \u015bw. Jana, kt\u00f3ry zmar\u0142 \u015bmierci\u0105 naturaln\u0105, ponie\u015bli \u015bmier\u0107 m\u0119cze\u0144sk\u0105, oddali za Chrystusa\u00a0\u00a0 swoje \u017cycie. \u0141atwo mogli uratowa\u0107 swoje \u017cycie, wystarczy\u0142o, aby wyrzekli si\u0119 wiary w Chrystusa, aby nie g\u0142osili Ewangelii. Ale oni woleli umrze\u0107, ni\u017c zdradzi\u0107 Chrystusa! Byli a\u017c tak odwa\u017cni!<br \/>\nTakich cud\u00f3w dokona\u0142 w \u017cyciu Aposto\u0142\u00f3w Duch \u015awi\u0119ty. Tak zmieni\u0142 ich serca i umys\u0142y. Da\u0142 im niezwyk\u0142\u0105 m\u0105dro\u015b\u0107 i wielk\u0105 odwag\u0119. Mo\u017cemy powiedzie\u0107, \u017ce Duch \u015awi\u0119ty to prawdziwy Mocarz Serc. Tylko On mo\u017ce dokona\u0107 tak niezwyk\u0142ych rzeczy w sercu cz\u0142owieka, tylko On mo\u017ce da\u0107 tak\u0105 m\u0105dro\u015b\u0107 i odwag\u0119. Tote\u017c nic dziwnego, \u017ce przed lekcjami w szkole, przed klas\u00f3wkami, przed egzaminem,\u00a0 przed podj\u0119ciem trudnych decyzji, modlimy si\u0119 w\u0142a\u015bnie do Niego, do Ducha \u015awi\u0119tego, o Jego \u015bwiat\u0142o i m\u0105dro\u015b\u0107. Nic dziwnego, \u017ce do Ducha \u015awi\u0119tego modlimy si\u0119 o odwag\u0119 w czynieniu dobra.<br \/>\nKa\u017cdy z nas otrzyma\u0142 na Chrzcie \u015awi\u0119tym ?zal\u0105\u017cek? Ducha \u015awi\u0119tego, Jego dary bardziej \u015bwiadomie przyjmujemy w Sakramencie Bierzmowania.<br \/>\nTak\u017ce w Sakramencie Pokuty i Pojednania dzia\u0142a Duch \u015awi\u0119ty. Zmartwychwsta\u0142y Jezus przekaza\u0142 Aposto\u0142om dar Ducha \u015awi\u0119tego, aby odpuszczali grzechy i u\u015bwi\u0119cali wierz\u0105cych.\u00a0 To Duch \u015awi\u0119ty daje nam rozeznanie, aby\u015bmy lepiej poznali to, kim jeste\u015bmy i to, kim mo\u017cemy by\u0107, oraz kim chcia\u0142by nas widzie\u0107 dobry B\u00f3g.\u00a0 Duch \u015awi\u0119ty w tym sakramencie\u00a0 daje nam tak\u017ce moc i si\u0142\u0119 do odwa\u017cnego wyznawania wiary i do \u017cycia wed\u0142ug Ewangelii. Duch \u015awi\u0119ty sprawia w cz\u0142owieku nowe \u017cycie, w kt\u00f3rym dojrzewaj\u0105 Jego owoce, takie jak\u00a0 mi\u0142o\u015b\u0107, rado\u015b\u0107 pok\u00f3j czy cierpliwo\u015b\u0107.<br \/>\nDzi\u015b, w Uroczysto\u015b\u0107 Zes\u0142ania Ducha \u015awi\u0119tego, w ?imieniny Ducha \u015awi\u0119tego?,\u00a0 pro\u015bmy o Jego dary dla nas, a przede wszystkim o dar m\u0105dro\u015bci, aby\u015bmy rozumieli to co jest\u00a0 wa\u017cne w naszym \u017cyciu i o dar m\u0119stwa, by\u015bmy nigdy nie wstydzili si\u0119 Boga, ale odwa\u017cnie Go wyznawali przed lud\u017ami.<\/span><\/p>\n","protected":false},"excerpt":{"rendered":"<p>Dzi\u015b mija pi\u0119\u0107dziesi\u0105ty dzie\u0144 po Zmartwychwstaniu Pana Jezusa.\u00a0 Prze\u017cywamy Uroczysto\u015b\u0107 Zes\u0142ania Ducha \u015awi\u0119tego. Co wiemy o Duchu \u015awi\u0119tym?\u00a0 Z katechizmu pami\u0119tamy, \u017ce Duch \u015awi\u0119ty to Trzecia Osoba Tr\u00f3jcy \u015awi\u0119tej, kt\u00f3ra pochodzi od Ojca i Syna. W zasadzie to wszystko, co wielu chrze\u015bcijan, nie tylko tych najm\u0142odszych, wie o Duchu \u015awi\u0119tym. Prawda, \u017ce\u00a0 niewiele? Tote\u017c nic dziwnego, \u017ce niekt\u00f3rzy nazywaj\u0105 Ducha \u015awi\u0119tego Bogiem Nieznanym. Wiele wiemy o Bogu Ojcu, kt\u00f3ry stworzy\u0142 ca\u0142y \u015bwiat i opiekuje si\u0119 nim, kt\u00f3ry stworzy\u0142 cz\u0142owieka i ma wobec niego wspania\u0142y plan zbawienia, kt\u00f3ry stworzy\u0142 niebo, gdzie jest przygotowane miejsce dla nas. Wiele wiemy\u00a0 o Jezusie Chrystusie, kt\u00f3ry jest Synem Bo\u017cym, narodzonym w Betlejem z Maryi Panny, kt\u00f3ry g\u0142osi\u0142 Ewangeli\u0119, cierpia\u0142 za ludzkie grzechy, umar\u0142 i zmartwychwsta\u0142 dla naszego odkupienia, kt\u00f3ry wst\u0105pi\u0142 do nieba i siedzi po prawicy Ojca. A o Duchu \u015awi\u0119tym wiemy naprawd\u0119 niewiele. A przecie\u017c dzisiejsza Uroczysto\u015b\u0107 jest jedn\u0105 z najwa\u017cniejszych w ci\u0105gu ca\u0142ego&hellip;<\/p>\n<p> <a class=\"more-link\" href=\"http:\/\/www.franciszek-walcz.pl\/?p=24151\">Czytaj dalej<\/a><\/p>\n","protected":false},"author":1,"featured_media":0,"comment_status":"closed","ping_status":"closed","sticky":false,"template":"","format":"standard","meta":{"footnotes":""},"categories":[5],"tags":[],"class_list":{"0":"post-24151","1":"post","2":"type-post","3":"status-publish","4":"format-standard","6":"category-artykuly"},"brizy_media":[],"_links":{"self":[{"href":"http:\/\/www.franciszek-walcz.pl\/index.php?rest_route=\/wp\/v2\/posts\/24151","targetHints":{"allow":["GET"]}}],"collection":[{"href":"http:\/\/www.franciszek-walcz.pl\/index.php?rest_route=\/wp\/v2\/posts"}],"about":[{"href":"http:\/\/www.franciszek-walcz.pl\/index.php?rest_route=\/wp\/v2\/types\/post"}],"author":[{"embeddable":true,"href":"http:\/\/www.franciszek-walcz.pl\/index.php?rest_route=\/wp\/v2\/users\/1"}],"replies":[{"embeddable":true,"href":"http:\/\/www.franciszek-walcz.pl\/index.php?rest_route=%2Fwp%2Fv2%2Fcomments&post=24151"}],"version-history":[{"count":1,"href":"http:\/\/www.franciszek-walcz.pl\/index.php?rest_route=\/wp\/v2\/posts\/24151\/revisions"}],"predecessor-version":[{"id":24152,"href":"http:\/\/www.franciszek-walcz.pl\/index.php?rest_route=\/wp\/v2\/posts\/24151\/revisions\/24152"}],"wp:attachment":[{"href":"http:\/\/www.franciszek-walcz.pl\/index.php?rest_route=%2Fwp%2Fv2%2Fmedia&parent=24151"}],"wp:term":[{"taxonomy":"category","embeddable":true,"href":"http:\/\/www.franciszek-walcz.pl\/index.php?rest_route=%2Fwp%2Fv2%2Fcategories&post=24151"},{"taxonomy":"post_tag","embeddable":true,"href":"http:\/\/www.franciszek-walcz.pl\/index.php?rest_route=%2Fwp%2Fv2%2Ftags&post=24151"}],"curies":[{"name":"wp","href":"https:\/\/api.w.org\/{rel}","templated":true}]}}