{"id":24291,"date":"2023-06-24T08:57:03","date_gmt":"2023-06-24T06:57:03","guid":{"rendered":"http:\/\/www.franciszek-walcz.pl\/?p=24291"},"modified":"2023-06-24T08:57:03","modified_gmt":"2023-06-24T06:57:03","slug":"list-pasterski-konferencji-episkopatu-polski","status":"publish","type":"post","link":"http:\/\/www.franciszek-walcz.pl\/?p=24291","title":{"rendered":"List pasterski Konferencji Episkopatu Polski"},"content":{"rendered":"<p><strong>List pasterski Konferencji Episkopatu Polski<\/strong><\/p>\n<p><strong>dotycz\u0105cy beatyfikacji Czcigodnych S\u0142ug Bo\u017cych J\u00f3zefa i Wiktorii Ulm\u00f3w<br \/>\ni ich siedmiorga dzieci<\/strong><\/p>\n<p>Chrystus Pan wzywa nas do bycia Jego uczniami i\u00a0post\u0119powania na drodze ku\u00a0\u015bwi\u0119to\u015bci. Pragnie, aby\u015bmy byli doskonali jak doskona\u0142y jest nasz Ojciec niebieski (por.\u00a0Mt 5,48). Wezwanie to skierowane jest do wszystkich wiernych, kt\u00f3rzy \u201epowo\u0142ani s\u0105 do\u00a0pe\u0142ni \u017cycia chrze\u015bcija\u0144skiego oraz doskona\u0142ej mi\u0142o\u015bci\u201d (Sob\u00f3r Watyka\u0144ski II, <em>Lumen Gentium<\/em>, Konstytucja Dogmatyczna o Ko\u015bciele, 40).<\/p>\n<p>Po\u015br\u00f3d r\u00f3\u017cnych dr\u00f3g prowadz\u0105cych do \u015bwi\u0119to\u015bci, w szczeg\u00f3lny spos\u00f3b wyr\u00f3\u017cnia si\u0119 powo\u0142anie skierowane do\u00a0ma\u0142\u017conk\u00f3w i rodzic\u00f3w. Na\u015bladuj\u0105c mi\u0142o\u015b\u0107 Chrystusa do Ko\u015bcio\u0142a, troszcz\u0105 si\u0119 oni o siebie nawzajem i\u00a0o\u00a0swoje dzieci. Papie\u017c Franciszek podkre\u015bla, \u017ce \u201eu\u015bwi\u0119cenie jest drog\u0105 wsp\u00f3lnotow\u0105, kt\u00f3r\u0105 nale\u017cy pokonywa\u0107 we dwoje\u201d (<em>Gaudete et exultate<\/em>, 141). Ko\u015bci\u00f3\u0142 wi\u0119c wskazuje na ma\u0142\u017ce\u0144stwa, kt\u00f3re\u00a0zmierza\u0142y do \u015bwi\u0119to\u015bci przez sumienne wype\u0142nianie swoich obowi\u0105zk\u00f3w. S\u0105 to \u201e\u015bwi\u0119ci z s\u0105siedztwa\u201d, kt\u00f3rzy \u017cyj\u0105c w naszym otoczeniu, s\u0105 dla nas przyk\u0142adem i pomoc\u0105.<\/p>\n<p>Szczeg\u00f3lnym wzorem \u015bwi\u0119to\u015bci, realizowanej w \u017cyciu ma\u0142\u017ce\u0144skim i rodzinnym s\u0105 J\u00f3zef i Wiktoria Ulmowie, kt\u00f3rzy wraz z siedmiorgiem dzieci oddali \u017cycie ratuj\u0105c rodziny \u017cydowskie w czasie II wojny \u015bwiatowej. Robili to w imi\u0119 wierno\u015bci Chrystusowi i zgodnie z przykazaniem mi\u0142o\u015bci bli\u017aniego. Ich\u00a0heroiczna \u015bmier\u0107, by\u0142a zwie\u0144czeniem ofiarnej mi\u0142o\u015bci realizowanej dzie\u0144 po dniu, w\u00a0zwyczajnych okoliczno\u015bciach \u017cycia ma\u0142\u017ce\u0144skiego i rodzinnego.<\/p>\n<p>Dnia 10 wrze\u015bnia br. zostan\u0105 oni wyniesieni do chwa\u0142y o\u0142tarzy jako m\u0119czennicy. B\u0119dzie to beatyfikacja jakiej jeszcze nie by\u0142o w historii Ko\u015bcio\u0142a. Konsultor Dykasterii Spraw Kanonizacyjnych o. Franc\u0327ois-Marie Le\u0301thel podkre\u015bla: \u201eZnaczenie i nowo\u015b\u0107 tej beatyfikacji polega na tym, \u017ce \u0142\u0105czy ona J\u00f3zefa i Wiktori\u0119 ze wszystkimi ich ma\u0142ymi dzie\u0107mi, kt\u00f3re zgin\u0119\u0142y wraz z nimi, \u0142\u0105cznie z tym jeszcze w \u0142onie matki\u201d (\u201cInsieme per sempre\u201d, L\u2019Osservatore Romano, 21.03.2023, s. 6). Tak wi\u0119c b\u0119dzie to beatyfikacja bez precedensu, poniewa\u017c po raz pierwszy ca\u0142a rodzina zostanie wyniesiona na o\u0142tarze i pierwszy raz zostanie beatyfikowane dziecko jeszcze nienarodzone.<\/p>\n<p>Przygotowuj\u0105c si\u0119 do\u00a0uroczysto\u015bci beatyfikacyjnej, pragniemy kontemplowa\u0107 ich \u015bwi\u0119to\u015b\u0107 i zaczerpn\u0105\u0107 z niej przyk\u0142ad dla wsp\u00f3\u0142czesnych ma\u0142\u017ce\u0144stw i rodzin.<\/p>\n<p><strong>Niezwyk\u0142a \u015bwi\u0119to\u015b\u0107 w zwyczajno\u015bci \u017cycia<\/strong><\/p>\n<p>\u201eTrzeba zdecydowa\u0107 si\u0119 zosta\u0107 \u015bwi\u0119tym! Trzeba \u015bwi\u0119tych \u015bci\u0105gn\u0105\u0107 z ob\u0142ok\u00f3w i uczyni\u0107 z\u00a0nich idea\u0142 powszedni, normalny, dla wierz\u0105cych\u201d (ks. F. Blachnicki.\u00a0<em>Listy wi\u0119zienne<\/em>, Kro\u015bcienko 1990, s. 15-16).<\/p>\n<p>Rodzina J\u00f3zefa i Wiktorii Ulm\u00f3w mieszka\u0142a na pocz\u0105tku XX wieku w Markowej na Podkarpaciu. Cieszyli si\u0119 siedmiorgiem dzieci. J\u00f3zef jako g\u0142owa rodziny, trosk\u0119 o najbli\u017cszych \u0142\u0105czy\u0142 z ci\u0119\u017ck\u0105 prac\u0105 na roli. By\u0142 przy tym otwarty na rozw\u00f3j i zdobywanie wiedzy. Mimo trudu, jaki wk\u0142ada\u0142 w prowadzenie gospodarstwa, potrafi\u0142 znale\u017a\u0107 czas, aby oddawa\u0107 si\u0119 pasji fotografii, pszczelarstwu, hodowli jedwabnik\u00f3w, introligatorstwu i sadownictwu. Sam skonstruowa\u0142 aparat fotograficzny i wiatrak, kt\u00f3ry s\u0142u\u017cy\u0142 do wytwarzania energii elektrycznej. Pasja do fotografii s\u0142u\u017cy\u0142a J\u00f3zefowi do utrwalania nie tylko \u017cycia najbli\u017cszych, ale r\u00f3wnie\u017c miejscowych wydarze\u0144, uroczysto\u015bci ko\u015bcielnych i rodzinnych. Robi\u0142 tak\u017ce zdj\u0119cia na zam\u00f3wienie, portrety do dokument\u00f3w, dzi\u0119ki czemu by\u0142 znany na ca\u0142\u0105 okolic\u0119. Inspirowa\u0142 innych nie tylko swoimi pasjami, ale ci\u0105g\u0142\u0105 gotowo\u015bci\u0105 do pomocy i s\u0142u\u017cenia rad\u0105.<\/p>\n<p>Wiktoria Ulma, z domu Niemczak, to wzorowa, kochaj\u0105ca \u017cona i matka, dbaj\u0105ca o dobre i katolickie wychowanie dzieci. Pochodzi\u0142a z domu, gdzie kierowano si\u0119 zasad\u0105, \u017ce \u017caden cz\u0142owiek prosz\u0105cy o pomoc nie mo\u017ce zosta\u0107 odprawiony bez pomocy. Zawsze by\u0142a oparciem dla swojego m\u0119\u017ca, a w chwili pr\u00f3by, gdy przysz\u0142o im podj\u0105\u0107 decyzj\u0119 o przyj\u0119ciu pod sw\u00f3j dach zagro\u017conych \u015bmierci\u0105 \u017byd\u00f3w da\u0142a \u015bwiadectwo swojej mi\u0142o\u015bci do innych. Stara\u0142a si\u0119 wprowadza\u0107 \u017cyczliw\u0105 i przyjazn\u0105 atmosfer\u0119 w domu, podkre\u015blaj\u0105c, \u017ce\u00a0rodzina powinna opiera\u0107 si\u0119 na wzajemnym szacunku, \u017cyczliwo\u015bci i oddaniu.<\/p>\n<p>J\u00f3zef i Wiktoria pobrali si\u0119 7 lipca 1935 roku w miejscowym ko\u015bciele. Wkr\u00f3tce rodzina zacz\u0119\u0142a si\u0119 powi\u0119ksza\u0107. Urodzi\u0142y si\u0119 kolejno: Stasia, Basia, W\u0142adziu, Franu\u015b, Anto\u015b i Marysia, a w chwili tragicznej \u015bmierci Wiktoria by\u0142a w stanie b\u0142ogos\u0142awionym z kolejnym dzieckiem.<\/p>\n<p>Swoje ma\u0142\u017ce\u0144stwo Ulmowie traktowali jako wsp\u00f3lnot\u0119 ludzi darz\u0105cych si\u0119 zaufaniem, mi\u0142o\u015bci\u0105 oraz d\u0105\u017ceniem do \u015bwi\u0119to\u015bci poprzez wierne wykonywanie swoich codziennych obowi\u0105zk\u00f3w. W ich \u017cyciu realizowa\u0142a si\u0119 istota sakramentu ma\u0142\u017ce\u0144stwa, w kt\u00f3rym sam Chrystus \u201epozostaje z nimi, daje im moc p\u00f3j\u015bcia za Nim i wzi\u0119cia na siebie swojego krzy\u017ca, podnoszenia si\u0119 po upadkach, przebaczania sobie wzajemnie, wzajemnego noszenia swoich ci\u0119\u017car\u00f3w\u201d (<em>Katechizm Ko\u015bcio\u0142a Katolickiego<\/em>, 1642).<\/p>\n<p>Ich ludzka mi\u0142o\u015b\u0107 zosta\u0142a przez \u0142ask\u0119 sakramentu ma\u0142\u017ce\u0144stwa oczyszczona, doprowadzona do pe\u0142ni i przez moc Ducha \u015awi\u0119tego przenika\u0142a ich \u017cycie wiary, nadziei i mi\u0142o\u015bci. Zwyczajno\u015b\u0107 ich ma\u0142\u017ce\u0144stwa opiera\u0142a si\u0119 na prawdziwych i konkretnych gestach, poprzez kt\u00f3re B\u00f3g ma swoje mieszkanie w tej r\u00f3\u017cnorodno\u015bci dar\u00f3w i spotka\u0144. \u017byli obietnicami z\u0142o\u017conymi w dzie\u0144 \u015blubu, realizuj\u0105c co\u00a0dzie\u0144 przymierze wiernej mi\u0142o\u015bci ma\u0142\u017ce\u0144skiej. Jak stwierdzi\u0142 papie\u017c Franciszek podczas audiencji w dniu 28 listopada 2022 r. rodzina J\u00f3zefa i Wiktorii Ulm\u00f3w winna by\u0107 \u201eprzyk\u0142adem wierno\u015bci Bogu i Jego przykazaniom, mi\u0142o\u015bci bli\u017aniego oraz szacunku dla ludzkiej godno\u015bci\u201d.<\/p>\n<p>Wpatruj\u0105c si\u0119 w przyk\u0142ad \u017cycia ma\u0142\u017ce\u0144skiego J\u00f3zefa i Wiktorii warto postrzega\u0107 nasze domy jako miejsca, w kt\u00f3rych mi\u0142o\u015b\u0107 Bo\u017ca jest widzialna i osobista, gdzie przyjmuje posta\u0107 konkretnych uczynk\u00f3w, a Chrystus jest obecny w codziennych cierpieniach, zmaganiach i rado\u015bciach. Umacnia i o\u017cywia mi\u0142o\u015b\u0107, kr\u00f3luj\u0105c swoj\u0105 rado\u015bci\u0105 i pokojem.<\/p>\n<p><strong>Otwarci na \u017cycie<\/strong><\/p>\n<p>\u201ePodstawowym zadaniem rodziny jest s\u0142u\u017cba \u017cyciu\u201d (Jan Pawe\u0142 II, <em>Familiaris Consortio<\/em>, 28).<\/p>\n<p>J\u00f3zef i Wiktoria odczytali powo\u0142anie do szczeg\u00f3lnego wsp\u00f3\u0142uczestnictwa w stw\u00f3rczym dziele Boga, przekazuj\u0105c \u017cycie siedmiorgu dzieciom. Mimo trudnych warunk\u00f3w, nie bali si\u0119 przeciwno\u015bci losu. Ufali Bo\u017cej Opatrzno\u015bci. Wierzyli, \u017ce B\u00f3g obdarzaj\u0105c \u017cyciem, daje jednocze\u015bnie si\u0142\u0119, aby w pe\u0142ni zrealizowa\u0107 powo\u0142anie do rodzicielstwa.<\/p>\n<p>Byli zatroskani o dobre wychowanie swoich dzieci, w oparciu o warto\u015bci ewangeliczne. Prowadzili oni \u017cycie wiary pod w\u0142asnym dachem. Przekazywali dzieciom \u017cyw\u0105 wiar\u0119 poprzez przyk\u0142ad \u017cycia i nauk\u0119 modlitwy. Dzieci uczy\u0142y si\u0119 rozmawia\u0107 z Bogiem, widz\u0105c jak czynili to\u00a0rodzice. W modlitwie rodzinnej odnajdywali umocnienie do ponoszenia codziennych ofiar i \u015bwiadczenia o Chrystusie. Ulmowie uczyli swe dzieci okazywania Bogu czci zar\u00f3wno w ko\u015bciele, jak i w domu rodzinnym. Wprowadzali w prze\u017cywanie Mszy \u015bwi\u0119tej jak i praktykowanie mi\u0142o\u015bci bli\u017aniego.<\/p>\n<p>Wiktoria jako kochaj\u0105ca matka, po\u015bwi\u0119ca\u0142a czas swoim dzieciom, pomagaj\u0105c im\u00a0w\u00a0nauce, dbaj\u0105c o ich wychowanie i wykszta\u0142cenie. Z przekaz\u00f3w \u015bwiadk\u00f3w wiemy, \u017ce uczy\u0142a dzieci prac domowych oraz porz\u0105dkowych w domu i otoczeniu, opieki nad m\u0142odszym rodze\u0144stwem i\u00a0wzajemnej troski o siebie. Cieszy\u0142a j\u0105 atmosfera mi\u0142o\u015bci panuj\u0105ca mi\u0119dzy rodze\u0144stwem. Obserwowa\u0142a, jak tworzy\u0142y wsp\u00f3lnot\u0119 podczas pracy, zabawy, spacer\u00f3w jak i modlitwy. Natomiast J\u00f3zef uczy\u0142 swoje dzieci pracy w gospodarstwie i w sadzie, odpowiada\u0142 na ich liczne pytania.<\/p>\n<p><strong>Mi\u0142o\u015b\u0107 mi\u0142osierna<\/strong><\/p>\n<p>\u201eMi\u0142o\u015b\u0107 zaczyna si\u0119 w domu i rozwija si\u0119 w domu\u201d (Matka Teresa z Kalkuty), ale si\u0119 tam nie ko\u0144czy. Powinna ona promieniowa\u0107 na innych.<\/p>\n<p>\u017bycie Czcigodnych S\u0142ug Bo\u017cych J\u00f3zefa i Wiktorii sk\u0142ada\u0142o si\u0119 z niezliczonych ofiar i uczynk\u00f3w mi\u0142o\u015bci dnia codziennego. Owocem przyj\u0119cia tego stylu \u017cycia sta\u0142a si\u0119 heroiczna decyzja pomocy skazanym na zag\u0142ad\u0119 \u017bydom. Nie by\u0142a ona pochopna, lecz wynikaj\u0105ca z lektury S\u0142owa Bo\u017cego, kt\u00f3re kszta\u0142towa\u0142o ich serca i umys\u0142y, a tym samym postaw\u0119 wobec bli\u017aniego. Biblia by\u0142a dla nich autentyczn\u0105 ksi\u0119g\u0105 \u017cycia, co potwierdzaj\u0105 podkre\u015blone fragmenty Ewangelii, szczeg\u00f3lnie przypowie\u015b\u0107 o Mi\u0142osiernym Samarytaninie. Ulmowie, staraj\u0105c si\u0119 \u017cy\u0107 jak Chrystus, realizuj\u0105c na co dzie\u0144 przykazanie mi\u0142o\u015bci, byli gotowi odda\u0107 swoje \u017cycie za bli\u017anich. J\u00f3zef i Wiktoria zdecydowali si\u0119 przyj\u0105\u0107 o\u015bmioro \u017byd\u00f3w, mimo gro\u017aby kary \u015bmierci ze strony Niemc\u00f3w za pomoc w ukrywaniu \u017byd\u00f3w. Na strychu ich niewielkiego domu schroni\u0142y si\u0119 trzy rodziny: Goldman\u00f3w, Gr\u00fcnfeld\u00f3w i Didner\u00f3w. Przez wiele miesi\u0119cy zapewniali im dach nad g\u0142ow\u0105 oraz wy\u017cywienie, co w czasie wojny by\u0142o nie lada wyzwaniem.<\/p>\n<p>Ich pe\u0142na ofiarno\u015bci postawa mia\u0142a sw\u00f3j tragiczny fina\u0142 24 marca 1944 roku. Wtedy do ich domu wtargn\u0119li niemieccy nazi\u015bci, kt\u00f3rzy w okrutny spos\u00f3b rozstrzelali ukrywanych \u017byd\u00f3w, a nast\u0119pnie na oczach dzieci zamordowano J\u00f3zefa i Wiktori\u0119. Dope\u0142nieniem tragedii by\u0142o zabicie dzieci. J\u00f3zef i Wiktoria Ulmowie, maj\u0105c absolutn\u0105 \u015bwiadomo\u015b\u0107 ryzyka, po\u015bwi\u0119cili \u017cycie, aby ratowa\u0107 \u017byd\u00f3w b\u0119d\u0105cych w potrzebie. Ich heroiczna postawa jest \u015bwiadectwem tego, \u017ce mi\u0142o\u015b\u0107 jest mocniejsza ni\u017c \u015bmier\u0107.<\/p>\n<p>W oczekiwaniu na beatyfikacj\u0119, wpatrujmy si\u0119 w przyk\u0142ad jak\u017ce niezwyk\u0142ej rodziny, kt\u00f3ra osi\u0105ga\u0142a \u015bwi\u0119to\u015b\u0107 w zwyczajnych okoliczno\u015bciach \u017cycia. Jest ona inspiracj\u0105 dla wsp\u00f3\u0142czesnych ma\u0142\u017ce\u0144stw i rodzin. J\u00f3zef i Wiktoria Ulmowie ukazuj\u0105 przede wszystkim pi\u0119kno i warto\u015b\u0107 ma\u0142\u017ce\u0144stwa opartego na Chrystusie, gdzie Bo\u017ca \u0142aska jest fundamentem wszystkiego. Ich mi\u0142o\u015b\u0107 realizowana w codzienno\u015bci mo\u017ce r\u00f3wnie\u017c motywowa\u0107 do otwarto\u015bci na \u017cycie oraz do wzi\u0119cia odpowiedzialno\u015bci za wychowanie m\u0142odego pokolenia. Heroiczna postawa mi\u0142o\u015bci wobec bli\u017anich, powinna pobudza\u0107 nas do \u017cycia nie tyle dla w\u0142asnej wygody czy ch\u0119ci posiadania, ale do \u017cycia b\u0119d\u0105cego darem siebie dla innych.<\/p>\n<p>Przygotowuj\u0105c si\u0119 do uroczystego wyniesienia na o\u0142tarze M\u0119czennik\u00f3w z Markowej, chciejmy zatem lepiej pozna\u0107 ich rodzin\u0119, kt\u00f3ra nie zawaha\u0142a si\u0119 otworzy\u0107 swoich serc dla ludzi b\u0119d\u0105cych w potrzebie.<\/p>\n<p>Podpisali: Pasterze Ko\u015bcio\u0142a w Polsce<\/p>\n<p>obecni na 395. Zebraniu Plenarnym Konferencji Episkopatu Polski<\/p>\n<p>Lidzbark Warmi\u0144ski, 13 czerwca 2023 roku<\/p>\n<p>Za zgodno\u015b\u0107:<\/p>\n<p><em>+ Artur G. Mizi\u0144ski<\/em><\/p>\n<p>Sekretarz Generalny KEP<\/p>\n","protected":false},"excerpt":{"rendered":"<p>List pasterski Konferencji Episkopatu Polski dotycz\u0105cy beatyfikacji Czcigodnych S\u0142ug Bo\u017cych J\u00f3zefa i Wiktorii Ulm\u00f3w i ich siedmiorga dzieci Chrystus Pan wzywa nas do bycia Jego uczniami i\u00a0post\u0119powania na drodze ku\u00a0\u015bwi\u0119to\u015bci. Pragnie, aby\u015bmy byli doskonali jak doskona\u0142y jest nasz Ojciec niebieski (por.\u00a0Mt 5,48). Wezwanie to skierowane jest do wszystkich wiernych, kt\u00f3rzy \u201epowo\u0142ani s\u0105 do\u00a0pe\u0142ni \u017cycia chrze\u015bcija\u0144skiego oraz doskona\u0142ej mi\u0142o\u015bci\u201d (Sob\u00f3r Watyka\u0144ski II, Lumen Gentium, Konstytucja Dogmatyczna o Ko\u015bciele, 40). Po\u015br\u00f3d r\u00f3\u017cnych dr\u00f3g prowadz\u0105cych do \u015bwi\u0119to\u015bci, w szczeg\u00f3lny spos\u00f3b wyr\u00f3\u017cnia si\u0119 powo\u0142anie skierowane do\u00a0ma\u0142\u017conk\u00f3w i rodzic\u00f3w. Na\u015bladuj\u0105c mi\u0142o\u015b\u0107 Chrystusa do Ko\u015bcio\u0142a, troszcz\u0105 si\u0119 oni o siebie nawzajem i\u00a0o\u00a0swoje dzieci. Papie\u017c Franciszek podkre\u015bla, \u017ce \u201eu\u015bwi\u0119cenie jest drog\u0105 wsp\u00f3lnotow\u0105, kt\u00f3r\u0105 nale\u017cy pokonywa\u0107 we dwoje\u201d (Gaudete et exultate, 141). Ko\u015bci\u00f3\u0142 wi\u0119c wskazuje na ma\u0142\u017ce\u0144stwa, kt\u00f3re\u00a0zmierza\u0142y do \u015bwi\u0119to\u015bci przez sumienne wype\u0142nianie swoich obowi\u0105zk\u00f3w. S\u0105 to \u201e\u015bwi\u0119ci z s\u0105siedztwa\u201d, kt\u00f3rzy \u017cyj\u0105c w naszym otoczeniu, s\u0105 dla nas przyk\u0142adem i pomoc\u0105. Szczeg\u00f3lnym wzorem \u015bwi\u0119to\u015bci, realizowanej w \u017cyciu ma\u0142\u017ce\u0144skim&hellip;<\/p>\n<p> <a class=\"more-link\" href=\"http:\/\/www.franciszek-walcz.pl\/?p=24291\">Czytaj dalej<\/a><\/p>\n","protected":false},"author":1,"featured_media":0,"comment_status":"closed","ping_status":"closed","sticky":false,"template":"","format":"standard","meta":{"footnotes":""},"categories":[5],"tags":[],"class_list":{"0":"post-24291","1":"post","2":"type-post","3":"status-publish","4":"format-standard","6":"category-artykuly"},"brizy_media":[],"_links":{"self":[{"href":"http:\/\/www.franciszek-walcz.pl\/index.php?rest_route=\/wp\/v2\/posts\/24291","targetHints":{"allow":["GET"]}}],"collection":[{"href":"http:\/\/www.franciszek-walcz.pl\/index.php?rest_route=\/wp\/v2\/posts"}],"about":[{"href":"http:\/\/www.franciszek-walcz.pl\/index.php?rest_route=\/wp\/v2\/types\/post"}],"author":[{"embeddable":true,"href":"http:\/\/www.franciszek-walcz.pl\/index.php?rest_route=\/wp\/v2\/users\/1"}],"replies":[{"embeddable":true,"href":"http:\/\/www.franciszek-walcz.pl\/index.php?rest_route=%2Fwp%2Fv2%2Fcomments&post=24291"}],"version-history":[{"count":1,"href":"http:\/\/www.franciszek-walcz.pl\/index.php?rest_route=\/wp\/v2\/posts\/24291\/revisions"}],"predecessor-version":[{"id":24292,"href":"http:\/\/www.franciszek-walcz.pl\/index.php?rest_route=\/wp\/v2\/posts\/24291\/revisions\/24292"}],"wp:attachment":[{"href":"http:\/\/www.franciszek-walcz.pl\/index.php?rest_route=%2Fwp%2Fv2%2Fmedia&parent=24291"}],"wp:term":[{"taxonomy":"category","embeddable":true,"href":"http:\/\/www.franciszek-walcz.pl\/index.php?rest_route=%2Fwp%2Fv2%2Fcategories&post=24291"},{"taxonomy":"post_tag","embeddable":true,"href":"http:\/\/www.franciszek-walcz.pl\/index.php?rest_route=%2Fwp%2Fv2%2Ftags&post=24291"}],"curies":[{"name":"wp","href":"https:\/\/api.w.org\/{rel}","templated":true}]}}