{"id":24296,"date":"2023-06-24T09:01:48","date_gmt":"2023-06-24T07:01:48","guid":{"rendered":"http:\/\/www.franciszek-walcz.pl\/?p=24296"},"modified":"2023-06-24T09:04:26","modified_gmt":"2023-06-24T07:04:26","slug":"nie-lekajcie-sie-2","status":"publish","type":"post","link":"http:\/\/www.franciszek-walcz.pl\/?p=24296","title":{"rendered":"\u201eNIE L\u0118KAJCIE SI\u0118\u201d"},"content":{"rendered":"<p class=\"western\" align=\"left\"><span style=\"color: #008000;\">\u201e<span style=\"font-family: Arial;\"><span style=\"font-size: x-large;\"><b>NIE L\u0118KAJCIE SI\u0118\u201d<\/b><\/span><\/span><\/span><\/p>\n<p class=\"western\" align=\"left\"><span style=\"color: #008000;\"><span style=\"font-size: large;\"><i>Nie b\u00f3jcie si\u0119 tych co zabijaj\u0105 cia\u0142o, lecz duszy zabi\u0107 nie mog\u0105. B\u00f3jcie si\u0119 raczej tego, kt\u00f3ry dusz\u0119 i cia\u0142o mo\u017ce zatraci\u0107 w piekle. Czy\u017c nie sprzedaj\u0105 dw\u00f3ch wr\u00f3bli za asa? A przecie\u017c bez woli Ojca waszego \u017caden z nich nie spadnie na ziemi\u0119. U was za\u015b policzone s\u0105 nawet wszystkie w\u0142osy na g\u0142owie. Dlatego nie b\u00f3jcie si\u0119 jeste\u015bcie wa\u017cniejsi ni\u017c wiele wr\u00f3bli. Do ka\u017cdego wi\u0119c, kto si\u0119 przyzna do mnie przed lud\u017ami, przyznam si\u0119 i Ja przed moim Ojcem, kt\u00f3ry jest w niebie. Lecz kto si\u0119 Mnie zaprze przed lud\u017ami, tego zapr\u0119 si\u0119 i Ja przed moim Ojcem, kt\u00f3ry jest w niebie (Mt 10, 28- 33).<\/i><\/span><\/span><\/p>\n<p class=\"western\" align=\"left\">\u00a0<span style=\"font-size: large;\">W mowie potocznej u\u017cywamy wyra\u017cenia \u201ewygra\u0107, przegra\u0107 \u017cycie\u201d. Liturgia s\u0142owa zach\u0119ca nas do dokonania wybor\u00f3w, kt\u00f3re pozwol\u0105 nam nie tylko wygra\u0107 \u017cycie doczesne, ale przede wszystkim \u017cycie wieczne.<\/span><\/p>\n<p class=\"western\" align=\"left\"><span style=\"font-size: large;\">W pierwszym czytaniu przedstawiona jest posta\u0107 proroka Jeremiasza niezrozumianego przez sobie wsp\u00f3\u0142czesnych, ale wiernego Bogu. Jest prze\u015bladowany, odrzucony, ludzie nie chc\u0105 przyj\u0105\u0107 s\u0142\u00f3w, kt\u00f3re wypowiada w imieniu Boga. Prorok jednak ma \u015bwiadomo\u015b\u0107, \u017ce B\u00f3g jest po jego stronie. Jego \u017cycie nie jest pozbawione l\u0119ku, wie jednak, \u017ce jest to pr\u00f3ba, strach zniknie, gdy nada sens temu, co prze\u017cywa. Dlatego oddaje to wszystko Bogu. Wie, \u017ce Ten, kt\u00f3remu zawierzy\u0142, doprowadzi wszystko do zwyci\u0119skiego ko\u0144ca. <\/span><\/p>\n<p class=\"western\" align=\"left\"><span style=\"font-size: large;\">Ewangelia to fragment mowy misyjnej Jezusa. Nauczyciel nie ukrywa, \u017ce g\u0142oszenie Dobrej Nowiny nie b\u0119dzie zadaniem \u0142atwym, \u017ce na uczni\u00f3w czeka sporo trudno\u015bci i niebezpiecze\u0144stw, dlatego trzykrotnie pojawia si\u0119 wezwanie, \u017ceby si\u0119 nie bali. Jezus ma \u015bwiadomo\u015b\u0107 tego, co Go czeka. Kto chce Go na\u015bladowa\u0107, b\u0119dzie musia\u0142 do\u015bwiadczy\u0107 podobnych przeciwno\u015bci. Si\u0142y do tego, by odwa\u017cnie trwa\u0107 w wierze, daje odkrycie, \u017ce jest si\u0119 w r\u0119kach Tego, dla kt\u00f3rego jeste\u015bmy bardzo wa\u017cni. To droga, jak\u0105 przeszed\u0142 prorok Jeremiasz. B\u00f3g w swojej opatrzno\u015bci czuwa nad tymi, kt\u00f3rzy g\u0142osz\u0105 Ewangeli\u0119. Nigdy nie zostawia ich bez pomocy i opieki.<\/span><\/p>\n<p class=\"western\" align=\"left\"><span style=\"font-size: large;\">Jedynym nieprzyjacielem dla uczni\u00f3w Jezusa jest grzech i jego sprawca szatan. Je\u017celi nie chc\u0105 zatraci\u0107 swojego cia\u0142a i duszy, powinni jedynie ba\u0107 si\u0119 Boga, by\u0107 \u015bwiadkami Jezusa przed lud\u017ami. W obecnych czasach wa\u017cne jest, by\u015bmy o tym nie zapominali:\u00a0Do ka\u017cdego wi\u0119c, kto si\u0119 przyzna do Mnie przed lud\u017ami, przyznam si\u0119 i Ja przed moim Ojcem, kt\u00f3ry jest w niebie. Lecz kto si\u0119 Mnie zaprze przed lud\u017ami, tego zapr\u0119 si\u0119 i Ja przed moim Ojcem, kt\u00f3ry jest w niebie\u00a0(Mt 10, 32-33).<\/span><\/p>\n<p class=\"western\" align=\"left\"><span style=\"font-size: large;\">Ameryka\u0144ski rabin David J. Wolpe opowiada\u0142:<\/span><\/p>\n<p class=\"western\" align=\"left\">\u201e<span style=\"font-size: large;\">Przed Bogiem stoi cz\u0142owiek za\u0142amany z powodu z\u0142a i niesprawiedliwo\u015bci na \u015bwiecie. I wo\u0142a do Boga:\u00a0\u00abDrogi Bo\u017ce, Ty widzisz, ile na \u015bwiecie jest z\u0142a, cierpienia, beznadziei, niesprawiedliwo\u015bci i nienawi\u015bci. Dlaczego nie przysy\u0142asz nam pomocy, aby to wszystko przemieni\u0107?\u00bb. B\u00f3g odpowiada:\u00a0\u00abJa ju\u017c pos\u0142a\u0142em pomoc, pos\u0142a\u0142em ciebie\u00bb\u201d.<\/span><\/p>\n","protected":false},"excerpt":{"rendered":"<p>\u201eNIE L\u0118KAJCIE SI\u0118\u201d Nie b\u00f3jcie si\u0119 tych co zabijaj\u0105 cia\u0142o, lecz duszy zabi\u0107 nie mog\u0105. B\u00f3jcie si\u0119 raczej tego, kt\u00f3ry dusz\u0119 i cia\u0142o mo\u017ce zatraci\u0107 w piekle. Czy\u017c nie sprzedaj\u0105 dw\u00f3ch wr\u00f3bli za asa? A przecie\u017c bez woli Ojca waszego \u017caden z nich nie spadnie na ziemi\u0119. U was za\u015b policzone s\u0105 nawet wszystkie w\u0142osy na g\u0142owie. Dlatego nie b\u00f3jcie si\u0119 jeste\u015bcie wa\u017cniejsi ni\u017c wiele wr\u00f3bli. Do ka\u017cdego wi\u0119c, kto si\u0119 przyzna do mnie przed lud\u017ami, przyznam si\u0119 i Ja przed moim Ojcem, kt\u00f3ry jest w niebie. Lecz kto si\u0119 Mnie zaprze przed lud\u017ami, tego zapr\u0119 si\u0119 i Ja przed moim Ojcem, kt\u00f3ry jest w niebie (Mt 10, 28- 33). \u00a0W mowie potocznej u\u017cywamy wyra\u017cenia \u201ewygra\u0107, przegra\u0107 \u017cycie\u201d. Liturgia s\u0142owa zach\u0119ca nas do dokonania wybor\u00f3w, kt\u00f3re pozwol\u0105 nam nie tylko wygra\u0107 \u017cycie doczesne, ale przede wszystkim \u017cycie wieczne. W pierwszym czytaniu przedstawiona jest posta\u0107 proroka Jeremiasza niezrozumianego przez sobie wsp\u00f3\u0142czesnych,&hellip;<\/p>\n<p> <a class=\"more-link\" href=\"http:\/\/www.franciszek-walcz.pl\/?p=24296\">Czytaj dalej<\/a><\/p>\n","protected":false},"author":1,"featured_media":0,"comment_status":"closed","ping_status":"closed","sticky":false,"template":"","format":"standard","meta":{"footnotes":""},"categories":[5],"tags":[],"class_list":{"0":"post-24296","1":"post","2":"type-post","3":"status-publish","4":"format-standard","6":"category-artykuly"},"brizy_media":[],"_links":{"self":[{"href":"http:\/\/www.franciszek-walcz.pl\/index.php?rest_route=\/wp\/v2\/posts\/24296","targetHints":{"allow":["GET"]}}],"collection":[{"href":"http:\/\/www.franciszek-walcz.pl\/index.php?rest_route=\/wp\/v2\/posts"}],"about":[{"href":"http:\/\/www.franciszek-walcz.pl\/index.php?rest_route=\/wp\/v2\/types\/post"}],"author":[{"embeddable":true,"href":"http:\/\/www.franciszek-walcz.pl\/index.php?rest_route=\/wp\/v2\/users\/1"}],"replies":[{"embeddable":true,"href":"http:\/\/www.franciszek-walcz.pl\/index.php?rest_route=%2Fwp%2Fv2%2Fcomments&post=24296"}],"version-history":[{"count":2,"href":"http:\/\/www.franciszek-walcz.pl\/index.php?rest_route=\/wp\/v2\/posts\/24296\/revisions"}],"predecessor-version":[{"id":24299,"href":"http:\/\/www.franciszek-walcz.pl\/index.php?rest_route=\/wp\/v2\/posts\/24296\/revisions\/24299"}],"wp:attachment":[{"href":"http:\/\/www.franciszek-walcz.pl\/index.php?rest_route=%2Fwp%2Fv2%2Fmedia&parent=24296"}],"wp:term":[{"taxonomy":"category","embeddable":true,"href":"http:\/\/www.franciszek-walcz.pl\/index.php?rest_route=%2Fwp%2Fv2%2Fcategories&post=24296"},{"taxonomy":"post_tag","embeddable":true,"href":"http:\/\/www.franciszek-walcz.pl\/index.php?rest_route=%2Fwp%2Fv2%2Ftags&post=24296"}],"curies":[{"name":"wp","href":"https:\/\/api.w.org\/{rel}","templated":true}]}}