{"id":24436,"date":"2023-07-07T19:20:53","date_gmt":"2023-07-07T17:20:53","guid":{"rendered":"http:\/\/www.franciszek-walcz.pl\/?p=24436"},"modified":"2023-07-07T19:26:25","modified_gmt":"2023-07-07T17:26:25","slug":"xiv-niedziela-okresu-zwyklego","status":"publish","type":"post","link":"http:\/\/www.franciszek-walcz.pl\/?p=24436","title":{"rendered":"XIV Niedziela okresu zwyk\u0142ego"},"content":{"rendered":"<p class=\"western\"><strong>Tekst Ewangelii (Mt\u00a011,25-30):<\/strong>\u00a0W owym czasie Jezus przem\u00f3wi\u0142 tymi s\u0142owami: \u00abWys\u0142awiam Ci\u0119, Ojcze, Panie nieba i ziemi, \u017ce zakry\u0142e\u015b te rzeczy przed m\u0105drymi i roztropnymi, a objawi\u0142e\u015b je prostaczkom. Tak, Ojcze, gdy\u017c takie by\u0142o Twoje upodobanie. Wszystko przekaza\u0142 Mi Ojciec m\u00f3j. Nikt te\u017c nie zna Syna, tylko Ojciec, ani Ojca nikt nie zna, tylko Syn, i ten, komu Syn zechce objawi\u0107.<\/p>\n<p>Przyjd\u017acie do Mnie wszyscy, kt\u00f3rzy utrudzeni i obci\u0105\u017ceni jeste\u015bcie, a Ja was pokrzepi\u0119. We\u017acie moje jarzmo na siebie i uczcie si\u0119 ode Mnie, bo jestem cichy i pokorny sercem, a znajdziecie ukojenie dla dusz waszych. Albowiem jarzmo moje jest s\u0142odkie, a moje brzemi\u0119 lekkie\u00bb.<\/p>\n<p class=\"western\">\u00abPrzyjd\u017acie do Mnie wszyscy, kt\u00f3rzy utrudzeni i obci\u0105\u017ceni jeste\u015bcie, a Ja was pokrzepi\u0119\u00bb<\/p>\n<p class=\"western\" align=\"left\"><span style=\"color: #ffffff;\"><span style=\"font-size: large;\">Dzisiaj, Jezus ukazuje nam dwie rzeczywisto\u015bci, kt\u00f3re Go okre\u015blaj\u0105: \u017ce On jest Tym, kt\u00f3ry zna Ojca w ca\u0142ej g\u0142\u0119bi i \u017ce On jest \u00abcichy i pokornego serca\u00bb . Mo\u017cemy r\u00f3wnie\u017c odkry\u0107 w tym dwie postawy niezb\u0119dne, by m\u00f3c zrozumie\u0107 i prze\u017cy\u0107 to, co Jezus nam oferuje: prostot\u0119 i pragnienie zbli\u017cenia si\u0119 do Niego.<\/span><\/span><\/p>\n<p>M\u0105drym i roztropnym cz\u0119sto ci\u0119\u017cko jest poj\u0105\u0107 tajemnic\u0119 Kr\u00f3lestwa, poniewa\u017c nie s\u0105 otwarci na nowo\u015b\u0107 objawienia Bo\u017cego; B\u00f3g nie przestaje si\u0119 objawia\u0107, ale oni my\u015bl\u0105, \u017ce wiedz\u0105 ju\u017c wszystko i z tego powodu B\u00f3g nie mo\u017ce ich ju\u017c zaskoczy\u0107. Ludzie pro\u015bci, w przeciwie\u0144stwie do nich, s\u0105 jak dzieci w swoich najlepszych latach, s\u0105 wra\u017cliwi, s\u0105 jak g\u0105bka, kt\u00f3ra ch\u0142onie wod\u0119, maj\u0105 zdolno\u015b\u0107 zdumiewania si\u0119 i podziwu. S\u0105 r\u00f3wnie\u017c wyj\u0105tki i s\u0105 tak\u017ce eksperci w ludzkiej nauce, kt\u00f3rzy potrafi\u0105 by\u0107 pokorni wzgl\u0119dem tego, co odnosi si\u0119 do poznania Boga.<\/p>\n<p>W Ojcu, Jezus znajduje sw\u00f3j odpoczynek i Jego pok\u00f3j mo\u017ce by\u0107 schronieniem dla wszystkich tych, kt\u00f3rzy zostali skrzywdzeni przez \u017cycie: \u00abPrzyjd\u017acie do mnie wszyscy, kt\u00f3rzy utrudzeni i obci\u0105\u017ceni jeste\u015bcie, a ja was pokrzepi\u0119\u00bb . Jezus jest pokorny, a pokora jest siostr\u0105 prostoty. Kiedy uczymy si\u0119 bycia szcz\u0119\u015bliwymi poprzez prostot\u0119, wiele komplikacji si\u0119 rozwi\u0105zuje, wiele potrzeb znika i w ko\u0144cu mo\u017cemy odpocz\u0105\u0107. Jezus zaprasza nas do pod\u0105\u017cania za nim; nie oszukuje nas: bycie z Nim jest d\u017awiganiem swojego brzemienia, wzi\u0119ciem na siebie wymaga\u0144, kt\u00f3re stawia mi\u0142o\u015b\u0107. Nie b\u0119dzie nam oszcz\u0119dzone cierpienie, ale jego ci\u0119\u017car jest lekki, bo nasz b\u00f3l nie b\u0119dzie przez nas pojmowany egoistycznie, tylko b\u0119dziemy cierpie\u0107 tyle, ile jest to konieczne i przezwyci\u0119\u017cymy to przez mi\u0142o\u015b\u0107 i z pomoc\u0105 Ducha. Poza tym, nie zapominajmy, \u017ce \u00abprzeciwno\u015bci, kt\u00f3re cierpi si\u0119 dla Boga z\u0142agodzone s\u0105 nadziej\u0105 \u00bb (\u015bw. Efrem).<\/p>\n","protected":false},"excerpt":{"rendered":"<p>Tekst Ewangelii (Mt\u00a011,25-30):\u00a0W owym czasie Jezus przem\u00f3wi\u0142 tymi s\u0142owami: \u00abWys\u0142awiam Ci\u0119, Ojcze, Panie nieba i ziemi, \u017ce zakry\u0142e\u015b te rzeczy przed m\u0105drymi i roztropnymi, a objawi\u0142e\u015b je prostaczkom. Tak, Ojcze, gdy\u017c takie by\u0142o Twoje upodobanie. Wszystko przekaza\u0142 Mi Ojciec m\u00f3j. Nikt te\u017c nie zna Syna, tylko Ojciec, ani Ojca nikt nie zna, tylko Syn, i ten, komu Syn zechce objawi\u0107. Przyjd\u017acie do Mnie wszyscy, kt\u00f3rzy utrudzeni i obci\u0105\u017ceni jeste\u015bcie, a Ja was pokrzepi\u0119. We\u017acie moje jarzmo na siebie i uczcie si\u0119 ode Mnie, bo jestem cichy i pokorny sercem, a znajdziecie ukojenie dla dusz waszych. Albowiem jarzmo moje jest s\u0142odkie, a moje brzemi\u0119 lekkie\u00bb. \u00abPrzyjd\u017acie do Mnie wszyscy, kt\u00f3rzy utrudzeni i obci\u0105\u017ceni jeste\u015bcie, a Ja was pokrzepi\u0119\u00bb Dzisiaj, Jezus ukazuje nam dwie rzeczywisto\u015bci, kt\u00f3re Go okre\u015blaj\u0105: \u017ce On jest Tym, kt\u00f3ry zna Ojca w ca\u0142ej g\u0142\u0119bi i \u017ce On jest \u00abcichy i pokornego serca\u00bb . Mo\u017cemy r\u00f3wnie\u017c odkry\u0107 w tym&hellip;<\/p>\n<p> <a class=\"more-link\" href=\"http:\/\/www.franciszek-walcz.pl\/?p=24436\">Czytaj dalej<\/a><\/p>\n","protected":false},"author":1,"featured_media":0,"comment_status":"closed","ping_status":"closed","sticky":false,"template":"","format":"standard","meta":{"footnotes":""},"categories":[5],"tags":[],"class_list":{"0":"post-24436","1":"post","2":"type-post","3":"status-publish","4":"format-standard","6":"category-artykuly"},"brizy_media":[],"_links":{"self":[{"href":"http:\/\/www.franciszek-walcz.pl\/index.php?rest_route=\/wp\/v2\/posts\/24436","targetHints":{"allow":["GET"]}}],"collection":[{"href":"http:\/\/www.franciszek-walcz.pl\/index.php?rest_route=\/wp\/v2\/posts"}],"about":[{"href":"http:\/\/www.franciszek-walcz.pl\/index.php?rest_route=\/wp\/v2\/types\/post"}],"author":[{"embeddable":true,"href":"http:\/\/www.franciszek-walcz.pl\/index.php?rest_route=\/wp\/v2\/users\/1"}],"replies":[{"embeddable":true,"href":"http:\/\/www.franciszek-walcz.pl\/index.php?rest_route=%2Fwp%2Fv2%2Fcomments&post=24436"}],"version-history":[{"count":4,"href":"http:\/\/www.franciszek-walcz.pl\/index.php?rest_route=\/wp\/v2\/posts\/24436\/revisions"}],"predecessor-version":[{"id":24440,"href":"http:\/\/www.franciszek-walcz.pl\/index.php?rest_route=\/wp\/v2\/posts\/24436\/revisions\/24440"}],"wp:attachment":[{"href":"http:\/\/www.franciszek-walcz.pl\/index.php?rest_route=%2Fwp%2Fv2%2Fmedia&parent=24436"}],"wp:term":[{"taxonomy":"category","embeddable":true,"href":"http:\/\/www.franciszek-walcz.pl\/index.php?rest_route=%2Fwp%2Fv2%2Fcategories&post=24436"},{"taxonomy":"post_tag","embeddable":true,"href":"http:\/\/www.franciszek-walcz.pl\/index.php?rest_route=%2Fwp%2Fv2%2Ftags&post=24436"}],"curies":[{"name":"wp","href":"https:\/\/api.w.org\/{rel}","templated":true}]}}