{"id":2449,"date":"2018-12-15T11:06:13","date_gmt":"2018-12-15T10:06:13","guid":{"rendered":"http:\/\/www.franciszek-walcz.pl\/?p=2449"},"modified":"2018-12-15T11:06:13","modified_gmt":"2018-12-15T10:06:13","slug":"co-mamy-czynic","status":"publish","type":"post","link":"http:\/\/www.franciszek-walcz.pl\/?p=2449","title":{"rendered":"CO MAMY CZYNI\u0106?"},"content":{"rendered":"<p>Ludzie zebrani nad Jordanem byli wstrz\u0105\u015bni\u0119ci s\u0142owami Jana Chrzciciela, czuli te\u017c blisk\u0105 obecno\u015b\u0107 Jezusa. Stali wo\u0142aj\u0105c: \u201eC\u00f3\u017c mamy czyni\u0107?\u201d. Jan m\u00f3wi\u0142: mi\u0142ujcie bli\u017anich swoj\u0105 postaw\u0105 i s\u0142owem; cz\u0142owiek bowiem jest najwi\u0119ksz\u0105 warto\u015bci\u0105 \u015bwiata. \u015awiat bez cz\u0142owieka by\u0142by nonsensem i niczym.<\/p>\n<p>Adwent jest czasem, w kt\u00f3rym szczeg\u00f3lnie mamy uwra\u017cliwi\u0107 swoje serca na potrzeby drugiego cz\u0142owieka. \u017byj\u0105c we wsp\u00f3lnocie Ko\u015bcio\u0142a, mamy my\u015ble\u0107 o tym, jak prze\u017cyje ona Bo\u017ce Narodzenie. Czy nie b\u0119dzie w niej smutnych, zap\u0142akanych, nieszcz\u0119\u015bliwych, za\u0142amanych? Taki sens maj\u0105 s\u0142owa: \u201eJe\u015bli kto ma dwie suknie&#8230;, a kto ma \u017cywno\u015b\u0107, niech tak samo czyni\u201d. Bo jeste\u015bmy dzie\u0107mi jednego Boga.<\/p>\n<p>Ale Jan Chrzciciel si\u0119ga jeszcze g\u0142\u0119biej. Przypomina o wielko\u015bci i godno\u015bci cz\u0142owieka. \u201eNad nikim si\u0119 nie zn\u0119cajcie&#8230; nikogo nie uciskajcie\u201d, czyli kochajcie waszych bli\u017anich. We wsp\u00f3lnocie, takiej jak Ko\u015bci\u00f3\u0142, jest miejsce dla wszystkich ludzi: i tego nowonarodzonego, kt\u00f3ry za chwil\u0119 przyjmie chrzest, i tego w podesz\u0142ym wieku, kt\u00f3ry o w\u0142asnych si\u0142ach nie mo\u017ce nic zrobi\u0107. Dla zdrowego i chorego, silnego i s\u0142abego, dla wszystkich! Dzisiaj w \u015bwiecie, r\u00f3wnie\u017c w naszym kraju, odrzuca si\u0119 to, co s\u0142abe, kruche, co pozornie nie daje zysku, a cz\u0142owiek niepe\u0142nosprawny odczuwa l\u0119k, za\u0142amanie i upokorzenie.<\/p>\n<h2>Jan Chrzciciel nie \u017c\u0105da, aby ludzie tak jak on poszli na pustyni\u0119, by wiedli ascetyczne \u017cycie, ale wzywa i zach\u0119ca, by\u015bmy dostrzegli obok drugiego cz\u0142owieka, by\u015bmy zrozumieli, \u017ce tak\u017ce dla innych ludzi przychodzi na ziemi\u0119 Chrystus.<\/h2>\n<p>ks. Wies\u0142aw Burski \u2014 saletyn<\/p>\n","protected":false},"excerpt":{"rendered":"<p>Ludzie zebrani nad Jordanem byli wstrz\u0105\u015bni\u0119ci s\u0142owami Jana Chrzciciela, czuli te\u017c blisk\u0105 obecno\u015b\u0107 Jezusa. Stali wo\u0142aj\u0105c: \u201eC\u00f3\u017c mamy czyni\u0107?\u201d. Jan m\u00f3wi\u0142: mi\u0142ujcie bli\u017anich swoj\u0105 postaw\u0105 i s\u0142owem; cz\u0142owiek bowiem jest najwi\u0119ksz\u0105 warto\u015bci\u0105 \u015bwiata. \u015awiat bez cz\u0142owieka by\u0142by nonsensem i niczym. Adwent jest czasem, w kt\u00f3rym szczeg\u00f3lnie mamy uwra\u017cliwi\u0107 swoje serca na potrzeby drugiego cz\u0142owieka. \u017byj\u0105c we wsp\u00f3lnocie Ko\u015bcio\u0142a, mamy my\u015ble\u0107 o tym, jak prze\u017cyje ona Bo\u017ce Narodzenie. Czy nie b\u0119dzie w niej smutnych, zap\u0142akanych, nieszcz\u0119\u015bliwych, za\u0142amanych? Taki sens maj\u0105 s\u0142owa: \u201eJe\u015bli kto ma dwie suknie&#8230;, a kto ma \u017cywno\u015b\u0107, niech tak samo czyni\u201d. Bo jeste\u015bmy dzie\u0107mi jednego Boga. Ale Jan Chrzciciel si\u0119ga jeszcze g\u0142\u0119biej. Przypomina o wielko\u015bci i godno\u015bci cz\u0142owieka. \u201eNad nikim si\u0119 nie zn\u0119cajcie&#8230; nikogo nie uciskajcie\u201d, czyli kochajcie waszych bli\u017anich. We wsp\u00f3lnocie, takiej jak Ko\u015bci\u00f3\u0142, jest miejsce dla wszystkich ludzi: i tego nowonarodzonego, kt\u00f3ry za chwil\u0119 przyjmie chrzest, i tego w podesz\u0142ym wieku, kt\u00f3ry o w\u0142asnych si\u0142ach nie&hellip;<\/p>\n<p> <a class=\"more-link\" href=\"http:\/\/www.franciszek-walcz.pl\/?p=2449\">Czytaj dalej<\/a><\/p>\n","protected":false},"author":1,"featured_media":0,"comment_status":"open","ping_status":"open","sticky":false,"template":"","format":"standard","meta":{"footnotes":""},"categories":[5],"tags":[],"class_list":{"0":"post-2449","1":"post","2":"type-post","3":"status-publish","4":"format-standard","6":"category-artykuly"},"brizy_media":[],"_links":{"self":[{"href":"http:\/\/www.franciszek-walcz.pl\/index.php?rest_route=\/wp\/v2\/posts\/2449","targetHints":{"allow":["GET"]}}],"collection":[{"href":"http:\/\/www.franciszek-walcz.pl\/index.php?rest_route=\/wp\/v2\/posts"}],"about":[{"href":"http:\/\/www.franciszek-walcz.pl\/index.php?rest_route=\/wp\/v2\/types\/post"}],"author":[{"embeddable":true,"href":"http:\/\/www.franciszek-walcz.pl\/index.php?rest_route=\/wp\/v2\/users\/1"}],"replies":[{"embeddable":true,"href":"http:\/\/www.franciszek-walcz.pl\/index.php?rest_route=%2Fwp%2Fv2%2Fcomments&post=2449"}],"version-history":[{"count":1,"href":"http:\/\/www.franciszek-walcz.pl\/index.php?rest_route=\/wp\/v2\/posts\/2449\/revisions"}],"predecessor-version":[{"id":2450,"href":"http:\/\/www.franciszek-walcz.pl\/index.php?rest_route=\/wp\/v2\/posts\/2449\/revisions\/2450"}],"wp:attachment":[{"href":"http:\/\/www.franciszek-walcz.pl\/index.php?rest_route=%2Fwp%2Fv2%2Fmedia&parent=2449"}],"wp:term":[{"taxonomy":"category","embeddable":true,"href":"http:\/\/www.franciszek-walcz.pl\/index.php?rest_route=%2Fwp%2Fv2%2Fcategories&post=2449"},{"taxonomy":"post_tag","embeddable":true,"href":"http:\/\/www.franciszek-walcz.pl\/index.php?rest_route=%2Fwp%2Fv2%2Ftags&post=2449"}],"curies":[{"name":"wp","href":"https:\/\/api.w.org\/{rel}","templated":true}]}}