{"id":24644,"date":"2023-08-05T16:52:00","date_gmt":"2023-08-05T14:52:00","guid":{"rendered":"http:\/\/www.franciszek-walcz.pl\/?p=24644"},"modified":"2023-08-05T16:52:00","modified_gmt":"2023-08-05T14:52:00","slug":"przemienienie-panskie","status":"publish","type":"post","link":"http:\/\/www.franciszek-walcz.pl\/?p=24644","title":{"rendered":"Przemienienie Pa\u0144skie"},"content":{"rendered":"<p><strong>Dlaczego Jezus ukaza\u0142 si\u0119 tylko jeden raz w chwale?<\/strong><\/p>\n<p>6 sierpnia\u00a0Ko\u015bci\u00f3\u0142 obchodzi \u015awi\u0119to Przemienienia Pa\u0144skiego. Liturgia tego dnia wspomina opisane w ewangeliach wydarzenie, przez kt\u00f3re Chrystus objawi\u0142 swoje b\u00f3stwo. Mimo tego, \u017ce jest to wa\u017cne wydarzenie, w tym dniu w Ko\u015bciele w Polsce\u00a0<strong>nie obowi\u0105zuje uczestnictwo we Mszy \u015awi\u0119tej.\u00a0<\/strong>Jednak biskupi w li\u015bcie na temat przykaza\u0144 ko\u015bcielnych wystosowali pewn\u0105 zach\u0119t\u0119, pisz\u0105c tak\u017ce o innych \u015bwi\u0119tach w Ko\u015bciele: &#8222;Chocia\u017c takie uroczysto\u015bci i\u00a0\u015bwi\u0119ta, jak: Niepokalane Pocz\u0119cie, \u015bwi\u0119tego J\u00f3zefa, \u015bwi\u0119tych Aposto\u0142\u00f3w Piotra i\u00a0Paw\u0142a, Matki Bo\u017cej Gromnicznej, Poniedzia\u0142ek Wielkanocny, \u015bwi\u0119to Naj\u015bwi\u0119tszej Maryi Panny, Matki Ko\u015bcio\u0142a (poniedzia\u0142ek do Zes\u0142aniu Ducha \u015awi\u0119tego), \u015bwi\u0119tego Szczepana, nie s\u0105 \u015bwi\u0119tami nakazanymi, to jednak zach\u0119camy wiernych, by zgodnie z\u00a0wieloletni\u0105 tradycj\u0105 brali wtedy udzia\u0142 w\u00a0liturgii (\u2026) Zach\u0119camy tak\u017ce wiernych do pe\u0142nego udzia\u0142u w\u00a0Eucharystii przez przyj\u0119cie Komunii \u015bwi\u0119tej&#8221;.<\/p>\n<p><strong>Przemienienie Pa\u0144skie &#8211; co to za \u015bwi\u0119to?<\/strong><\/p>\n<p>Czytany w liturgii ewangeliczny opis Przemienienia Pa\u0144skiego pe\u0142en jest znacze\u0144 symbolicznych: g\u00f3ra, \u015bwiat\u0142o i ob\u0142ok s\u0105 w Biblii charakterystyczne dla objawie\u0144 Boga. &#8222;Jezus wzi\u0105\u0142 ze sob\u0105 Piotra, Jakuba i brata jego Jana i zaprowadzi\u0142 ich na g\u00f3r\u0119 wysok\u0105, osobno. Tam przemieni\u0142 si\u0119 wobec nich&#8221; (Mt 17,1). Twarz Jezusa zaja\u015bnia\u0142a jak s\u0142o\u0144ce, szata by\u0142a bia\u0142a jak \u015bwiat\u0142o, ukazali si\u0119 te\u017c Moj\u017cesz i Eliasz a z ob\u0142oku dobieg\u0142 g\u0142os Boga.\u00a0S\u0105 oni \u015bwiadkami, kt\u00f3rzy potwierdzaj\u0105 widzenie Aposto\u0142\u00f3w i wskazuj\u0105, \u017ce ca\u0142e objawienie prowadzi do Jezusa. Dodatkowym i niepodwa\u017calnym uwierzytelnieniem jest g\u0142os Ojca, Kt\u00f3ry m\u00f3wi: &#8222;To jest m\u00f3j Syn umi\u0142owany, w kt\u00f3rym mam upodobanie, Jego s\u0142uchajcie!&#8221; (Mt 17,5).<\/p>\n<p>Przemienienie Jezusa mia\u0142o umocni\u0107 wiar\u0119 Aposto\u0142\u00f3w oraz przygotowa\u0107 ich na prze\u017cycie m\u0119ki i \u015bmierci Jezusa. Przemienienie ukazuje te\u017c, \u017ce do chwa\u0142y objawionej przez Jezusa dochodzi si\u0119 przez cierpienie i \u015bmier\u0107. Tak jak ka\u017cda teofania (czyli objawienie b\u00f3stwa) Przemienienie Pa\u0144skie budzi fascynacj\u0119 i zachwyt ale zarazem l\u0119k, dlatego \u015bw. Piotr powiedzia\u0142 najpierw: &#8222;dobrze, \u017ce tu jeste\u015bmy&#8221; a w chwil\u0119 p\u00f3\u017aniej uczniowie &#8222;upadli na twarz i bardzo si\u0119 zl\u0119kli&#8221;. W religioznawstwie m\u00f3wi si\u0119, \u017ce B\u00f3g jest &#8222;mysteriumfascinosum et tremendum&#8221;, czyli tajemnic\u0105 fascynuj\u0105c\u0105 i przera\u017caj\u0105c\u0105.<\/p>\n<p><strong>Czego uczy nas Tabor?<\/strong><\/p>\n<p>Tabor &#8211; po hebrajsku Har Tawor (\u05d4\u05e8\u05ea\u05d1\u05d5\u05e8) i arabsku D\u017cabalat-Tur (\u062c\u0628\u0644\u0627\u0644\u0637\u0648\u0631) &#8211; oznacza &#8222;wysoki szczyt&#8221;; wznosi si\u0119 on na prawie sze\u015b\u0107set metr\u00f3w nad poziomem morza i majestatycznie g\u00f3ruje nad r\u00f3wnin\u0105. B\u00f3g uwielbia takie g\u00f3ry &#8211; odosobnione i trudno dost\u0119pne, wymagaj\u0105ce wyj\u015bcia ze strefy komfortu.<\/p>\n<p>&#8222;Jezus wzi\u0105\u0142 z sob\u0105 Piotra, Jakuba i brata jego, Jana, zaprowadzi\u0142 ich na g\u00f3r\u0119 wysok\u0105, osobno. Tam przemieni\u0142 si\u0119 wobec nich: Twarz Jego zaja\u015bnia\u0142a jak s\u0142o\u0144ce, odzienie za\u015b sta\u0142o si\u0119 bia\u0142e jak \u015bwiat\u0142o&#8221; (Mt 17,1-2).<\/p>\n<p>W czasach Jezusa ludzie nie chodzili w g\u00f3ry dla przyjemno\u015bci. My\u015bl\u0119, \u017ce gdy aposto\u0142owie wspinali si\u0119 na Tabor, dwoili si\u0119 i troili, by zrozumie\u0107, dlaczego Jezus ich tam zabiera. Musieli si\u0119 bardzo zdziwi\u0107, gdy Zbawiciel ukaza\u0142 si\u0119 im w ja\u015bniej\u0105cej postaci. Zrozumieli wtedy, \u017ce doliny, chocia\u017c wygodne i bezpieczne, nie daj\u0105 szansy spojrze\u0107 na rzeczywisto\u015b\u0107 z innej perspektywy. Ich zdumienie szybko przerodzi\u0142o si\u0119 w zachwyt.\u00a0&#8222;Panie, dobrze, \u017ce tu jeste\u015bmy; je\u015bli chcesz, postawi\u0119 tu trzy namioty: jeden dla Ciebie, jeden dla Moj\u017cesza i jeden dla Eliasza&#8221; (Mt 17,4).<\/p>\n<p>Ka\u017cdy z nas ma swoje &#8222;g\u00f3ry Tabor&#8221;. Dla jednych b\u0119dzie to czas sp\u0119dzony z najbli\u017cszymi, dla innych &#8211; realizowanie \u017cyciowej pasji; co\u015b, co pozwala nam si\u0119 &#8222;przemienia\u0107&#8221;, a wi\u0119c by\u0107 bardziej i pe\u0142niej.\u00a0Na pewno ka\u017cdy do\u015bwiadczy\u0142 czego\u015b takiego w swoim \u017cyciu &#8211; chwil pe\u0142nych wewn\u0119trznej rado\u015bci i poczucia, \u017ce jest si\u0119 we w\u0142a\u015bciwym miejscu i we w\u0142a\u015bciwym czasie. Ja bardzo cz\u0119sto odkrywam co\u015b takiego w g\u00f3rach.\u00a0W czasie g\u00f3rskiej w\u0119dr\u00f3wki nie tylko mo\u017cna si\u0119 odpr\u0119\u017cy\u0107 i wyciszy\u0107. Pi\u0119kno i surowo\u015b\u0107 g\u00f3rskiego krajobrazu jak ma\u0142o kt\u00f3ra rzecz na \u015bwiecie utwierdza mnie w przekonaniu, \u017ce jestem tylko py\u0142kiem wobec si\u0142 natury i pot\u0119gi g\u00f3rskich szczyt\u00f3w. Jednak nawet g\u00f3ry &#8222;topniej\u0105 jak wosk przed obliczem Pana, przed obliczem W\u0142adcy wszystkiej ziemi&#8221; (Ps 97,5).<\/p>\n<p>Ludzie od zawsze szukali w g\u00f3rach Boskiego pierwiastka. Klasztory, pustelnie, miejsca, w kt\u00f3rych rozwija\u0142a si\u0119 duchowo\u015b\u0107, nie powstawa\u0142y na nizinach, ale na g\u00f3rskich szczytach, cz\u0119sto w skrajnie niesprzyjaj\u0105cych warunkach, zawieszone mi\u0119dzy niebem i ziemi\u0105, z dala od rutyny i daleko poza stref\u0105 komfortu. Ksi\u0105dz Roman Rogowski w &#8222;Mistyce g\u00f3r&#8221; pisze, \u017ce g\u00f3ry s\u0105 &#8222;ikon\u0105 Boga i sakramentem Najwy\u017cszego&#8221;. Nie mo\u017cna tego lepiej uj\u0105\u0107!<\/p>\n<p><strong>Gdy ju\u017c odkryjesz swoj\u0105 g\u00f3r\u0119 Tabor<\/strong><\/p>\n<p>Chwile rado\u015bci i spe\u0142nienia nie s\u0105 po to, by zachowywa\u0107 je dla siebie. Je\u015bli w twoim \u017cyciu jest co\u015b, co naprawd\u0119 ci\u0119 poci\u0105ga, sprawia, \u017ce puls przy\u015bpiesza, a serce bije szybciej, poka\u017c to innym. Wok\u00f3\u0142 ciebie jest wi\u0119cej pogr\u0105\u017conych w mroku ludzi, ni\u017c si\u0119 wydaje. Mo\u017ce twoja &#8222;g\u00f3ra Tabor&#8221; sprawi, \u017ce kto\u015b inny te\u017c si\u0119 &#8222;przemieni&#8221;? Piotr nie chcia\u0142 schodzi\u0107. Najch\u0119tniej zosta\u0142by z przemienionym Jezusem i nie my\u015bla\u0142 o sprawach, kt\u00f3re zosta\u0142y na dole. Nie o to jednak chodzi Bogu.\u00a0G\u00f3ra Tabor by\u0142a jednym z ostatnich przystank\u00f3w Jezusa przed Jerozolim\u0105. Po chwale, jakiej do\u015bwiadczyli aposto\u0142owie w obecno\u015bci przemienionego Chrystusa, mia\u0142o nadej\u015b\u0107 co\u015b zupe\u0142nie innego. Przemienienie Pa\u0144skie by\u0142o po to, by umocni\u0107 uczni\u00f3w przed uni\u017ceniem i upokorzeniem, jakiego mia\u0142 do\u015bwiadczy\u0107 Jezus. Nasze &#8222;g\u00f3ry Tabor&#8221; te\u017c nie trwaj\u0105 wiecznie.\u00a0Je\u015bli w\u0142a\u015bnie do\u015bwiadczasz czego\u015b pozytywnego, dobrze to zapami\u0119taj. Gdy pojawi si\u0119 kryzys &#8211; a pojawi si\u0119 pr\u0119dzej czy p\u00f3\u017aniej &#8211; b\u0119dziesz wiedzia\u0142, \u017ce i on kiedy\u015b si\u0119 sko\u0144czy.<\/p>\n<p><strong>Biblijna historia uczy nas, by dobre do\u015bwiadczenia zabiera\u0107 w &#8222;doliny&#8221;,<\/strong>\u00a0tam, gdzie cz\u0119sto brakuje nadziei i motywacji. W nasze ma\u0142e i wielkie kryzysy.\u00a0B\u00f3g lubi g\u00f3ry. W Starym i Nowym Testamencie w g\u00f3rach dzia\u0142y si\u0119 najwa\u017cniejsze wydarzenia w historii zbawienia. Na wulkanicznym masywie Ararat zatrzyma\u0142a si\u0119 arka, gdy wody potopu zacz\u0119\u0142y opada\u0107; wzg\u00f3rze Moria by\u0142o \u015bwiadkiem ofiary Abrahama; na szczycie Synaj Jahwe przekaza\u0142 Izraelowi swoje przykazania; w kazaniu &#8222;na g\u00f3rze&#8221; Jezus da\u0142 ludziom osiem b\u0142ogos\u0142awie\u0144stw; na G\u00f3rze Oliwnej Syn Bo\u017cy modli\u0142 si\u0119 przed m\u0119k\u0105, a na Kalwarii zosta\u0142y odkupione grzechy ca\u0142ego \u015bwiata. Na ka\u017cdym z tych szczyt\u00f3w wydarzy\u0142o si\u0119 co\u015b, co mia\u0142o znaczenie dla relacji mi\u0119dzy Bogiem a cz\u0142owiekiem.\u00a0Przemienienie Pa\u0144skie, jedno z najwa\u017cniejszych wydarze\u0144 w \u017cyciu Jezusa i cud, kt\u00f3ry dokona\u0142 si\u0119 w obecno\u015bci trzech aposto\u0142\u00f3w, r\u00f3wnie\u017c wydarzy\u0142o si\u0119 na g\u00f3rze &#8211; osamotnionym wzniesieniu w Galilei nosz\u0105cym nazw\u0119 Tabor.<\/p>\n","protected":false},"excerpt":{"rendered":"<p>Dlaczego Jezus ukaza\u0142 si\u0119 tylko jeden raz w chwale? 6 sierpnia\u00a0Ko\u015bci\u00f3\u0142 obchodzi \u015awi\u0119to Przemienienia Pa\u0144skiego. Liturgia tego dnia wspomina opisane w ewangeliach wydarzenie, przez kt\u00f3re Chrystus objawi\u0142 swoje b\u00f3stwo. Mimo tego, \u017ce jest to wa\u017cne wydarzenie, w tym dniu w Ko\u015bciele w Polsce\u00a0nie obowi\u0105zuje uczestnictwo we Mszy \u015awi\u0119tej.\u00a0Jednak biskupi w li\u015bcie na temat przykaza\u0144 ko\u015bcielnych wystosowali pewn\u0105 zach\u0119t\u0119, pisz\u0105c tak\u017ce o innych \u015bwi\u0119tach w Ko\u015bciele: &#8222;Chocia\u017c takie uroczysto\u015bci i\u00a0\u015bwi\u0119ta, jak: Niepokalane Pocz\u0119cie, \u015bwi\u0119tego J\u00f3zefa, \u015bwi\u0119tych Aposto\u0142\u00f3w Piotra i\u00a0Paw\u0142a, Matki Bo\u017cej Gromnicznej, Poniedzia\u0142ek Wielkanocny, \u015bwi\u0119to Naj\u015bwi\u0119tszej Maryi Panny, Matki Ko\u015bcio\u0142a (poniedzia\u0142ek do Zes\u0142aniu Ducha \u015awi\u0119tego), \u015bwi\u0119tego Szczepana, nie s\u0105 \u015bwi\u0119tami nakazanymi, to jednak zach\u0119camy wiernych, by zgodnie z\u00a0wieloletni\u0105 tradycj\u0105 brali wtedy udzia\u0142 w\u00a0liturgii (\u2026) Zach\u0119camy tak\u017ce wiernych do pe\u0142nego udzia\u0142u w\u00a0Eucharystii przez przyj\u0119cie Komunii \u015bwi\u0119tej&#8221;. Przemienienie Pa\u0144skie &#8211; co to za \u015bwi\u0119to? Czytany w liturgii ewangeliczny opis Przemienienia Pa\u0144skiego pe\u0142en jest znacze\u0144 symbolicznych: g\u00f3ra, \u015bwiat\u0142o i ob\u0142ok s\u0105 w Biblii charakterystyczne&hellip;<\/p>\n<p> <a class=\"more-link\" href=\"http:\/\/www.franciszek-walcz.pl\/?p=24644\">Czytaj dalej<\/a><\/p>\n","protected":false},"author":1,"featured_media":0,"comment_status":"closed","ping_status":"closed","sticky":false,"template":"","format":"standard","meta":{"footnotes":""},"categories":[5],"tags":[],"class_list":{"0":"post-24644","1":"post","2":"type-post","3":"status-publish","4":"format-standard","6":"category-artykuly"},"brizy_media":[],"_links":{"self":[{"href":"http:\/\/www.franciszek-walcz.pl\/index.php?rest_route=\/wp\/v2\/posts\/24644","targetHints":{"allow":["GET"]}}],"collection":[{"href":"http:\/\/www.franciszek-walcz.pl\/index.php?rest_route=\/wp\/v2\/posts"}],"about":[{"href":"http:\/\/www.franciszek-walcz.pl\/index.php?rest_route=\/wp\/v2\/types\/post"}],"author":[{"embeddable":true,"href":"http:\/\/www.franciszek-walcz.pl\/index.php?rest_route=\/wp\/v2\/users\/1"}],"replies":[{"embeddable":true,"href":"http:\/\/www.franciszek-walcz.pl\/index.php?rest_route=%2Fwp%2Fv2%2Fcomments&post=24644"}],"version-history":[{"count":1,"href":"http:\/\/www.franciszek-walcz.pl\/index.php?rest_route=\/wp\/v2\/posts\/24644\/revisions"}],"predecessor-version":[{"id":24645,"href":"http:\/\/www.franciszek-walcz.pl\/index.php?rest_route=\/wp\/v2\/posts\/24644\/revisions\/24645"}],"wp:attachment":[{"href":"http:\/\/www.franciszek-walcz.pl\/index.php?rest_route=%2Fwp%2Fv2%2Fmedia&parent=24644"}],"wp:term":[{"taxonomy":"category","embeddable":true,"href":"http:\/\/www.franciszek-walcz.pl\/index.php?rest_route=%2Fwp%2Fv2%2Fcategories&post=24644"},{"taxonomy":"post_tag","embeddable":true,"href":"http:\/\/www.franciszek-walcz.pl\/index.php?rest_route=%2Fwp%2Fv2%2Ftags&post=24644"}],"curies":[{"name":"wp","href":"https:\/\/api.w.org\/{rel}","templated":true}]}}