{"id":24700,"date":"2023-08-12T12:35:00","date_gmt":"2023-08-12T10:35:00","guid":{"rendered":"http:\/\/www.franciszek-walcz.pl\/?p=24700"},"modified":"2023-08-12T12:35:00","modified_gmt":"2023-08-12T10:35:00","slug":"patrz-w-niebo","status":"publish","type":"post","link":"http:\/\/www.franciszek-walcz.pl\/?p=24700","title":{"rendered":"PATRZ W NIEBO"},"content":{"rendered":"<p class=\"western\" align=\"left\"><span style=\"font-family: Merriweather;\"><span style=\"font-size: large;\"><b>Tekst Ewangelii (<\/b><\/span><\/span><span style=\"font-family: Merriweather;\"><span style=\"font-size: large;\"><i><b>Mt<\/b><\/i><\/span><\/span><span style=\"font-family: Merriweather;\"><span style=\"font-size: large;\"><b>\u00a014,22-33):<\/b><\/span><\/span><span style=\"font-family: Merriweather;\"><span style=\"font-size: large;\">\u00a0Zaraz te\u017c przynagli\u0142 uczni\u00f3w, \u017ceby wsiedli do \u0142odzi i wyprzedzili Go na drugi brzeg, zanim odprawi t\u0142umy. Gdy to uczyni\u0142, wyszed\u0142 sam jeden na g\u00f3r\u0119, aby si\u0119 modli\u0107. Wiecz\u00f3r zapad\u0142, a On sam tam przebywa\u0142. \u0141\u00f3d\u017a za\u015b by\u0142a ju\u017c sporo stadi\u00f3w oddalona od brzegu, miotana falami, bo wiatr by\u0142 przeciwny.Lecz o czwartej stra\u017cy nocnej przyszed\u0142 do nich, krocz\u0105c po jeziorze. Uczniowie, zobaczywszy Go krocz\u0105cego po jeziorze, zl\u0119kli si\u0119 my\u015bl\u0105c, \u017ce to zjawa, i ze strachu krzykn\u0119li. Jezus zaraz przem\u00f3wi\u0142 do nich: \u00abOdwagi! Ja jestem, nie b\u00f3jcie si\u0119!\u00bb Na to odezwa\u0142 si\u0119 Piotr: \u00abPanie, je\u015bli to Ty jeste\u015b, ka\u017c mi przyj\u015b\u0107 do siebie po wodzie!\u00bb A On rzek\u0142: \u00abPrzyjd\u017a!\u00bb Piotr wyszed\u0142 z \u0142odzi, i krocz\u0105c po wodzie, przyszed\u0142 do Jezusa. Lecz na widok silnego wiatru ul\u0105k\u0142 si\u0119 i gdy zacz\u0105\u0142 ton\u0105\u0107, krzykn\u0105\u0142: \u00abPanie, ratuj mnie!\u00bb Jezus natychmiast wyci\u0105gn\u0105\u0142 r\u0119k\u0119 i chwyci\u0142 go, m\u00f3wi\u0105c: \u00abCzemu zw\u0105tpi\u0142e\u015b, ma\u0142ej wiary?\u00bb Gdy wsiedli do \u0142odzi, wiatr si\u0119 uciszy\u0142. Ci za\u015b, kt\u00f3rzy byli w \u0142odzi, upadli przed Nim, m\u00f3wi\u0105c: \u00abPrawdziwie jeste\u015b Synem Bo\u017cym\u00bb.<\/span><\/span><\/p>\n<p class=\"western\" align=\"left\"><span style=\"font-family: Merriweather;\"><span style=\"font-size: x-large;\"><b>PATRZ W NIEBO<\/b><\/span><\/span><\/p>\n<p class=\"western\" align=\"left\"><span style=\"font-family: Merriweather;\"><span style=\"font-size: large;\">W czasie sztormu, pocz\u0105tkuj\u0105cy \u017ceglarz wspina\u0142 si\u0119 po raz pierwszy na maszt. Wpatrzony w niebo swobodnie zd\u0105\u017ca\u0142 do celu. Jednak w po\u0142owie drogi zatrzyma\u0142 si\u0119 i spojrza\u0142 na d\u00f3\u0142. Zobaczy\u0142 rozszala\u0142e morze i fale wdzieraj\u0105ce si\u0119 na pok\u0142ad. Ten widok wype\u0142ni\u0142 jego serce parali\u017cuj\u0105cym lekiem. Nie m\u00f3g\u0142 si\u0119 ruszy\u0107. Widz\u0105c to, jeden ze starszych \u017ceglarzy krzykn\u0105\u0142: \u201ePatrz w niebo! Patrz w niebo!\u201d M\u0142ody marynarz pos\u0142ucha\u0142 rady starszego kolegi i szcz\u0119\u015bliwie wspi\u0105\u0142 si\u0119 na szczyt masztu<\/span><\/span><span style=\"font-family: Merriweather;\"><span style=\"font-size: large;\">.<\/span><\/span><\/p>\n<p class=\"western\" align=\"left\"><span style=\"font-family: Merriweather;\"><span style=\"font-size: large;\">Nasze \u017cycie podobne jest czasami do wzburzonego oceanu. Opadaj\u0105 r\u0119ce, a serce wype\u0142nia l\u0119k i beznadzieja. Wydaje si\u0119 nam, \u017ce na niebie naszego \u017cycia pogas\u0142y wszystkie gwiazdy. Tak nam si\u0119 wydaje, bo zapominamy o spojrzeniu w niebo, brakuje nam si\u0142y, aby oderwa\u0107 si\u0119 od cierpienia, kt\u00f3re nas dopad\u0142o i trzyma jak w szponach. Przes\u0142ania ono wszystko, mimo, \u017ce na niebie naszego \u017cycia p\u0142onie jeszcze tyle gwiazd. Potrzebujemy wtedy do\u015bwiadczonego \u201e\u017ceglarza\u201d,kt\u00f3ry s\u0142owami \u201ePatrz w niebo\u201d pomo\u017ce nam dotrze\u0107, na wzburzonych falach naszego \u017cycia do spokojnego portu zatrzymania.<\/span><\/span><\/p>\n<p class=\"western\" align=\"left\"><span style=\"font-family: Merriweather;\"><span style=\"font-size: large;\">Piotr dop\u00f3ki wpatrywa\u0142 si\u0119 w Chrystusa bezpiecznie szed\u0142 po wzburzonych falach jeziora, gdy jednak odwr\u00f3ci\u0142 si\u0119 od Chrystusa i spojrza\u0142 na spienion\u0105 g\u0142\u0119bi\u0119 przerazi\u0142 si\u0119, i zacz\u0105\u0142 ton\u0105\u0107. Wzburzone fale przys\u0142oni\u0142y si\u0119 mu wszystko. W ostatniej chwili jednak zawo\u0142a\u0142: \u201ePanie, ratuj mnie\u201d. Ten kr\u00f3tki moment spojrzenia na Chrystusa uratowa\u0142 mu \u017cycie. Wtedy Jezus powiedzia\u0142 do niego z wyrzutem: \u201eCzemu zw\u0105tpi\u0142e\u015b, ma\u0142ej wiary?\u201d Ta scena ma wymiar realny, jak i te\u017c symboliczny. Wiara w Chrystusa jest spojrzeniem w niebo, kt\u00f3re chroni przed zagubieniem w labiryncie do\u015bwiadcze\u0144 \u017cyciowych. Prowadzi nas do celu nawet wtedy, gdy ludzkie wsparcie jest zawodne, niewystarczaj\u0105ce. Spojrzenie na Chrystusa jest spojrzeniem na nasze \u017cycie z perspektywy wieczno\u015bci. Ta perspektywa pozwala nam poustawia\u0107 we w\u0142a\u015bciwych proporcjach wszystko, co nas spotyka na drogach ziemskiego pielgrzymowania.<\/span><\/span><\/p>\n<p class=\"western\" align=\"left\"><span style=\"font-family: Merriweather;\"><span style=\"font-size: large;\">Wzrok wiary staje si\u0119 ogromnym \u017ar\u00f3d\u0142em mocy w pokonywaniu burz \u017cyciowych i niezmiennie wskazuje na zorz\u0119 porann\u0105, z jasno\u015bci, kt\u00f3rej wy\u0142ania si\u0119 posta\u0107 Chrystusa zmartwychwsta\u0142ego.<\/span><\/span><\/p>\n","protected":false},"excerpt":{"rendered":"<p>Tekst Ewangelii (Mt\u00a014,22-33):\u00a0Zaraz te\u017c przynagli\u0142 uczni\u00f3w, \u017ceby wsiedli do \u0142odzi i wyprzedzili Go na drugi brzeg, zanim odprawi t\u0142umy. Gdy to uczyni\u0142, wyszed\u0142 sam jeden na g\u00f3r\u0119, aby si\u0119 modli\u0107. Wiecz\u00f3r zapad\u0142, a On sam tam przebywa\u0142. \u0141\u00f3d\u017a za\u015b by\u0142a ju\u017c sporo stadi\u00f3w oddalona od brzegu, miotana falami, bo wiatr by\u0142 przeciwny.Lecz o czwartej stra\u017cy nocnej przyszed\u0142 do nich, krocz\u0105c po jeziorze. Uczniowie, zobaczywszy Go krocz\u0105cego po jeziorze, zl\u0119kli si\u0119 my\u015bl\u0105c, \u017ce to zjawa, i ze strachu krzykn\u0119li. Jezus zaraz przem\u00f3wi\u0142 do nich: \u00abOdwagi! Ja jestem, nie b\u00f3jcie si\u0119!\u00bb Na to odezwa\u0142 si\u0119 Piotr: \u00abPanie, je\u015bli to Ty jeste\u015b, ka\u017c mi przyj\u015b\u0107 do siebie po wodzie!\u00bb A On rzek\u0142: \u00abPrzyjd\u017a!\u00bb Piotr wyszed\u0142 z \u0142odzi, i krocz\u0105c po wodzie, przyszed\u0142 do Jezusa. Lecz na widok silnego wiatru ul\u0105k\u0142 si\u0119 i gdy zacz\u0105\u0142 ton\u0105\u0107, krzykn\u0105\u0142: \u00abPanie, ratuj mnie!\u00bb Jezus natychmiast wyci\u0105gn\u0105\u0142 r\u0119k\u0119 i chwyci\u0142 go, m\u00f3wi\u0105c: \u00abCzemu zw\u0105tpi\u0142e\u015b, ma\u0142ej wiary?\u00bb Gdy wsiedli&hellip;<\/p>\n<p> <a class=\"more-link\" href=\"http:\/\/www.franciszek-walcz.pl\/?p=24700\">Czytaj dalej<\/a><\/p>\n","protected":false},"author":1,"featured_media":0,"comment_status":"closed","ping_status":"closed","sticky":false,"template":"","format":"standard","meta":{"footnotes":""},"categories":[5],"tags":[],"class_list":{"0":"post-24700","1":"post","2":"type-post","3":"status-publish","4":"format-standard","6":"category-artykuly"},"brizy_media":[],"_links":{"self":[{"href":"http:\/\/www.franciszek-walcz.pl\/index.php?rest_route=\/wp\/v2\/posts\/24700","targetHints":{"allow":["GET"]}}],"collection":[{"href":"http:\/\/www.franciszek-walcz.pl\/index.php?rest_route=\/wp\/v2\/posts"}],"about":[{"href":"http:\/\/www.franciszek-walcz.pl\/index.php?rest_route=\/wp\/v2\/types\/post"}],"author":[{"embeddable":true,"href":"http:\/\/www.franciszek-walcz.pl\/index.php?rest_route=\/wp\/v2\/users\/1"}],"replies":[{"embeddable":true,"href":"http:\/\/www.franciszek-walcz.pl\/index.php?rest_route=%2Fwp%2Fv2%2Fcomments&post=24700"}],"version-history":[{"count":1,"href":"http:\/\/www.franciszek-walcz.pl\/index.php?rest_route=\/wp\/v2\/posts\/24700\/revisions"}],"predecessor-version":[{"id":24701,"href":"http:\/\/www.franciszek-walcz.pl\/index.php?rest_route=\/wp\/v2\/posts\/24700\/revisions\/24701"}],"wp:attachment":[{"href":"http:\/\/www.franciszek-walcz.pl\/index.php?rest_route=%2Fwp%2Fv2%2Fmedia&parent=24700"}],"wp:term":[{"taxonomy":"category","embeddable":true,"href":"http:\/\/www.franciszek-walcz.pl\/index.php?rest_route=%2Fwp%2Fv2%2Fcategories&post=24700"},{"taxonomy":"post_tag","embeddable":true,"href":"http:\/\/www.franciszek-walcz.pl\/index.php?rest_route=%2Fwp%2Fv2%2Ftags&post=24700"}],"curies":[{"name":"wp","href":"https:\/\/api.w.org\/{rel}","templated":true}]}}