{"id":24744,"date":"2023-08-14T17:09:38","date_gmt":"2023-08-14T15:09:38","guid":{"rendered":"http:\/\/www.franciszek-walcz.pl\/?p=24744"},"modified":"2023-08-14T17:10:10","modified_gmt":"2023-08-14T15:10:10","slug":"15-sierpnia-swieto-wojska-polskiego","status":"publish","type":"post","link":"http:\/\/www.franciszek-walcz.pl\/?p=24744","title":{"rendered":"15 sierpnia &#8211; \u015awi\u0119to Wojska Polskiego"},"content":{"rendered":"<p class=\"western\"><span style=\"font-size: large;\">15 sierpnia ka\u017cdego roku jest dniem szczeg\u00f3lnym dla Wojska Polskiego, a to g\u0142\u00f3wnie dlatego, \u017ce w tym dniu &#8211; w rocznic\u0119 bitwy warszawskiej 1920 roku &#8211; obchodzone jest \u015awi\u0119to Wojska Polskiego.<br \/>\nPo odzyskaniu niepodleg\u0142o\u015bci, w okresie II Rzeczypospolitej, wojsko obchodzi\u0142o swoje pierwsze \u017co\u0142nierskie \u015bwi\u0119to 6 sierpnia 1919 roku. \u015awi\u0119to nawi\u0105zywa\u0142o do pami\u0119tnej daty wyruszenia do walki w 1914 roku Pierwszej Kompanii Kadrowej, pod dow\u00f3dztwem Komendanta J\u00f3zefa Pi\u0142sudskiego.<br \/>\nW rocznic\u0119 Bitwy Warszawskiej (&#8222;Cudu nad Wis\u0142\u0105&#8221;), kiedy to polskie wojska zatrzyma\u0142y ofensyw\u0119 Armii Czerwonej, a bitwa przynios\u0142a prze\u0142om w wojnie polsko-bolszewickiej 1919-1920 roku, zacz\u0119to uroczy\u015bcie obchodzi\u0107 \u015awi\u0119to \u017bo\u0142nierza w 1923 roku. Wprowadzono je na rozkaz marsza\u0142ka J\u00f3zefa Pi\u0142sudskiego &#8211; rozkazem ministra spraw wojskowych nr 126 z dnia 4 sierpnia 1923 roku. W rozkazie tym pisano: &#8222;Dzie\u0144 15-go sierpnia jest \u015awi\u0119tem \u017bo\u0142nierza. W tym dniu wojsko i spo\u0142ecze\u0144stwo czci chwa\u0142\u0119 or\u0119\u017ca polskiego, kt\u00f3rej uosobieniem i wyrazem jest \u017co\u0142nierz. W rocznic\u0119 wiekopomnego rozgromienia nawa\u0142y bolszewickiej pod Warszaw\u0105 \u015bwi\u0119ci si\u0119 pami\u0119\u0107 poleg\u0142ych w wiekowych walkach z wrogiem o ca\u0142o\u015b\u0107 i niepodleg\u0142o\u015b\u0107 Polski&#8221;.<br \/>\nW okresie II Rzeczypospolitej \u015bwi\u0119to by\u0142o obchodzone bardzo uroczy\u015bcie dla upami\u0119tnienia walk w obronie Ojczyzny.<br \/>\n\u015awi\u0119to Wojska Polskiego obchodzono 15 sierpnia r\u00f3wnie\u017c podczas II wojny \u015bwiatowej &#8211; zar\u00f3wno w Ko\u015bciuszkowskiej Dywizji Piechoty jak i w Polskich Si\u0142ach Zbrojnych na Zachodzie, a tak\u017ce w organizacjach podziemnych w okresie okupacji na terenie kraju.<\/span><\/p>\n<p>Obchodzono je tak\u017ce po wojnie &#8211; w Wojsku Polskim &#8211; do 1947 roku. W latach 1947-1949 obchodzono je 9 maja &#8211; w rocznic\u0119 zwyci\u0119stwa. P\u00f3\u017aniej, od 1950 roku, obchody przeniesiono na dzie\u0144 12 pa\u017adziernika &#8211; upami\u0119tniaj\u0105c w ten spos\u00f3b chrzest bojowy 1 Dywizji Piechoty im. Tadeusza Ko\u015bciuszki w bitwie pod Lenino w 1943 roku.<br \/>\n&#8230; Nast\u0119pnie moc\u0105 ustawy z dnia 30 lipca 1992 roku, Sejm Rzeczpospolitej, ustanowi\u0142 \u015awi\u0119to Wojska Polskiego w dniu 15 sierpnia. Wtedy te\u017c po raz pierwszy odby\u0142y si\u0119 centralne obchody tej uroczysto\u015bci.<br \/>\nOd pierwszych obchod\u00f3w w tym dniu w 1923 roku, \u015bwi\u0119to to nie zosta\u0142o nigdy anulowane \u017cadnym aktem prawnym.<br \/>\nWa\u017cne jest, aby w tym dniu nie zapomnie\u0107 o \u017cadnej \u017co\u0142nierskiej mogile, r\u00f3wnie\u017c o \u017cadnym miejscu, w kt\u00f3rym bohaterscy \u017co\u0142nierze przelewali krew za nas &#8211; Polak\u00f3w. Zachowajmy pami\u0119\u0107 o tych, kt\u00f3rzy oddali \u017cycie, s\u0142u\u017c\u0105c Ojczy\u017anie.<\/p>\n","protected":false},"excerpt":{"rendered":"<p>15 sierpnia ka\u017cdego roku jest dniem szczeg\u00f3lnym dla Wojska Polskiego, a to g\u0142\u00f3wnie dlatego, \u017ce w tym dniu &#8211; w rocznic\u0119 bitwy warszawskiej 1920 roku &#8211; obchodzone jest \u015awi\u0119to Wojska Polskiego. Po odzyskaniu niepodleg\u0142o\u015bci, w okresie II Rzeczypospolitej, wojsko obchodzi\u0142o swoje pierwsze \u017co\u0142nierskie \u015bwi\u0119to 6 sierpnia 1919 roku. \u015awi\u0119to nawi\u0105zywa\u0142o do pami\u0119tnej daty wyruszenia do walki w 1914 roku Pierwszej Kompanii Kadrowej, pod dow\u00f3dztwem Komendanta J\u00f3zefa Pi\u0142sudskiego. W rocznic\u0119 Bitwy Warszawskiej (&#8222;Cudu nad Wis\u0142\u0105&#8221;), kiedy to polskie wojska zatrzyma\u0142y ofensyw\u0119 Armii Czerwonej, a bitwa przynios\u0142a prze\u0142om w wojnie polsko-bolszewickiej 1919-1920 roku, zacz\u0119to uroczy\u015bcie obchodzi\u0107 \u015awi\u0119to \u017bo\u0142nierza w 1923 roku. Wprowadzono je na rozkaz marsza\u0142ka J\u00f3zefa Pi\u0142sudskiego &#8211; rozkazem ministra spraw wojskowych nr 126 z dnia 4 sierpnia 1923 roku. W rozkazie tym pisano: &#8222;Dzie\u0144 15-go sierpnia jest \u015awi\u0119tem \u017bo\u0142nierza. W tym dniu wojsko i spo\u0142ecze\u0144stwo czci chwa\u0142\u0119 or\u0119\u017ca polskiego, kt\u00f3rej uosobieniem i wyrazem jest \u017co\u0142nierz. W rocznic\u0119 wiekopomnego rozgromienia nawa\u0142y&hellip;<\/p>\n<p> <a class=\"more-link\" href=\"http:\/\/www.franciszek-walcz.pl\/?p=24744\">Czytaj dalej<\/a><\/p>\n","protected":false},"author":1,"featured_media":0,"comment_status":"closed","ping_status":"closed","sticky":false,"template":"","format":"standard","meta":{"footnotes":""},"categories":[1],"tags":[],"class_list":{"0":"post-24744","1":"post","2":"type-post","3":"status-publish","4":"format-standard","6":"category-uncategorized"},"brizy_media":[],"_links":{"self":[{"href":"http:\/\/www.franciszek-walcz.pl\/index.php?rest_route=\/wp\/v2\/posts\/24744","targetHints":{"allow":["GET"]}}],"collection":[{"href":"http:\/\/www.franciszek-walcz.pl\/index.php?rest_route=\/wp\/v2\/posts"}],"about":[{"href":"http:\/\/www.franciszek-walcz.pl\/index.php?rest_route=\/wp\/v2\/types\/post"}],"author":[{"embeddable":true,"href":"http:\/\/www.franciszek-walcz.pl\/index.php?rest_route=\/wp\/v2\/users\/1"}],"replies":[{"embeddable":true,"href":"http:\/\/www.franciszek-walcz.pl\/index.php?rest_route=%2Fwp%2Fv2%2Fcomments&post=24744"}],"version-history":[{"count":2,"href":"http:\/\/www.franciszek-walcz.pl\/index.php?rest_route=\/wp\/v2\/posts\/24744\/revisions"}],"predecessor-version":[{"id":24746,"href":"http:\/\/www.franciszek-walcz.pl\/index.php?rest_route=\/wp\/v2\/posts\/24744\/revisions\/24746"}],"wp:attachment":[{"href":"http:\/\/www.franciszek-walcz.pl\/index.php?rest_route=%2Fwp%2Fv2%2Fmedia&parent=24744"}],"wp:term":[{"taxonomy":"category","embeddable":true,"href":"http:\/\/www.franciszek-walcz.pl\/index.php?rest_route=%2Fwp%2Fv2%2Fcategories&post=24744"},{"taxonomy":"post_tag","embeddable":true,"href":"http:\/\/www.franciszek-walcz.pl\/index.php?rest_route=%2Fwp%2Fv2%2Ftags&post=24744"}],"curies":[{"name":"wp","href":"https:\/\/api.w.org\/{rel}","templated":true}]}}