{"id":24806,"date":"2023-08-26T10:47:30","date_gmt":"2023-08-26T08:47:30","guid":{"rendered":"http:\/\/www.franciszek-walcz.pl\/?p=24806"},"modified":"2023-08-26T10:54:53","modified_gmt":"2023-08-26T08:54:53","slug":"sobota-26-sierpnia-najswietszej-maryi-panny-czestochowskiej","status":"publish","type":"post","link":"http:\/\/www.franciszek-walcz.pl\/?p=24806","title":{"rendered":"Sobota, 26 sierpnia Naj\u015bwi\u0119tszej Maryi Panny Cz\u0119stochowskiej"},"content":{"rendered":"<p class=\"western\"><span style=\"font-size: large;\">26 sierpnia oddajemy cze\u015b\u0107 Matki Bo\u017cej Cz\u0119stochowskiej.\u00a0Nasze oczy i serca kieruj\u0105 si\u0119 ku Jasnej G\u00f3rze, gdzie Polacy od wiek\u00f3w do\u015bwiadczaj\u0105 pomocy ze strony Maryi. Ten bliski zwi\u0105zek Polak\u00f3w z Jasn\u0105 G\u00f3r\u0105 i obecno\u015bci\u0105 Maryi w dziejach naszej Ojczyzny podkre\u015bli\u0142 \u015bw. Jan Pawe\u0142 II podczas pierwszej pielgrzymki do naszego kraju w s\u0142owach:<\/span><\/p>\n<p class=\"western\">\u201e<span style=\"font-size: large;\">Jasna G\u00f3ra jest sanktuarium Narodu. Trzeba przyk\u0142ada\u0107 ucho do tego \u015bwi\u0119tego Miejsca, aby czu\u0107, jak bije serce narodu w Sercu Matki. Trzeba us\u0142ysze\u0107 echo ca\u0142ego \u017cycia Narodu w Sercu jego Matki i Kr\u00f3lowej\u201d.<\/span><\/p>\n<p class=\"western\">\u00a0<span style=\"font-size: large;\">Papie\u017c nazwa\u0142 wtedy Jasn\u0105 G\u00f3r\u0119 \u201epolsk\u0105 Kan\u0105\u201d, bo tam w\u0142a\u015bnie przychodzimy, by po raz kolejny us\u0142ysze\u0107 jak s\u0142udzy na weselu w Kanie Galilejskiej:\u00a0Zr\u00f3bcie wszystko, cokolwiek [Syn m\u00f3j] wam powie\u00a0(J 2, 5). Zapytajmy, jakie przes\u0142anie przekazuje nam dzisiejsza Ewangelia?<\/span><\/p>\n<p class=\"western\"><span style=\"font-size: large;\">S\u0142owo Bo\u017ce prowadzi nas dzisiaj po raz kolejny do Kany Galilejskiej, gdzie obecna jest Maryja wraz z Jezusem. Ewangelista Jan zwraca nam uwag\u0119 na czujne oczy Matki Jezusa, kt\u00f3ra obserwuj\u0105c przebieg uroczysto\u015bci dostrzeg\u0142a ludzki niepok\u00f3j zwi\u0105zany z brakiem wina na uczcie weselnej. Nast\u0119pnie s\u0142yszymy jej troskliwe s\u0142owo skierowane do Jezusa z nadziej\u0105 na Jego interwencj\u0119. Powiadomiony przez sw\u0105 Matk\u0119 Jezus dostrzega powa\u017cne zak\u0142opotanie s\u0142u\u017c\u0105cych, kt\u00f3rzy martwi\u0105 si\u0119, \u017ce mog\u0105 pojawi\u0107 si\u0119 du\u017ce nieprzyjemno\u015bci dla gospodarzy i wstyd dla niewinnych nowo\u017ce\u0144c\u00f3w. Ale s\u0142owa skierowane przez Jezusa do swej Matki mog\u0105 zaskakiwa\u0107:\u00a0Czy jeszcze nie nadesz\u0142a godzina moja?\u00a0(J 2, 4). Jakby oczekiwa\u0142 wi\u0119kszej motywacji, dodania nowego elementu, by w zaistnia\u0142ych okoliczno\u015bciach objawi\u0107 Bo\u017c\u0105 moc. Us\u0142ysza\u0142 wtedy s\u0142owa Matki adresowane do s\u0142ug, ale przecie\u017c skierowane tak\u017ce do Niego:\u00a0Zr\u00f3bcie wszystko, cokolwiek wam powie\u00a0(J 2, 5). Te s\u0142owa Matki wzbudzi\u0142y Jego odwag\u0119. Podj\u0105\u0142 zatem pe\u0142ne Bo\u017cej mocy dzia\u0142anie, kt\u00f3re sprawi\u0142o, \u017ce woda sta\u0142a si\u0119 winem.<\/span><\/p>\n<p class=\"western\"><span style=\"font-size: large;\">Zwr\u00f3\u0107my uwag\u0119 na to, \u017ce opr\u00f3cz czujnych oczu i troskliwego s\u0142owa Matki do spe\u0142nienia tego cudu potrzebny by\u0142 trzeci element tego wydarzenia, a mianowicie pracowite r\u0119ce s\u0142ug. To one nape\u0142ni\u0142y st\u0105gwie wod\u0105, a p\u00f3\u017aniej rozla\u0142y ze st\u0105gwi do dzban\u00f3w wino lepsze ni\u017c oczekiwano. Nowo\u017ce\u0144cy i ich reputacja zostali uratowani.<\/span><\/p>\n<p class=\"western\"><span style=\"font-size: large;\">Jaka nauka p\u0142ynie z tej Ewangelii dla nas? Maryja dzi\u0119ki swej matczynej wra\u017cliwo\u015bci i czujnym oczom dostrzega ludzkie potrzeby, zwraca si\u0119 z troskliwym s\u0142owem do Jezusa i wskazuje, \u017ce u Niego jest ich rozwi\u0105zanie. Zaprasza te\u017c nas do wsp\u00f3\u0142pracy z Jezusem. Tak oto tworzy si\u0119 \u017cyciowy \u0142a\u0144cuch czujnych oczu, troskliwego s\u0142owa i pracowitych r\u0105k. Takiego sposobu patrzenia, zrozumienia i wsp\u00f3\u0142pracy potrzeba nam dzisiaj w \u017cyciu osobistym, w rodzinach i w naszej Ojczy\u017anie.<\/span><\/p>\n<p class=\"western\">\u00a0<span style=\"font-size: large;\">W jasnog\u00f3rskiej ikonie Maryja, do kt\u00f3rej przybywaj\u0105 rodacy, podpowiada nam to samo, co w Kanie. Pokazuje nam swego Syna, m\u00f3wi\u0105c, \u017ce to On jest najwa\u017cniejszy, \u017ce u Niego jest \u017ar\u00f3d\u0142o naszej si\u0142y.\u00a0W dziejach naszej Ojczyzny do\u015bwiadczali\u015bmy wiele razy Jej niezwyk\u0142ych interwencji, kt\u00f3re by\u0142y przejawem wra\u017cliwego serca i czujnych oczu Matki, kt\u00f3ra z delikatnym s\u0142owem zwraca\u0142a si\u0119 do Syna:\u00a0Wina nie maj\u0105\u00a0(J 2, 3). R\u00f3wnie\u017c dzi\u015b wielu ludzi przychodz\u0105c na Jasn\u0105 G\u00f3r\u0119 przedstawia Jej swoje potrzeby ufaj\u0105c we wstawiennictwo u Syna. Licz\u0105 na skuteczn\u0105 pomoc swej duchowej Matki. A Ona z pewno\u015bci\u0105 opr\u00f3cz wypowiedzenia troskliwego s\u0142owa chce nas te\u017c zach\u0119ci\u0107 do wsp\u00f3\u0142pracy, aby\u015bmy zaanga\u017cowali nasze r\u0119ce ch\u0119tnie spe\u0142niaj\u0105c s\u0142owa Jezusa.<\/span><\/p>\n<p class=\"western\"><span style=\"font-size: large;\">W ten spos\u00f3b woda naszej trudnej codzienno\u015bci mo\u017ce zosta\u0107 przemieniona w wino radosnego \u015bwi\u0119towania wielkich dzie\u0142 Bo\u017cych, kt\u00f3rych Jezus nieustannie dokonuje w \u017cyciu poszczeg\u00f3lnych os\u00f3b i ca\u0142ego narodu.<\/span><\/p>\n","protected":false},"excerpt":{"rendered":"<p>26 sierpnia oddajemy cze\u015b\u0107 Matki Bo\u017cej Cz\u0119stochowskiej.\u00a0Nasze oczy i serca kieruj\u0105 si\u0119 ku Jasnej G\u00f3rze, gdzie Polacy od wiek\u00f3w do\u015bwiadczaj\u0105 pomocy ze strony Maryi. Ten bliski zwi\u0105zek Polak\u00f3w z Jasn\u0105 G\u00f3r\u0105 i obecno\u015bci\u0105 Maryi w dziejach naszej Ojczyzny podkre\u015bli\u0142 \u015bw. Jan Pawe\u0142 II podczas pierwszej pielgrzymki do naszego kraju w s\u0142owach: \u201eJasna G\u00f3ra jest sanktuarium Narodu. Trzeba przyk\u0142ada\u0107 ucho do tego \u015bwi\u0119tego Miejsca, aby czu\u0107, jak bije serce narodu w Sercu Matki. Trzeba us\u0142ysze\u0107 echo ca\u0142ego \u017cycia Narodu w Sercu jego Matki i Kr\u00f3lowej\u201d. \u00a0Papie\u017c nazwa\u0142 wtedy Jasn\u0105 G\u00f3r\u0119 \u201epolsk\u0105 Kan\u0105\u201d, bo tam w\u0142a\u015bnie przychodzimy, by po raz kolejny us\u0142ysze\u0107 jak s\u0142udzy na weselu w Kanie Galilejskiej:\u00a0Zr\u00f3bcie wszystko, cokolwiek [Syn m\u00f3j] wam powie\u00a0(J 2, 5). Zapytajmy, jakie przes\u0142anie przekazuje nam dzisiejsza Ewangelia? S\u0142owo Bo\u017ce prowadzi nas dzisiaj po raz kolejny do Kany Galilejskiej, gdzie obecna jest Maryja wraz z Jezusem. Ewangelista Jan zwraca nam uwag\u0119 na czujne oczy Matki Jezusa,&hellip;<\/p>\n<p> <a class=\"more-link\" href=\"http:\/\/www.franciszek-walcz.pl\/?p=24806\">Czytaj dalej<\/a><\/p>\n","protected":false},"author":1,"featured_media":0,"comment_status":"closed","ping_status":"closed","sticky":false,"template":"","format":"standard","meta":{"footnotes":""},"categories":[5],"tags":[],"class_list":{"0":"post-24806","1":"post","2":"type-post","3":"status-publish","4":"format-standard","6":"category-artykuly"},"brizy_media":[],"_links":{"self":[{"href":"http:\/\/www.franciszek-walcz.pl\/index.php?rest_route=\/wp\/v2\/posts\/24806","targetHints":{"allow":["GET"]}}],"collection":[{"href":"http:\/\/www.franciszek-walcz.pl\/index.php?rest_route=\/wp\/v2\/posts"}],"about":[{"href":"http:\/\/www.franciszek-walcz.pl\/index.php?rest_route=\/wp\/v2\/types\/post"}],"author":[{"embeddable":true,"href":"http:\/\/www.franciszek-walcz.pl\/index.php?rest_route=\/wp\/v2\/users\/1"}],"replies":[{"embeddable":true,"href":"http:\/\/www.franciszek-walcz.pl\/index.php?rest_route=%2Fwp%2Fv2%2Fcomments&post=24806"}],"version-history":[{"count":1,"href":"http:\/\/www.franciszek-walcz.pl\/index.php?rest_route=\/wp\/v2\/posts\/24806\/revisions"}],"predecessor-version":[{"id":24807,"href":"http:\/\/www.franciszek-walcz.pl\/index.php?rest_route=\/wp\/v2\/posts\/24806\/revisions\/24807"}],"wp:attachment":[{"href":"http:\/\/www.franciszek-walcz.pl\/index.php?rest_route=%2Fwp%2Fv2%2Fmedia&parent=24806"}],"wp:term":[{"taxonomy":"category","embeddable":true,"href":"http:\/\/www.franciszek-walcz.pl\/index.php?rest_route=%2Fwp%2Fv2%2Fcategories&post=24806"},{"taxonomy":"post_tag","embeddable":true,"href":"http:\/\/www.franciszek-walcz.pl\/index.php?rest_route=%2Fwp%2Fv2%2Ftags&post=24806"}],"curies":[{"name":"wp","href":"https:\/\/api.w.org\/{rel}","templated":true}]}}